{"id":9087,"date":"2025-08-06T13:47:21","date_gmt":"2025-08-06T11:47:21","guid":{"rendered":"https:\/\/umoove.art\/?p=9087"},"modified":"2025-08-06T22:21:00","modified_gmt":"2025-08-06T20:21:00","slug":"le-temps-daimer-la-danse-2025","status":"publish","type":"post","link":"https:\/\/umoove.art\/index.php\/2025\/08\/06\/le-temps-daimer-la-danse-2025\/","title":{"rendered":"Le temps d&rsquo;aimer la danse 2025"},"content":{"rendered":"\t\t<div data-elementor-type=\"wp-post\" data-elementor-id=\"9087\" class=\"elementor elementor-9087\" data-elementor-post-type=\"post\">\n\t\t\t\t\t\t\t\t\t<section class=\"elementor-section elementor-top-section elementor-element elementor-element-304ad1e elementor-section-boxed elementor-section-height-default elementor-section-height-default\" data-id=\"304ad1e\" data-element_type=\"section\">\n\t\t\t\t\t\t<div class=\"elementor-container elementor-column-gap-default\">\n\t\t\t\t\t<div class=\"elementor-column elementor-col-100 elementor-top-column elementor-element elementor-element-27aa224\" data-id=\"27aa224\" data-element_type=\"column\">\n\t\t\t<div class=\"elementor-widget-wrap elementor-element-populated\">\n\t\t\t\t\t\t\t\t<div class=\"elementor-element elementor-element-6c9ce7e elementor-widget elementor-widget-image\" data-id=\"6c9ce7e\" data-element_type=\"widget\" data-widget_type=\"image.default\">\n\t\t\t\t<div class=\"elementor-widget-container\">\n\t\t\t<style>\/*! elementor - v3.14.0 - 26-06-2023 *\/\n.elementor-widget-image{text-align:center}.elementor-widget-image a{display:inline-block}.elementor-widget-image a img[src$=\".svg\"]{width:48px}.elementor-widget-image img{vertical-align:middle;display:inline-block}<\/style>\t\t\t\t\t\t\t\t\t\t\t\t<img decoding=\"async\" src=\"http:\/\/umoove.art\/wp-content\/uploads\/2025\/08\/D.A.N.S.E.R.jpg\" title=\"\" alt=\"\" loading=\"lazy\" \/>\t\t\t\t\t\t\t\t\t\t\t\t\t\t\t<\/div>\n\t\t\t\t<\/div>\n\t\t\t\t\t<\/div>\n\t\t<\/div>\n\t\t\t\t\t\t\t<\/div>\n\t\t<\/section>\n\t\t\t\t<section class=\"elementor-section elementor-top-section elementor-element elementor-element-9d07ab4 elementor-section-boxed elementor-section-height-default elementor-section-height-default\" data-id=\"9d07ab4\" data-element_type=\"section\">\n\t\t\t\t\t\t<div class=\"elementor-container elementor-column-gap-default\">\n\t\t\t\t\t<div class=\"elementor-column elementor-col-100 elementor-top-column elementor-element elementor-element-ae0e9d5\" data-id=\"ae0e9d5\" data-element_type=\"column\">\n\t\t\t<div class=\"elementor-widget-wrap elementor-element-populated\">\n\t\t\t\t\t\t\t\t<div class=\"elementor-element elementor-element-8b7bdd6 elementor-widget elementor-widget-heading\" data-id=\"8b7bdd6\" data-element_type=\"widget\" data-widget_type=\"heading.default\">\n\t\t\t\t<div class=\"elementor-widget-container\">\n\t\t\t<style>\/*! elementor - v3.14.0 - 26-06-2023 *\/\n.elementor-heading-title{padding:0;margin:0;line-height:1}.elementor-widget-heading .elementor-heading-title[class*=elementor-size-]>a{color:inherit;font-size:inherit;line-height:inherit}.elementor-widget-heading .elementor-heading-title.elementor-size-small{font-size:15px}.elementor-widget-heading .elementor-heading-title.elementor-size-medium{font-size:19px}.elementor-widget-heading .elementor-heading-title.elementor-size-large{font-size:29px}.elementor-widget-heading .elementor-heading-title.elementor-size-xl{font-size:39px}.elementor-widget-heading .elementor-heading-title.elementor-size-xxl{font-size:59px}<\/style><h2 class=\"elementor-heading-title elementor-size-default\">Le temps d\u2019aimer la danse, entre \u00e9lans chor\u00e9graphiques et vibrant adieu<\/h2>\t\t<\/div>\n\t\t\t\t<\/div>\n\t\t\t\t\t<\/div>\n\t\t<\/div>\n\t\t\t\t\t\t\t<\/div>\n\t\t<\/section>\n\t\t\t\t<section class=\"elementor-section elementor-top-section elementor-element elementor-element-6ad07bd elementor-section-boxed elementor-section-height-default elementor-section-height-default\" data-id=\"6ad07bd\" data-element_type=\"section\">\n\t\t\t\t\t\t<div class=\"elementor-container elementor-column-gap-default\">\n\t\t\t\t\t<div class=\"elementor-column elementor-col-100 elementor-top-column elementor-element elementor-element-790ef71\" data-id=\"790ef71\" data-element_type=\"column\">\n\t\t\t<div class=\"elementor-widget-wrap elementor-element-populated\">\n\t\t\t\t\t\t\t\t<div class=\"elementor-element elementor-element-9738407 elementor-widget elementor-widget-text-editor\" data-id=\"9738407\" data-element_type=\"widget\" data-widget_type=\"text-editor.default\">\n\t\t\t\t<div class=\"elementor-widget-container\">\n\t\t\t<style>\/*! elementor - v3.14.0 - 26-06-2023 *\/\n.elementor-widget-text-editor.elementor-drop-cap-view-stacked .elementor-drop-cap{background-color:#69727d;color:#fff}.elementor-widget-text-editor.elementor-drop-cap-view-framed .elementor-drop-cap{color:#69727d;border:3px solid;background-color:transparent}.elementor-widget-text-editor:not(.elementor-drop-cap-view-default) .elementor-drop-cap{margin-top:8px}.elementor-widget-text-editor:not(.elementor-drop-cap-view-default) .elementor-drop-cap-letter{width:1em;height:1em}.elementor-widget-text-editor .elementor-drop-cap{float:left;text-align:center;line-height:1;font-size:50px}.elementor-widget-text-editor .elementor-drop-cap-letter{display:inline-block}<\/style>\t\t\t\t<h3><strong>Du 5 au 15 septembre, la 35e \u00e9dition du festival <em>Le temps d\u2019aimer la danse<\/em> proposera 75 rendez-vous dans 17 villes, marquant une expansion in\u00e9dite. De Barcus \u00e0 Biarritz, la danse investira sc\u00e8nes et lieux insolites, de la Gare du Midi \u00e0 la salle de l\u2019Atalaye. Forte de ses 35 000 spectateurs en 2024, la manifestation poursuit sa dynamique en alliant proximit\u00e9 avec le public et souci \u00e9cologique. Nos immanquables de cette \u00e9dition.<\/strong><\/h3>\n<p>Depuis trente-cinq \u00e9t\u00e9s, Biarritz vibre au rythme du festival <em>Le Temps d\u2019Aimer la Danse<\/em>, \u00e9v\u00e9nement rare par son ampleur territoriale, son exigence artistique et l\u2019adh\u00e9sion populaire qu\u2019il suscite. De ville en ville, de sc\u00e8ne en place, c\u2019est une vaste cartographie chor\u00e9graphique qui se d\u00e9ploie entre Pays Basque nord et sud jusqu\u2019au B\u00e9arn. Un festival g\u00e9n\u00e9reux, solidement ancr\u00e9 et joyeusement ouvert. Cette ann\u00e9e, l\u2019\u00e9dition 2025 s\u2019annonce plus foisonnante que jamais. 23 compagnies en salle, 37 repr\u00e9sentations, 75 \u00e9v\u00e9nements dont 34 gratuits, et une pr\u00e9sence dans 17 communes, dont quatre nouvelles venues (Hendaye, Barcus, Itxassou, Hasparren). Autant dire que la danse ne se contente pas de tourner sur elle-m\u00eame \u00e0 Biarritz : elle rayonne.<\/p>\n<p>\u00c0 la barre, toujours, <b>Thierry Malandain<\/b>. Chor\u00e9graphe rigoureux et po\u00e8te du geste, il signe cette ann\u00e9e une avant-derni\u00e8re programmation en tant que directeur du Centre Chor\u00e9graphique National Ballet Biarritz (NDLR:&nbsp;<span style=\"color: rgb(29, 29, 29); font-family: &quot;Helvetica Neue&quot;, Helvetica, Arial, sans-serif; font-size: small;\">Il dirige le CCN jusqu&rsquo;au 31 d\u00e9cembre 2026,<\/span><span style=\"font-style: inherit; font-weight: inherit; color: rgb(29, 29, 29); font-family: &quot;Helvetica Neue&quot;, Helvetica, Arial, sans-serif; font-size: small;\">&nbsp;Martin Harriague lui succ\u00e8de le 1er janvier 2027)<\/span><span style=\"font-style: inherit; font-weight: inherit;\">. Ce d\u00e9part n\u2019a rien d\u2019un cr\u00e9puscule : c\u2019est un chant d\u2019aurore port\u00e9 par une \u00e9dition ambitieuse, g\u00e9n\u00e9reuse et profond\u00e9ment enracin\u00e9e.<\/span><\/p>\n<h4><strong>Une vitrine pour les danses, toutes les danses<\/strong><\/h4>\n<p>Le<em>Temps d\u2019Aimer<\/em> 2025 s\u2019orchestre autour de quatre axes th\u00e9matiques qui tracent les lignes d\u2019une programmation aussi savante qu\u2019intuitive : les acad\u00e9miciens, les ballets europ\u00e9ens, les compagnies du territoire, et la danse comme terrain de conversations. Moment fort et in\u00e9dit : la r\u00e9union des quatre acad\u00e9miciens de la section chor\u00e9graphique de l\u2019Acad\u00e9mie des Beaux-Arts. Une sc\u00e8ne fran\u00e7aise r\u00e9unie sous le signe de la transmission, de l\u2019excellence et de la diversit\u00e9 des \u00e9critures.<\/p>\n<p>C\u00f4t\u00e9 compagnies, c\u2019est une danse qui vient de partout \u2014 des grandes institutions aux sc\u00e8nes \u00e9mergentes, du hip hop aux n\u00e9o-classiques \u2014 mais qui sait aussi faire place aux artistes d\u2019ici. Une mise en lumi\u00e8re salu\u00e9e par l\u2019institut Etxepare, avec le programme <em>\u00c7a colle au basque !<\/em>, qui consacre huit compagnies du territoire et favorise la rencontre entre artistes, programmateurs et presse.<\/p>\n<h4><strong>Ballets de m\u00e9moires et de pulsations<\/strong><\/h4>\n<p>L\u2019ouverture du festival donne le ton avec <em>La Chambre d\u2019amour<\/em> de Thierry Malandain, remont\u00e9e pour l\u2019occasion. Cette pi\u00e8ce, la premi\u00e8re qu\u2019il cr\u00e9a \u00e0 son arriv\u00e9e \u00e0 Biarritz en 2000, r\u00e9sonne comme un hommage \u00e0 une terre d\u2019accueil et d\u2019inspiration. Un cycle qui se referme en beaut\u00e9, face \u00e0 l\u2019oc\u00e9an.<\/p>\n<p>Autre moment de transmission vive : <em>Une passion d\u00e9voil\u00e9e<\/em> du duo <b>Brumachon-Lamarche<\/b>. Une travers\u00e9e touchante de quarante ann\u00e9es de danse contemporaine, racont\u00e9e en duo, entre humour et m\u00e9moire vive. Et comme un feu d\u2019artifice d\u2019adieux, ils pr\u00e9sentent <em>Hors norme<\/em>, ultime pi\u00e8ce de leur r\u00e9pertoire. Une c\u00e9l\u00e9bration dans\u00e9e, intense, incandescente, avec les interpr\u00e8tes de toujours.<\/p>\n<p>Le festival se fait aussi le t\u00e9moin d\u2019un monde en friction. Dans <em>America<\/em>, <b>Martin Harriague<\/b> tisse une fresque mordante sur le r\u00eave am\u00e9ricain, port\u00e9e par la fougue du Ballet de l\u2019Op\u00e9ra Grand Avignon, entre Nina Simone et Killswitch Engage. <b>Carolyn Carlson<\/b>, elle, livre avec <em>The Tree<\/em> un chant d\u2019amour au vivant. Une derni\u00e8re cr\u00e9ation pour sa compagnie, d\u2019une po\u00e9sie graphique saisissante, entre feu et encre.<\/p>\n<h4><strong>Un monde de danses \u00e0 converser<\/strong><\/h4>\n<p>Ce <em>Temps d\u2019Aimer<\/em> est aussi celui de la conversation. <b>Kukai Dantza, Jon Maya <\/b>et<b> Jes\u00fas Rubio Gamo<\/b> font r\u00e9sonner la txalaparta basque dans une \u00e9criture percussive et volatile. Le <b>collectif HEDO<\/b>, guadeloup\u00e9en, dialogue avec le compositeur Kristof Hiriart autour du th\u00e8me du \u00ab d\u00e9part contraint \u00bb, dans <em>Dousl\u00e8t<\/em>, pi\u00e8ce douce-am\u00e8re n\u00e9e d\u2019une coop\u00e9ration entre artistes carib\u00e9ens et basques.<\/p>\n<p>Dantzaz, fabrique chor\u00e9graphique du Pays Basque, s\u2019ouvre \u00e0 trois voix du monde : <b>Paolo Mohovic, Jacek Przybylowicz, Gil Harush<\/b>. Ensemble, ils livrent un portrait chor\u00e9graphique pluriel du territoire, travers\u00e9 par l\u2019Oc\u00e9an, les rites, les paysages, les voix.<\/p>\n<p>C\u00f4t\u00e9 prestige, le<b> London City Ballet<\/b>, ressuscit\u00e9 sous la houlette de <b>Christopher Marney<\/b> (ancien du Ballet Biarritz), retrouve la sc\u00e8ne internationale apr\u00e8s trente ans d\u2019absence. \u00c0 la Gare du Midi, la compagnie offre une soir\u00e9e virtuose aux parfums de Balanchine, MacMillan, Ratmansky et Scarlett. L\u2019h\u00e9ritage est vivant, lumineux.<\/p>\n<h4><strong>Une r\u00e9v\u00e9rence sign\u00e9e Preljocaj<\/strong><\/h4>\n<p>Enfin, pour cl\u00f4turer cette \u00e9dition, <em>Requiem(s)<\/em> d\u2019<b>Angelin Preljocaj.<\/b> Deux soir\u00e9es comme deux veill\u00e9es chor\u00e9graphiques. Le deuil y est mati\u00e8re \u00e0 \u00e9l\u00e9vation. Port\u00e9 par les musiques de Mozart, Bach, Ligeti, et par les 19 danseurs du Ballet Preljocaj, ce double requiem s\u2019avance en somptueux hommage \u00e0 la vie, \u00e0 l\u2019art, \u00e0 la disparition.<\/p>\n<p><strong style=\"font-style: inherit;\">C\u00e9dric Chaory<\/strong><\/p>\n<p><strong>\u00a9 Julien Palus<\/strong><\/p>\n<p><a href=\"https:\/\/www.letempsdaimer.com\/\">Festival le Temps d&rsquo;Aimer la danse &#8211; Biarritz<\/a><\/p>\n<p><strong>&nbsp;<\/strong><\/p>\n<p><strong>&nbsp;<\/strong><\/p>\t\t\t\t\t\t<\/div>\n\t\t\t\t<\/div>\n\t\t\t\t\t<\/div>\n\t\t<\/div>\n\t\t\t\t\t\t\t<\/div>\n\t\t<\/section>\n\t\t\t\t\t\t\t<\/div>\n\t\t","protected":false},"excerpt":{"rendered":"<p>Le temps d\u2019aimer la danse, entre \u00e9lans chor\u00e9graphiques et vibrant adieu Du 5 au 15 septembre, la 35e \u00e9dition du festival Le temps d\u2019aimer la danse proposera 75 rendez-vous dans 17 villes, marquant une expansion in\u00e9dite. De Barcus \u00e0 Biarritz, la danse investira sc\u00e8nes et lieux insolites, de la Gare du Midi \u00e0 la salle &hellip;<\/p>\n<p class=\"read-more\"> <a class=\"\" href=\"https:\/\/umoove.art\/index.php\/2025\/08\/06\/le-temps-daimer-la-danse-2025\/\"> <span class=\"screen-reader-text\">Le temps d&rsquo;aimer la danse 2025<\/span> Lire la suite\u00a0\u00bb<\/a><\/p>\n","protected":false},"author":1,"featured_media":0,"comment_status":"closed","ping_status":"closed","sticky":false,"template":"","format":"standard","meta":{"site-sidebar-layout":"default","site-content-layout":"default","ast-global-header-display":"","ast-banner-title-visibility":"","ast-main-header-display":"","ast-hfb-above-header-display":"","ast-hfb-below-header-display":"","ast-hfb-mobile-header-display":"","site-post-title":"","ast-breadcrumbs-content":"","ast-featured-img":"","footer-sml-layout":"","theme-transparent-header-meta":"","adv-header-id-meta":"","stick-header-meta":"","header-above-stick-meta":"","header-main-stick-meta":"","header-below-stick-meta":"","footnotes":""},"categories":[52],"tags":[85,258,255,250,256,254,257,202],"class_list":["post-9087","post","type-post","status-publish","format-standard","hentry","category-annonce","tag-angelin-preljocaj","tag-bianca-li","tag-biarritz","tag-carolyn-carlson","tag-collectif-hedo","tag-le-temps-daimer-la-danse","tag-martin-harriague","tag-thierry-malandain"],"aioseo_notices":[],"_links":{"self":[{"href":"https:\/\/umoove.art\/index.php\/wp-json\/wp\/v2\/posts\/9087","targetHints":{"allow":["GET"]}}],"collection":[{"href":"https:\/\/umoove.art\/index.php\/wp-json\/wp\/v2\/posts"}],"about":[{"href":"https:\/\/umoove.art\/index.php\/wp-json\/wp\/v2\/types\/post"}],"author":[{"embeddable":true,"href":"https:\/\/umoove.art\/index.php\/wp-json\/wp\/v2\/users\/1"}],"replies":[{"embeddable":true,"href":"https:\/\/umoove.art\/index.php\/wp-json\/wp\/v2\/comments?post=9087"}],"version-history":[{"count":13,"href":"https:\/\/umoove.art\/index.php\/wp-json\/wp\/v2\/posts\/9087\/revisions"}],"predecessor-version":[{"id":9130,"href":"https:\/\/umoove.art\/index.php\/wp-json\/wp\/v2\/posts\/9087\/revisions\/9130"}],"wp:attachment":[{"href":"https:\/\/umoove.art\/index.php\/wp-json\/wp\/v2\/media?parent=9087"}],"wp:term":[{"taxonomy":"category","embeddable":true,"href":"https:\/\/umoove.art\/index.php\/wp-json\/wp\/v2\/categories?post=9087"},{"taxonomy":"post_tag","embeddable":true,"href":"https:\/\/umoove.art\/index.php\/wp-json\/wp\/v2\/tags?post=9087"}],"curies":[{"name":"wp","href":"https:\/\/api.w.org\/{rel}","templated":true}]}}