{"id":8759,"date":"2025-06-30T18:25:14","date_gmt":"2025-06-30T16:25:14","guid":{"rendered":"https:\/\/umoove.art\/?p=8759"},"modified":"2025-08-20T15:53:06","modified_gmt":"2025-08-20T13:53:06","slug":"espaces-pluriels-saison-danse-25-26","status":"publish","type":"post","link":"https:\/\/umoove.art\/index.php\/2025\/06\/30\/espaces-pluriels-saison-danse-25-26\/","title":{"rendered":"Espaces Pluriels, saison danse 25\/26"},"content":{"rendered":"\t\t<div data-elementor-type=\"wp-post\" data-elementor-id=\"8759\" class=\"elementor elementor-8759\" data-elementor-post-type=\"post\">\n\t\t\t\t\t\t\t\t\t<section class=\"elementor-section elementor-top-section elementor-element elementor-element-5b40c48 elementor-section-boxed elementor-section-height-default elementor-section-height-default\" data-id=\"5b40c48\" data-element_type=\"section\">\n\t\t\t\t\t\t<div class=\"elementor-container elementor-column-gap-default\">\n\t\t\t\t\t<div class=\"elementor-column elementor-col-100 elementor-top-column elementor-element elementor-element-6323439\" data-id=\"6323439\" data-element_type=\"column\">\n\t\t\t<div class=\"elementor-widget-wrap elementor-element-populated\">\n\t\t\t\t\t\t\t\t<div class=\"elementor-element elementor-element-438f1a6 elementor-widget elementor-widget-image\" data-id=\"438f1a6\" data-element_type=\"widget\" data-widget_type=\"image.default\">\n\t\t\t\t<div class=\"elementor-widget-container\">\n\t\t\t<style>\/*! elementor - v3.14.0 - 26-06-2023 *\/\n.elementor-widget-image{text-align:center}.elementor-widget-image a{display:inline-block}.elementor-widget-image a img[src$=\".svg\"]{width:48px}.elementor-widget-image img{vertical-align:middle;display:inline-block}<\/style>\t\t\t\t\t\t\t\t\t\t\t\t<img loading=\"lazy\" decoding=\"async\" width=\"768\" height=\"614\" src=\"https:\/\/umoove.art\/wp-content\/uploads\/2025\/06\/D.A.N.S.E.R-1-2-768x614.jpg\" class=\"attachment-medium_large size-medium_large wp-image-8745\" alt=\"\" srcset=\"https:\/\/umoove.art\/wp-content\/uploads\/2025\/06\/D.A.N.S.E.R-1-2-768x614.jpg 768w, https:\/\/umoove.art\/wp-content\/uploads\/2025\/06\/D.A.N.S.E.R-1-2-300x240.jpg 300w, https:\/\/umoove.art\/wp-content\/uploads\/2025\/06\/D.A.N.S.E.R-1-2-1024x819.jpg 1024w, https:\/\/umoove.art\/wp-content\/uploads\/2025\/06\/D.A.N.S.E.R-1-2-1536x1229.jpg 1536w, https:\/\/umoove.art\/wp-content\/uploads\/2025\/06\/D.A.N.S.E.R-1-2.jpg 2000w\" sizes=\"auto, (max-width: 768px) 100vw, 768px\" \/>\t\t\t\t\t\t\t\t\t\t\t\t\t\t\t<\/div>\n\t\t\t\t<\/div>\n\t\t\t\t\t<\/div>\n\t\t<\/div>\n\t\t\t\t\t\t\t<\/div>\n\t\t<\/section>\n\t\t\t\t<section class=\"elementor-section elementor-top-section elementor-element elementor-element-035e77b elementor-section-boxed elementor-section-height-default elementor-section-height-default\" data-id=\"035e77b\" data-element_type=\"section\">\n\t\t\t\t\t\t<div class=\"elementor-container elementor-column-gap-default\">\n\t\t\t\t\t<div class=\"elementor-column elementor-col-100 elementor-top-column elementor-element elementor-element-b644739\" data-id=\"b644739\" data-element_type=\"column\">\n\t\t\t<div class=\"elementor-widget-wrap elementor-element-populated\">\n\t\t\t\t\t\t\t\t<div class=\"elementor-element elementor-element-0e3747b elementor-widget elementor-widget-heading\" data-id=\"0e3747b\" data-element_type=\"widget\" data-widget_type=\"heading.default\">\n\t\t\t\t<div class=\"elementor-widget-container\">\n\t\t\t<style>\/*! elementor - v3.14.0 - 26-06-2023 *\/\n.elementor-heading-title{padding:0;margin:0;line-height:1}.elementor-widget-heading .elementor-heading-title[class*=elementor-size-]>a{color:inherit;font-size:inherit;line-height:inherit}.elementor-widget-heading .elementor-heading-title.elementor-size-small{font-size:15px}.elementor-widget-heading .elementor-heading-title.elementor-size-medium{font-size:19px}.elementor-widget-heading .elementor-heading-title.elementor-size-large{font-size:29px}.elementor-widget-heading .elementor-heading-title.elementor-size-xl{font-size:39px}.elementor-widget-heading .elementor-heading-title.elementor-size-xxl{font-size:59px}<\/style><h2 class=\"elementor-heading-title elementor-size-default\">Espaces Pluriels, toutes les danses <\/h2>\t\t<\/div>\n\t\t\t\t<\/div>\n\t\t\t\t\t<\/div>\n\t\t<\/div>\n\t\t\t\t\t\t\t<\/div>\n\t\t<\/section>\n\t\t\t\t<section class=\"elementor-section elementor-top-section elementor-element elementor-element-e676718 elementor-section-boxed elementor-section-height-default elementor-section-height-default\" data-id=\"e676718\" data-element_type=\"section\">\n\t\t\t\t\t\t<div class=\"elementor-container elementor-column-gap-default\">\n\t\t\t\t\t<div class=\"elementor-column elementor-col-100 elementor-top-column elementor-element elementor-element-5d20156\" data-id=\"5d20156\" data-element_type=\"column\">\n\t\t\t<div class=\"elementor-widget-wrap elementor-element-populated\">\n\t\t\t\t\t\t\t\t<div class=\"elementor-element elementor-element-cd1f5f7 elementor-widget elementor-widget-text-editor\" data-id=\"cd1f5f7\" data-element_type=\"widget\" data-widget_type=\"text-editor.default\">\n\t\t\t\t<div class=\"elementor-widget-container\">\n\t\t\t<style>\/*! elementor - v3.14.0 - 26-06-2023 *\/\n.elementor-widget-text-editor.elementor-drop-cap-view-stacked .elementor-drop-cap{background-color:#69727d;color:#fff}.elementor-widget-text-editor.elementor-drop-cap-view-framed .elementor-drop-cap{color:#69727d;border:3px solid;background-color:transparent}.elementor-widget-text-editor:not(.elementor-drop-cap-view-default) .elementor-drop-cap{margin-top:8px}.elementor-widget-text-editor:not(.elementor-drop-cap-view-default) .elementor-drop-cap-letter{width:1em;height:1em}.elementor-widget-text-editor .elementor-drop-cap{float:left;text-align:center;line-height:1;font-size:50px}.elementor-widget-text-editor .elementor-drop-cap-letter{display:inline-block}<\/style>\t\t\t\t<h3>Christophe Chanut signe pour Espaces Pluriels, sc\u00e8ne conventionn\u00e9e de Pau une saison danse de haute intensit\u00e9, vaste terrain de jeux pour les corps, les imaginaires et la f\u00eate collective. D\u00e9tail d\u2019une programmation dense.<\/h3>\n<p>Il fallait bien la puissance du plateau du Z\u00e9nith pour ouvrir ce cycle incandescent : le CCN \u2013 Ballet de Lorraine y d\u00e9ploie vingt-quatre danseur\u00b7euse\u00b7s \u00e0 l\u2019\u00e9nergie in\u00e9puisable dans <em>Static Shot<\/em> de<b> Maud Le Pladec<\/b> et <em>A Folia<\/em> de <b>Marco da Silva Ferreira<\/b>. \u00c0 la t\u00eate du Ballet de Lorraine depuis janvier, Maud Le Pladec signe une pi\u00e8ce \u00e0 la crois\u00e9e du cin\u00e9ma et de la danse, o\u00f9 les corps montent comme une vague et retombent sans jamais rompre la tension. Marco da Silva Ferreira, quant \u00e0 lui, propulse une f\u00eate tribale d\u2019inspiration portugaise, r\u00e9inventant la <em>Folia<\/em> Renaissance en transe contemporaine. Battements de pieds, battle, clubbing, \u00e9lectro : la joie y est un cri collectif, un h\u00e9ritage en mutation.<\/p>\n<h4>Sylvain Huc au fil de la saison<\/h4>\n<p>Au-del\u00e0 du grand plateau, la danse prend possession de la ville. Place R\u00e9caborde, la Block Party orchestr\u00e9e par <b>Jann Gallois<\/b> est une promesse de f\u00eate : apr\u00e8s le souffle brut des jeunes danseur\u00b7euse\u00b7s form\u00e9\u00b7e\u00b7s par <b>Sylvain Huc<\/b> \u2013 artiste de compagnonnage en cette saison &#8211; sur <em>In Between<\/em>, les pas de break et de popping se partagent au grand air. Ici, toutes les g\u00e9n\u00e9rations se retrouvent pour go\u00fbter aux racines du hip-hop, sous l\u2019\u0153il expert de <b>Claire Moineau et Razy Essid<\/b>, galvanis\u00e9s par les mix de DJ Davy Jones.<\/p>\n<p>Au fil des mois, chaque projet chor\u00e9graphique propos\u00e9 est une perc\u00e9e sensorielle. <b>MazelFreten<\/b>, fer de lance de la sc\u00e8ne \u00e9lectro, revient \u00e0 Pau avec <em>Rave Lucid<\/em> : dix danseur\u00b7euse\u00b7s capturent la rage et la communion des raves. Leurs bras tracent des lignes vives comme des n\u00e9ons dans la nuit, la sueur devient manifeste politique et po\u00e8me collectif. M\u00eame puissance de contestation chez <b>Hillel Kogan et Mijal Natan<\/b> avec <em>Thisispain<\/em>, un duo flamboyant o\u00f9 flamenco et clich\u00e9s ib\u00e9riques se m\u00ealent \u00e0 un humour corrosif. Les corps y sont satire, trag\u00e9die, carnaval.<\/p>\n<p>Sur un versant plus intime, <em>Hold Fast<\/em> r\u00e9unit <b>Marion Alzieu<\/b> et le krumper <b>Micka\u00ebl Florestan<\/b> pour un dialogue tendu entre la danse contemporaine et l\u2019ardeur visc\u00e9rale du krump. Les gestes s\u2019y d\u00e9battent avec tendresse et d\u00e9fi, transformant l\u2019obstination en acte de consolation. \u00c0 l\u2019oppos\u00e9, Sylvain Huc expose dans <em>Sujets<\/em> la nudit\u00e9 comme mati\u00e8re et fragile territoire. Les interpr\u00e8tes, port\u00e9s par la musique hypnotique d\u2019Alessandro Cortini, s\u2019\u00e9treignent, s\u2019\u00e9chappent, se fondent dans un flux continu de chair et de lumi\u00e8re.<\/p>\n<p>Au registre du jeune public, <b>Gilles Baron <\/b>fait surgir le mythe dans <em>A\u00efon<\/em>, conte chor\u00e9graphique o\u00f9 danse, jonglage et acrobatie revisitent Chronos, Kairos et A\u00efon. Il y a dans ce trio de dieux une po\u00e9sie de l\u2019instant, comme une invitation \u00e0 suspendre le temps. M\u00eame esprit joueur chez le Collectif \u00c8S : avec <em>About Lambada<\/em>, la piste de danse se transforme en terrain pop, revisitant le tube de Kaoma comme un manifeste joyeux pour l\u2019inclusion et la libert\u00e9 des corps.<\/p>\n<h4>Elans f\u00e9minins<\/h4>\n<p>Partout, la saison est travers\u00e9e d\u2019\u00e9lans f\u00e9minins puissants. Dans <em>Imminentes<\/em>, Jann Gallois fa\u00e7onne un ch\u0153ur de six interpr\u00e8tes, \u00e0 la fois sorci\u00e8res et d\u00e9esses, qui puisent dans le hip-hop une langue visc\u00e9rale pour d\u00e9fier la noirceur du monde. Une mar\u00e9e humaine, tendre et insoumise. Plus resserr\u00e9e, <em>La Vie Nouvelle<\/em> de Sylvain Huc et <b>Mathilde Olivares<\/b> offre une extase profane : deux corps, une lumi\u00e8re, une musique, et la danse surgit comme un pur miracle de pr\u00e9sence.<\/p>\n<p>L\u2019\u00e9criture solo, enfin, trouve deux \u00e9chos marquants : <em>Jimmy<\/em> de <b>Pierre Pontvianne<\/b>, o\u00f9 Jazz Barb\u00e9 se meut dans une reptation hypnotique, figure d\u2019un Autre fantasmatique et insaisissable ; et <em>Comme un symbole<\/em> d\u2019<b>Alexandre Fandard<\/b>, o\u00f9 un jeune homme seul, ancr\u00e9 au sol, se d\u00e9bat avec tous les stigmates projet\u00e9s sur lui. Banlieue, violence, d\u00e9sir : le corps devient territoire politique.<\/p>\n<h4>Slow Rizzo, Rapide Benne<\/h4>\n<p>\u00c0 l\u2019autre bout du spectre, <b>Christian Rizzo<\/b> imagine, avec sa nouvelle cr\u00e9ation, une suspension d\u00e9licate o\u00f9 les gestes du quotidien s\u2019\u00e9paississent de sens. Sept interpr\u00e8tes s\u2019y adonnent \u00e0 l\u2019ordinaire comme \u00e0 un rituel po\u00e9tique, faisant de chaque geste une clairi\u00e8re de lenteur. Et <b>Bruno Benne<\/b>, nouvelle \u00e9toile de la danse baroque, ouvre un autre espace de fluidit\u00e9 avec <em>Rapides<\/em>, merveille d\u00e9licate inspir\u00e9e de Haendel o\u00f9 la rigueur se fait ruisseau, o\u00f9 la virtuosit\u00e9 se fait joie.<\/p>\n<p>Ici, chaque pi\u00e8ce est un seuil ouvert vers l\u2019inattendu. Une travers\u00e9e entre rave et baroque, entre nudit\u00e9 et rituel, entre h\u00e9ritage populaire et \u00e9criture exigeante. Christophe Chanut affirme un projet incandescent : faire de Pau un archipel o\u00f9 la danse circule, d\u00e9borde, bouscule \u2014 et nous rappelle que, sous nos pas, le monde peut encore danser.<\/p>\n<p>Toute la programmation d\u00e9taill\u00e9e sur ce lien&nbsp;:&nbsp;<a style=\"font-style: inherit; font-weight: inherit; background-color: #ffffff;\" href=\"https:\/\/espacespluriels.fr\/?-agenda-\">Tous les spectacles &#8211; Espaces Pluriels<\/a><\/p>\n<p>C<b>\u00e9dric Chaory<\/b><\/p>\n<p><b><span style=\"color: #040c28; font-family: 'Google Sans', Arial, sans-serif; font-size: 20px;\">\u00a9&nbsp;<\/span>Loran Chourrau<\/b><\/p>\t\t\t\t\t\t<\/div>\n\t\t\t\t<\/div>\n\t\t\t\t\t<\/div>\n\t\t<\/div>\n\t\t\t\t\t\t\t<\/div>\n\t\t<\/section>\n\t\t\t\t\t\t\t<\/div>\n\t\t","protected":false},"excerpt":{"rendered":"<p>Espaces Pluriels, toutes les danses Christophe Chanut signe pour Espaces Pluriels, sc\u00e8ne conventionn\u00e9e de Pau une saison danse de haute intensit\u00e9, vaste terrain de jeux pour les corps, les imaginaires et la f\u00eate collective. D\u00e9tail d\u2019une programmation dense. Il fallait bien la puissance du plateau du Z\u00e9nith pour ouvrir ce cycle incandescent : le CCN &hellip;<\/p>\n<p class=\"read-more\"> <a class=\"\" href=\"https:\/\/umoove.art\/index.php\/2025\/06\/30\/espaces-pluriels-saison-danse-25-26\/\"> <span class=\"screen-reader-text\">Espaces Pluriels, saison danse 25\/26<\/span> Lire la suite\u00a0\u00bb<\/a><\/p>\n","protected":false},"author":1,"featured_media":0,"comment_status":"open","ping_status":"open","sticky":false,"template":"","format":"standard","meta":{"site-sidebar-layout":"default","site-content-layout":"default","ast-global-header-display":"","ast-banner-title-visibility":"","ast-main-header-display":"","ast-hfb-above-header-display":"","ast-hfb-below-header-display":"","ast-hfb-mobile-header-display":"","site-post-title":"","ast-breadcrumbs-content":"","ast-featured-img":"","footer-sml-layout":"","theme-transparent-header-meta":"","adv-header-id-meta":"","stick-header-meta":"","header-above-stick-meta":"","header-main-stick-meta":"","header-below-stick-meta":"","footnotes":""},"categories":[52],"tags":[111,223,150,144,165,145],"class_list":["post-8759","post","type-post","status-publish","format-standard","hentry","category-annonce","tag-bruno-benne","tag-christian","tag-christophe-chanut","tag-espaces-pluriels","tag-maud-le-pladec","tag-pau"],"aioseo_notices":[],"_links":{"self":[{"href":"https:\/\/umoove.art\/index.php\/wp-json\/wp\/v2\/posts\/8759","targetHints":{"allow":["GET"]}}],"collection":[{"href":"https:\/\/umoove.art\/index.php\/wp-json\/wp\/v2\/posts"}],"about":[{"href":"https:\/\/umoove.art\/index.php\/wp-json\/wp\/v2\/types\/post"}],"author":[{"embeddable":true,"href":"https:\/\/umoove.art\/index.php\/wp-json\/wp\/v2\/users\/1"}],"replies":[{"embeddable":true,"href":"https:\/\/umoove.art\/index.php\/wp-json\/wp\/v2\/comments?post=8759"}],"version-history":[{"count":10,"href":"https:\/\/umoove.art\/index.php\/wp-json\/wp\/v2\/posts\/8759\/revisions"}],"predecessor-version":[{"id":8773,"href":"https:\/\/umoove.art\/index.php\/wp-json\/wp\/v2\/posts\/8759\/revisions\/8773"}],"wp:attachment":[{"href":"https:\/\/umoove.art\/index.php\/wp-json\/wp\/v2\/media?parent=8759"}],"wp:term":[{"taxonomy":"category","embeddable":true,"href":"https:\/\/umoove.art\/index.php\/wp-json\/wp\/v2\/categories?post=8759"},{"taxonomy":"post_tag","embeddable":true,"href":"https:\/\/umoove.art\/index.php\/wp-json\/wp\/v2\/tags?post=8759"}],"curies":[{"name":"wp","href":"https:\/\/api.w.org\/{rel}","templated":true}]}}