{"id":7375,"date":"2025-01-16T18:56:32","date_gmt":"2025-01-16T17:56:32","guid":{"rendered":"https:\/\/umoove.art\/?p=7375"},"modified":"2025-01-17T09:32:44","modified_gmt":"2025-01-17T08:32:44","slug":"histoires-de-la-danse-4-le-baroque","status":"publish","type":"post","link":"https:\/\/umoove.art\/index.php\/2025\/01\/16\/histoires-de-la-danse-4-le-baroque\/","title":{"rendered":"Histoire(s) de la danse #4 : le baroque"},"content":{"rendered":"\t\t<div data-elementor-type=\"wp-post\" data-elementor-id=\"7375\" class=\"elementor elementor-7375\" data-elementor-post-type=\"post\">\n\t\t\t\t\t\t\t\t\t<section class=\"elementor-section elementor-top-section elementor-element elementor-element-ec563e2 elementor-section-boxed elementor-section-height-default elementor-section-height-default\" data-id=\"ec563e2\" data-element_type=\"section\">\n\t\t\t\t\t\t<div class=\"elementor-container elementor-column-gap-default\">\n\t\t\t\t\t<div class=\"elementor-column elementor-col-100 elementor-top-column elementor-element elementor-element-10d860a\" data-id=\"10d860a\" data-element_type=\"column\">\n\t\t\t<div class=\"elementor-widget-wrap elementor-element-populated\">\n\t\t\t\t\t\t\t\t<div class=\"elementor-element elementor-element-aea213f elementor-widget elementor-widget-image\" data-id=\"aea213f\" data-element_type=\"widget\" data-widget_type=\"image.default\">\n\t\t\t\t<div class=\"elementor-widget-container\">\n\t\t\t<style>\/*! elementor - v3.14.0 - 26-06-2023 *\/\n.elementor-widget-image{text-align:center}.elementor-widget-image a{display:inline-block}.elementor-widget-image a img[src$=\".svg\"]{width:48px}.elementor-widget-image img{vertical-align:middle;display:inline-block}<\/style>\t\t\t\t\t\t\t\t\t\t\t\t<img loading=\"lazy\" decoding=\"async\" width=\"768\" height=\"614\" src=\"https:\/\/umoove.art\/wp-content\/uploads\/2025\/01\/Reouverture-du-bureau-de-presse-le-4-septembre-3-768x614.jpg\" class=\"attachment-medium_large size-medium_large wp-image-7381\" alt=\"\" srcset=\"https:\/\/umoove.art\/wp-content\/uploads\/2025\/01\/Reouverture-du-bureau-de-presse-le-4-septembre-3-768x614.jpg 768w, https:\/\/umoove.art\/wp-content\/uploads\/2025\/01\/Reouverture-du-bureau-de-presse-le-4-septembre-3-300x240.jpg 300w, https:\/\/umoove.art\/wp-content\/uploads\/2025\/01\/Reouverture-du-bureau-de-presse-le-4-septembre-3-1024x819.jpg 1024w, https:\/\/umoove.art\/wp-content\/uploads\/2025\/01\/Reouverture-du-bureau-de-presse-le-4-septembre-3-1536x1229.jpg 1536w, https:\/\/umoove.art\/wp-content\/uploads\/2025\/01\/Reouverture-du-bureau-de-presse-le-4-septembre-3.jpg 2000w\" sizes=\"auto, (max-width: 768px) 100vw, 768px\" \/>\t\t\t\t\t\t\t\t\t\t\t\t\t\t\t<\/div>\n\t\t\t\t<\/div>\n\t\t\t\t\t<\/div>\n\t\t<\/div>\n\t\t\t\t\t\t\t<\/div>\n\t\t<\/section>\n\t\t\t\t<section class=\"elementor-section elementor-top-section elementor-element elementor-element-1a2534a elementor-section-boxed elementor-section-height-default elementor-section-height-default\" data-id=\"1a2534a\" data-element_type=\"section\">\n\t\t\t\t\t\t<div class=\"elementor-container elementor-column-gap-default\">\n\t\t\t\t\t<div class=\"elementor-column elementor-col-100 elementor-top-column elementor-element elementor-element-cb26f81\" data-id=\"cb26f81\" data-element_type=\"column\">\n\t\t\t<div class=\"elementor-widget-wrap elementor-element-populated\">\n\t\t\t\t\t\t\t\t<div class=\"elementor-element elementor-element-176a90f elementor-widget elementor-widget-heading\" data-id=\"176a90f\" data-element_type=\"widget\" data-widget_type=\"heading.default\">\n\t\t\t\t<div class=\"elementor-widget-container\">\n\t\t\t<style>\/*! elementor - v3.14.0 - 26-06-2023 *\/\n.elementor-heading-title{padding:0;margin:0;line-height:1}.elementor-widget-heading .elementor-heading-title[class*=elementor-size-]>a{color:inherit;font-size:inherit;line-height:inherit}.elementor-widget-heading .elementor-heading-title.elementor-size-small{font-size:15px}.elementor-widget-heading .elementor-heading-title.elementor-size-medium{font-size:19px}.elementor-widget-heading .elementor-heading-title.elementor-size-large{font-size:29px}.elementor-widget-heading .elementor-heading-title.elementor-size-xl{font-size:39px}.elementor-widget-heading .elementor-heading-title.elementor-size-xxl{font-size:59px}<\/style><h2 class=\"elementor-heading-title elementor-size-default\">Quatri\u00e8me <i>Histoire(s) de la danse<\/i> \u00e0 la Maison de la danse : le tourbillon baroque<\/h2>\t\t<\/div>\n\t\t\t\t<\/div>\n\t\t\t\t\t<\/div>\n\t\t<\/div>\n\t\t\t\t\t\t\t<\/div>\n\t\t<\/section>\n\t\t\t\t<section class=\"elementor-section elementor-top-section elementor-element elementor-element-51ead13 elementor-section-boxed elementor-section-height-default elementor-section-height-default\" data-id=\"51ead13\" data-element_type=\"section\">\n\t\t\t\t\t\t<div class=\"elementor-container elementor-column-gap-default\">\n\t\t\t\t\t<div class=\"elementor-column elementor-col-100 elementor-top-column elementor-element elementor-element-779e9a6\" data-id=\"779e9a6\" data-element_type=\"column\">\n\t\t\t<div class=\"elementor-widget-wrap elementor-element-populated\">\n\t\t\t\t\t\t\t\t<div class=\"elementor-element elementor-element-6de6f14 elementor-widget__width-initial elementor-widget elementor-widget-text-editor\" data-id=\"6de6f14\" data-element_type=\"widget\" data-widget_type=\"text-editor.default\">\n\t\t\t\t<div class=\"elementor-widget-container\">\n\t\t\t<style>\/*! elementor - v3.14.0 - 26-06-2023 *\/\n.elementor-widget-text-editor.elementor-drop-cap-view-stacked .elementor-drop-cap{background-color:#69727d;color:#fff}.elementor-widget-text-editor.elementor-drop-cap-view-framed .elementor-drop-cap{color:#69727d;border:3px solid;background-color:transparent}.elementor-widget-text-editor:not(.elementor-drop-cap-view-default) .elementor-drop-cap{margin-top:8px}.elementor-widget-text-editor:not(.elementor-drop-cap-view-default) .elementor-drop-cap-letter{width:1em;height:1em}.elementor-widget-text-editor .elementor-drop-cap{float:left;text-align:center;line-height:1;font-size:50px}.elementor-widget-text-editor .elementor-drop-cap-letter{display:inline-block}<\/style>\t\t\t\t<h3>Parmi les \u00e9clats scintillants d\u2019un patrimoine chor\u00e9graphique r\u00e9invent\u00e9, la Maison de la danse de Lyon s\u2019appr\u00eate \u00e0 d\u00e9rouler le tapis dor\u00e9 pour une \u00e9dition du festival <i>Histoire(s) de la danse<\/i> o\u00f9 le baroque \u00e9clate de modernit\u00e9. Sous la houlette de Bruno Benne et de sa compagnie Beaux-Champs, pr\u00e9parez-vous \u00e0 \u00eatre emport\u00e9s par un torrent de volutes et de jaillissements dans <i>Rapides<\/i>, pi\u00e8ce ma\u00eetresse de cet \u00e9v\u00e9nement foisonnant. Soit\u00a0est une invitation \u00e0 c\u00e9l\u00e9brer le pass\u00e9 pour mieux vibrer au pr\u00e9sent dans un tourbillon d\u2019\u00e9l\u00e9gance et de vitalit\u00e9.<\/h3><h4>Une cascade baroque r\u00e9solument contemporaine<\/h4><p>Les 23 et 24 janvier \u00e0 20h30, le plateau de la Maison de la danse pr\u00e9sentera\u00a0<i>Rapides<\/i>, la cr\u00e9ation 2022 de\u00a0<a href=\"https:\/\/www.beauxchamps.fr\/compagnie\/\" target=\"_blank\" rel=\"noopener\">Bruno Benne<\/a>.\u00a0<span style=\"background-color: var(--ast-global-color-5);\"><i>Rapides<\/i><\/span><span style=\"font-style: inherit; font-weight: inherit; background-color: var(--ast-global-color-5);\">, tel est le titre \u00e9vocateur de la nouvelle cr\u00e9ation de Bruno Benne, qui fait \u00e9cho \u00e0 la vitalit\u00e9 jaillissante de la <\/span><em style=\"font-weight: inherit; background-color: var(--ast-global-color-5);\">Water Music<\/em><span style=\"font-style: inherit; font-weight: inherit; background-color: var(--ast-global-color-5);\"> de Haendel, revisit\u00e9e par le compositeur contemporain Youri Bessi\u00e8res. Dans cette pi\u00e8ce chor\u00e9graphique fascinante, une toute nouvelle g\u00e9n\u00e9ration de dix interpr\u00e8tes donne vie \u00e0 un dialogue intense entre les arts du XVIII\u1d49 si\u00e8cle et la modernit\u00e9 d\u2019aujourd\u2019hui. Port\u00e9s par une \u00e9nergie renouvel\u00e9e, ces danseurs insufflent \u00e0 l\u2019art baroque une puissance r\u00e9sonnante et actuelle, tout en rendant hommage \u00e0 son h\u00e9ritage.<\/span><\/p><p>La chor\u00e9graphie de <i>Rapides<\/i> s\u2019inscrit dans une esth\u00e9tique o\u00f9 sym\u00e9trie et profusion se rencontrent. Bruno Benne puise dans les arts baroques une double injonction de rigueur architecturale et de luxuriance cr\u00e9ative, donnant naissance \u00e0 une danse \u00e9pur\u00e9e et \u00e9lanc\u00e9e, mais \u00e9minemment contemporaine. Le spectacle, tel un miroir d\u2019eaux vives, d\u00e9multiplie les espaces-temps et propose des variations hypnotiques qui r\u00e9pondent parfaitement aux effets de boucle et d\u2019ornementation de la musique.<\/p><p>La <em>Water Music<\/em>, embl\u00e8me de l\u2019art baroque compos\u00e9e par Georg Friedrich Haendel, est ici revisit\u00e9e par Youri Bessi\u00e8res, qui en accentue les jaillissements sonores et les jeux de textures. Sur cette partition magnifi\u00e9e, les interpr\u00e8tes se d\u00e9ploient en volutes ornement\u00e9es et \u00e9lans fulgurants, rappelant \u00e0 la fois les fontaines majestueuses du Grand Si\u00e8cle et les torrents imp\u00e9tueux de la nature.<\/p><p><strong>\u00ab<i> Garder vivant cet art baroque, c\u2019est continuer de faire exister une tradition et un h\u00e9ritage dans un perp\u00e9tuel mouvement \u00bb<\/i><\/strong>, affirme Bruno Benne. Dans la lign\u00e9e de figures embl\u00e9matiques telles que Francine Lancelot et B\u00e9atrice Massin, il s\u2019impose comme un passeur de traditions et un cr\u00e9ateur visionnaire. Avec <i>Rapides<\/i>, il offre une d\u00e9monstration \u00e9blouissante de cette alchimie entre pass\u00e9 et pr\u00e9sent, o\u00f9 la danse baroque devient un langage intemporel, en perp\u00e9tuel renouvellement.<\/p><p>Le spectacle, cr\u00e9\u00e9 en 2022, est port\u00e9 par dix danseurs dont la ma\u00eetrise technique et l\u2019\u00e9nergie communicative r\u00e9v\u00e8lent toute la richesse de cet art revisit\u00e9. En faisant dialoguer la somptueuse <em>Water Music<\/em> et les jets dansants de sa chor\u00e9graphie, Bruno Benne offre une vision orchestrale de la danse, o\u00f9 le baroque se r\u00e9invente en une cr\u00e9ation r\u00e9solument actuelle. <i>Rapides<\/i> est un ravissement pour les yeux et les oreilles, une invitation \u00e0 red\u00e9couvrir la modernit\u00e9 de cet h\u00e9ritage foisonnant.<\/p><h4>Un programme en miroir pour tous les curieux<\/h4><p>Ce quatri\u00e8me chapitre d\u2019<i>Histoire(s) de la danse<\/i> ne se limite pas \u00e0 la sc\u00e8ne. La Maison de la danse propose un kal\u00e9idoscope d\u2019activit\u00e9s pour plonger dans l\u2019univers baroque :<\/p><p>&#8211; <b>Conf\u00e9rence<\/b> : <i>Danser baroque au pr\u00e9sent <\/i>le 22 janvier \u00e0 12h \u00e0 l\u2019Auditorium du Mus\u00e9e des Beaux-Arts, la professeure <b>Marina Nordera<\/b> explore les r\u00e9sonances entre le baroque et le contemporain. Une plong\u00e9e intellectuelle dans les m\u00e9andres d\u2019un style en mouvement perp\u00e9tuel. Entr\u00e9e libre.<br \/>&#8211; <b>Projection<\/b> : <i>Le Roi danse<\/i> le 21 janvier \u00e0 18h, (re)d\u00e9couvrez le film culte de <b>G\u00e9rard Corbiau<\/b> au Cin\u00e9 Kozmos de l\u2019Universit\u00e9 Lyon 3. Une introduction parfaite \u00e0 la flamboyance du si\u00e8cle de Louis XIV. Gratuit sur r\u00e9servation.<br \/>&#8211; <b>Rencontre en bord de sc\u00e8ne<\/b> le 23 janvier, \u00e9changez avec les artistes \u00e0 l\u2019issue de la repr\u00e9sentation de Bruno Benne. Un moment privil\u00e9gi\u00e9 pour comprendre les intentions et les inspirations derri\u00e8re la performance. Gratuit, entr\u00e9e libre.<\/p><h4>Quand danse rime avec immersion<\/h4><p>R<i>apides \u00e9clairs<\/i>, le volet participatif du festival, se d\u00e9ploiera les 23 et 24 janvier \u00e0 19h45 dans les espaces publics de la Maison de la danse. Des performances expressives et immersives, fruits d\u2019un travail avec des \u00e9l\u00e8ves en formation, vous inviteront \u00e0 go\u00fbter la proximit\u00e9 sensible du baroque revisit\u00e9.<br \/>Envie de mettre la main \u00e0 la p\u00e2te ? Le Baroc\u2019 Bal, le 24 janvier, transforme le plateau en salon de danse o\u00f9 la rigueur des menuets c\u00f4toie la folie du madison. Accompagn\u00e9 par le Baroc\u2019Band lyonnais, Bruno Benne vous guide dans un voyage sans complexe \u00e0 travers les \u00e2ges (Gratuit, entr\u00e9e libre).<\/p><p>Pour les professionnels de la transmission en danse, un atelier \u00ab Entr\u00e9e dans la danse \u00bb anim\u00e9 par Bruno Benne et <b>Ana\u00efs Loyer<\/b> se tiendra le 24 janvier \u00e0 la Maison de la danse, en partenariat avec le Centre national de la danse.<\/p><h4>Un final grandiose au Mus\u00e9e des Beaux-Arts<\/h4><p>Le 25 janvier, place \u00e0 une journ\u00e9e exceptionnelle au Mus\u00e9e des Beaux-Arts de Lyon. Ateliers pour tous, visites chor\u00e9graphi\u00e9es et m\u00e9diations devant les \u0153uvres : une exp\u00e9rience compl\u00e8te pour vivre la danse baroque dans toutes ses dimensions.<\/p><p><span style=\"font-style: inherit; font-weight: inherit; background-color: var(--ast-global-color-5);\">(D\u2019apr\u00e8s dossier de presse)<\/span><\/p><p>\u00a9<b>Fran\u00e7ois Stemmer<\/b><\/p><p><b><br \/><\/b><a style=\"font-style: inherit; font-weight: inherit;\" href=\"https:\/\/maisondeladanse.com\/programmation\/saison2024-2025\/histoires-de-la-danse-4\">Histoire(s) de la danse #4<\/a><b><\/b><\/p>\t\t\t\t\t\t<\/div>\n\t\t\t\t<\/div>\n\t\t\t\t\t<\/div>\n\t\t<\/div>\n\t\t\t\t\t\t\t<\/div>\n\t\t<\/section>\n\t\t\t\t\t\t\t<\/div>\n\t\t","protected":false},"excerpt":{"rendered":"<p>Quatri\u00e8me Histoire(s) de la danse \u00e0 la Maison de la danse : le tourbillon baroque Parmi les \u00e9clats scintillants d\u2019un patrimoine chor\u00e9graphique r\u00e9invent\u00e9, la Maison de la danse de Lyon s\u2019appr\u00eate \u00e0 d\u00e9rouler le tapis dor\u00e9 pour une \u00e9dition du festival Histoire(s) de la danse o\u00f9 le baroque \u00e9clate de modernit\u00e9. Sous la houlette de &hellip;<\/p>\n<p class=\"read-more\"> <a class=\"\" href=\"https:\/\/umoove.art\/index.php\/2025\/01\/16\/histoires-de-la-danse-4-le-baroque\/\"> <span class=\"screen-reader-text\">Histoire(s) de la danse #4 : le baroque<\/span> Lire la suite\u00a0\u00bb<\/a><\/p>\n","protected":false},"author":1,"featured_media":0,"comment_status":"closed","ping_status":"closed","sticky":false,"template":"","format":"standard","meta":{"site-sidebar-layout":"default","site-content-layout":"default","ast-global-header-display":"","ast-banner-title-visibility":"","ast-main-header-display":"","ast-hfb-above-header-display":"","ast-hfb-below-header-display":"","ast-hfb-mobile-header-display":"","site-post-title":"","ast-breadcrumbs-content":"","ast-featured-img":"","footer-sml-layout":"","theme-transparent-header-meta":"","adv-header-id-meta":"","stick-header-meta":"","header-above-stick-meta":"","header-main-stick-meta":"","header-below-stick-meta":"","footnotes":""},"categories":[52],"tags":[115,111,113,112,114],"class_list":["post-7375","post","type-post","status-publish","format-standard","hentry","category-annonce","tag-beatrice-massin","tag-bruno-benne","tag-danse-baroque","tag-maison-de-la-danse","tag-musee-des-beaux-arts-de-lyon"],"aioseo_notices":[],"_links":{"self":[{"href":"https:\/\/umoove.art\/index.php\/wp-json\/wp\/v2\/posts\/7375","targetHints":{"allow":["GET"]}}],"collection":[{"href":"https:\/\/umoove.art\/index.php\/wp-json\/wp\/v2\/posts"}],"about":[{"href":"https:\/\/umoove.art\/index.php\/wp-json\/wp\/v2\/types\/post"}],"author":[{"embeddable":true,"href":"https:\/\/umoove.art\/index.php\/wp-json\/wp\/v2\/users\/1"}],"replies":[{"embeddable":true,"href":"https:\/\/umoove.art\/index.php\/wp-json\/wp\/v2\/comments?post=7375"}],"version-history":[{"count":16,"href":"https:\/\/umoove.art\/index.php\/wp-json\/wp\/v2\/posts\/7375\/revisions"}],"predecessor-version":[{"id":7406,"href":"https:\/\/umoove.art\/index.php\/wp-json\/wp\/v2\/posts\/7375\/revisions\/7406"}],"wp:attachment":[{"href":"https:\/\/umoove.art\/index.php\/wp-json\/wp\/v2\/media?parent=7375"}],"wp:term":[{"taxonomy":"category","embeddable":true,"href":"https:\/\/umoove.art\/index.php\/wp-json\/wp\/v2\/categories?post=7375"},{"taxonomy":"post_tag","embeddable":true,"href":"https:\/\/umoove.art\/index.php\/wp-json\/wp\/v2\/tags?post=7375"}],"curies":[{"name":"wp","href":"https:\/\/api.w.org\/{rel}","templated":true}]}}