{"id":7243,"date":"2025-01-03T15:56:22","date_gmt":"2025-01-03T14:56:22","guid":{"rendered":"https:\/\/umoove.art\/?p=7243"},"modified":"2025-01-04T13:44:37","modified_gmt":"2025-01-04T12:44:37","slug":"martyre-de-malika-djardi","status":"publish","type":"post","link":"https:\/\/umoove.art\/index.php\/2025\/01\/03\/martyre-de-malika-djardi\/","title":{"rendered":"MARTYRE de Malika Djardi"},"content":{"rendered":"\t\t<div data-elementor-type=\"wp-post\" data-elementor-id=\"7243\" class=\"elementor elementor-7243\" data-elementor-post-type=\"post\">\n\t\t\t\t\t\t\t\t\t<section class=\"elementor-section elementor-top-section elementor-element elementor-element-331079d elementor-section-boxed elementor-section-height-default elementor-section-height-default\" data-id=\"331079d\" data-element_type=\"section\">\n\t\t\t\t\t\t<div class=\"elementor-container elementor-column-gap-default\">\n\t\t\t\t\t<div class=\"elementor-column elementor-col-100 elementor-top-column elementor-element elementor-element-2900f4e\" data-id=\"2900f4e\" data-element_type=\"column\">\n\t\t\t<div class=\"elementor-widget-wrap elementor-element-populated\">\n\t\t\t\t\t\t\t\t<div class=\"elementor-element elementor-element-3a46c5e elementor-widget elementor-widget-image\" data-id=\"3a46c5e\" data-element_type=\"widget\" data-widget_type=\"image.default\">\n\t\t\t\t<div class=\"elementor-widget-container\">\n\t\t\t<style>\/*! elementor - v3.14.0 - 26-06-2023 *\/\n.elementor-widget-image{text-align:center}.elementor-widget-image a{display:inline-block}.elementor-widget-image a img[src$=\".svg\"]{width:48px}.elementor-widget-image img{vertical-align:middle;display:inline-block}<\/style>\t\t\t\t\t\t\t\t\t\t\t\t<img loading=\"lazy\" decoding=\"async\" width=\"768\" height=\"614\" src=\"https:\/\/umoove.art\/wp-content\/uploads\/2025\/01\/Reouverture-du-bureau-de-presse-le-4-septembre-2-768x614.jpg\" class=\"attachment-medium_large size-medium_large wp-image-7239\" alt=\"\" srcset=\"https:\/\/umoove.art\/wp-content\/uploads\/2025\/01\/Reouverture-du-bureau-de-presse-le-4-septembre-2-768x614.jpg 768w, https:\/\/umoove.art\/wp-content\/uploads\/2025\/01\/Reouverture-du-bureau-de-presse-le-4-septembre-2-300x240.jpg 300w, https:\/\/umoove.art\/wp-content\/uploads\/2025\/01\/Reouverture-du-bureau-de-presse-le-4-septembre-2-1024x819.jpg 1024w, https:\/\/umoove.art\/wp-content\/uploads\/2025\/01\/Reouverture-du-bureau-de-presse-le-4-septembre-2-1536x1229.jpg 1536w, https:\/\/umoove.art\/wp-content\/uploads\/2025\/01\/Reouverture-du-bureau-de-presse-le-4-septembre-2.jpg 2000w\" sizes=\"auto, (max-width: 768px) 100vw, 768px\" \/>\t\t\t\t\t\t\t\t\t\t\t\t\t\t\t<\/div>\n\t\t\t\t<\/div>\n\t\t\t\t\t<\/div>\n\t\t<\/div>\n\t\t\t\t\t\t\t<\/div>\n\t\t<\/section>\n\t\t\t\t<section class=\"elementor-section elementor-top-section elementor-element elementor-element-8726fde elementor-section-boxed elementor-section-height-default elementor-section-height-default\" data-id=\"8726fde\" data-element_type=\"section\">\n\t\t\t\t\t\t<div class=\"elementor-container elementor-column-gap-default\">\n\t\t\t\t\t<div class=\"elementor-column elementor-col-100 elementor-top-column elementor-element elementor-element-fc3f4f9\" data-id=\"fc3f4f9\" data-element_type=\"column\">\n\t\t\t<div class=\"elementor-widget-wrap elementor-element-populated\">\n\t\t\t\t\t\t\t\t<div class=\"elementor-element elementor-element-800a2c8 elementor-widget elementor-widget-heading\" data-id=\"800a2c8\" data-element_type=\"widget\" data-widget_type=\"heading.default\">\n\t\t\t\t<div class=\"elementor-widget-container\">\n\t\t\t<style>\/*! elementor - v3.14.0 - 26-06-2023 *\/\n.elementor-heading-title{padding:0;margin:0;line-height:1}.elementor-widget-heading .elementor-heading-title[class*=elementor-size-]>a{color:inherit;font-size:inherit;line-height:inherit}.elementor-widget-heading .elementor-heading-title.elementor-size-small{font-size:15px}.elementor-widget-heading .elementor-heading-title.elementor-size-medium{font-size:19px}.elementor-widget-heading .elementor-heading-title.elementor-size-large{font-size:29px}.elementor-widget-heading .elementor-heading-title.elementor-size-xl{font-size:39px}.elementor-widget-heading .elementor-heading-title.elementor-size-xxl{font-size:59px}<\/style><h2 class=\"elementor-heading-title elementor-size-default\"><i>MARTYRE<\/i> de Malika Djardi, une cr\u00e9ation qui tisse l'intime et l'universel<\/h2>\t\t<\/div>\n\t\t\t\t<\/div>\n\t\t\t\t\t<\/div>\n\t\t<\/div>\n\t\t\t\t\t\t\t<\/div>\n\t\t<\/section>\n\t\t\t\t<section class=\"elementor-section elementor-top-section elementor-element elementor-element-b4a01f2 elementor-section-boxed elementor-section-height-default elementor-section-height-default\" data-id=\"b4a01f2\" data-element_type=\"section\">\n\t\t\t\t\t\t<div class=\"elementor-container elementor-column-gap-default\">\n\t\t\t\t\t<div class=\"elementor-column elementor-col-100 elementor-top-column elementor-element elementor-element-2ded352\" data-id=\"2ded352\" data-element_type=\"column\">\n\t\t\t<div class=\"elementor-widget-wrap elementor-element-populated\">\n\t\t\t\t\t\t\t\t<div class=\"elementor-element elementor-element-90ee5b7 elementor-widget elementor-widget-text-editor\" data-id=\"90ee5b7\" data-element_type=\"widget\" data-widget_type=\"text-editor.default\">\n\t\t\t\t<div class=\"elementor-widget-container\">\n\t\t\t<style>\/*! elementor - v3.14.0 - 26-06-2023 *\/\n.elementor-widget-text-editor.elementor-drop-cap-view-stacked .elementor-drop-cap{background-color:#69727d;color:#fff}.elementor-widget-text-editor.elementor-drop-cap-view-framed .elementor-drop-cap{color:#69727d;border:3px solid;background-color:transparent}.elementor-widget-text-editor:not(.elementor-drop-cap-view-default) .elementor-drop-cap{margin-top:8px}.elementor-widget-text-editor:not(.elementor-drop-cap-view-default) .elementor-drop-cap-letter{width:1em;height:1em}.elementor-widget-text-editor .elementor-drop-cap{float:left;text-align:center;line-height:1;font-size:50px}.elementor-widget-text-editor .elementor-drop-cap-letter{display:inline-block}<\/style>\t\t\t\t<h3>&nbsp;<\/h3>\n<h3>Le 11 mars 2025, le Festival Artdanth\u00e9 accueillera <i>MARTYRE<\/i>, cr\u00e9ation 2024 de Malika Djardi, pr\u00e9sent\u00e9e en collaboration avec le Th\u00e9\u00e2tre de Vanves.<\/h3>\n<p>Dix ans apr\u00e8s <i>Sa pri\u00e8re<\/i>, qui explorait la conversion de sa m\u00e8re \u00e0 l\u2019islam, Malika Djardi revient \u00e0 la forme du solo-documentaire avec une \u0153uvre intime et bouleversante.&nbsp;<i style=\"font-weight: inherit; background-color: var(--ast-global-color-5);\">MARTYRE<\/i><span style=\"font-style: inherit; font-weight: inherit; background-color: var(--ast-global-color-5);\"> prend pour point de d\u00e9part la figure de Marie-Bernadette Philippon, la m\u00e8re de la chor\u00e9graphe, aujourd\u2019hui atteinte de la maladie d&rsquo;Alzheimer.<\/span><\/p>\n<h4>Une danse comme langage<\/h4>\n<p>Dans cette cr\u00e9ation 2024, Malika Djardi observe avec tendresse et acuit\u00e9 comment la maladie a transform\u00e9 sa m\u00e8re en une danseuse d&rsquo;un genre nouveau. Jamais auparavant Marie-Bernadette n\u2019avait pratiqu\u00e9 la danse, mais sa gestuelle s\u2019est impos\u00e9e, naturelle et non codifi\u00e9e. Ces mouvements spontan\u00e9s, ces fragments de danses n\u00e9es du pr\u00e9sent, r\u00e9v\u00e8lent une forme de langage \u00e0 travers lequel s&rsquo;expriment le corps contraint et les \u00e9motions enfouies.<\/p>\n<h4>Un dialogue chor\u00e9graphique m\u00e8re-fille<\/h4>\n<p><i>MARTYRE<\/i> tisse un dialogue profond et bienveillant entre la chor\u00e9graphe et sa m\u00e8re. Ce face-\u00e0-face, fait de gestes, de souvenirs et d\u2019anecdotes, interroge la transmission des mouvements, la persistance des m\u00e9moires communes et singuli\u00e8res. Malika Djardi puise dans ce mat\u00e9riau intime pour composer un r\u00e9cit chor\u00e9graphique, textuel, rythmique et visuel.<br>Ce dialogue nous fait voyager \u00e0 travers les espaces : du priv\u00e9 au public, du contraint \u00e0 l\u2019infiniment grand, de l\u2019intime au monde. \u00c0 travers cette exploration, <i>MARTYRE <\/i>questionne les \u00e9l\u00e9ments qui structurent une vie : quels gestes transmettons-nous, et d\u2019o\u00f9 viennent-ils ?<\/p>\n<h4>Entre r\u00e9flexion et ritournelles<\/h4>\n<p>La cr\u00e9ation s\u2019inscrit \u00e9galement dans une r\u00e9flexion sur l\u2019apprentissage et la m\u00e9moire des danses. Alternant entre danses sociales, ritournelles populaires et une playlist \u00e9clectique, Malika Djardi invite le public \u00e0 une exp\u00e9rience collective et immersive. Chaque s\u00e9quence, qu\u2019elle soit dans\u00e9e ou film\u00e9e, fait \u00e9cho \u00e0 nos luttes vitales, nos fragilit\u00e9s et nos illusions.<br>En r\u00e9sonance avec les moments de gr\u00e2ce partag\u00e9s entre la chor\u00e9graphe et sa m\u00e8re, la pi\u00e8ce tend \u00e0 transcender l\u2019intime pour atteindre l\u2019universel. Au c\u0153ur de cette \u0153uvre, la relation m\u00e8re-fille devient une m\u00e9taphore des liens qui nous unissent et des souvenirs qui nous structurent. Une belle&nbsp;exploration sensible et profonde des gestes, des m\u00e9moires et des parcours qui font de nous ce que nous sommes.&nbsp;<\/p>\n<p><span style=\"color: rgb(4, 12, 40); font-family: &quot;Google Sans&quot;, Arial, sans-serif; font-size: 20px; background-color: var(--ast-global-color-5);\">\u00a9<\/span><b>Vicky Garnier<\/b><\/p>\t\t\t\t\t\t<\/div>\n\t\t\t\t<\/div>\n\t\t\t\t\t<\/div>\n\t\t<\/div>\n\t\t\t\t\t\t\t<\/div>\n\t\t<\/section>\n\t\t\t\t\t\t\t<\/div>\n\t\t","protected":false},"excerpt":{"rendered":"<p>MARTYRE de Malika Djardi, une cr\u00e9ation qui tisse l&rsquo;intime et l&rsquo;universel &nbsp; Le 11 mars 2025, le Festival Artdanth\u00e9 accueillera MARTYRE, cr\u00e9ation 2024 de Malika Djardi, pr\u00e9sent\u00e9e en collaboration avec le Th\u00e9\u00e2tre de Vanves. Dix ans apr\u00e8s Sa pri\u00e8re, qui explorait la conversion de sa m\u00e8re \u00e0 l\u2019islam, Malika Djardi revient \u00e0 la forme du &hellip;<\/p>\n<p class=\"read-more\"> <a class=\"\" href=\"https:\/\/umoove.art\/index.php\/2025\/01\/03\/martyre-de-malika-djardi\/\"> <span class=\"screen-reader-text\">MARTYRE de Malika Djardi<\/span> Lire la suite\u00a0\u00bb<\/a><\/p>\n","protected":false},"author":1,"featured_media":0,"comment_status":"closed","ping_status":"closed","sticky":false,"template":"","format":"standard","meta":{"site-sidebar-layout":"default","site-content-layout":"default","ast-global-header-display":"","ast-banner-title-visibility":"","ast-main-header-display":"","ast-hfb-above-header-display":"","ast-hfb-below-header-display":"","ast-hfb-mobile-header-display":"","site-post-title":"","ast-breadcrumbs-content":"","ast-featured-img":"","footer-sml-layout":"","theme-transparent-header-meta":"","adv-header-id-meta":"","stick-header-meta":"","header-above-stick-meta":"","header-main-stick-meta":"","header-below-stick-meta":"","footnotes":""},"categories":[52],"tags":[109,13,110],"class_list":["post-7243","post","type-post","status-publish","format-standard","hentry","category-annonce","tag-artdanthe","tag-danse-contemporaine","tag-malika-djardi"],"aioseo_notices":[],"_links":{"self":[{"href":"https:\/\/umoove.art\/index.php\/wp-json\/wp\/v2\/posts\/7243","targetHints":{"allow":["GET"]}}],"collection":[{"href":"https:\/\/umoove.art\/index.php\/wp-json\/wp\/v2\/posts"}],"about":[{"href":"https:\/\/umoove.art\/index.php\/wp-json\/wp\/v2\/types\/post"}],"author":[{"embeddable":true,"href":"https:\/\/umoove.art\/index.php\/wp-json\/wp\/v2\/users\/1"}],"replies":[{"embeddable":true,"href":"https:\/\/umoove.art\/index.php\/wp-json\/wp\/v2\/comments?post=7243"}],"version-history":[{"count":19,"href":"https:\/\/umoove.art\/index.php\/wp-json\/wp\/v2\/posts\/7243\/revisions"}],"predecessor-version":[{"id":7283,"href":"https:\/\/umoove.art\/index.php\/wp-json\/wp\/v2\/posts\/7243\/revisions\/7283"}],"wp:attachment":[{"href":"https:\/\/umoove.art\/index.php\/wp-json\/wp\/v2\/media?parent=7243"}],"wp:term":[{"taxonomy":"category","embeddable":true,"href":"https:\/\/umoove.art\/index.php\/wp-json\/wp\/v2\/categories?post=7243"},{"taxonomy":"post_tag","embeddable":true,"href":"https:\/\/umoove.art\/index.php\/wp-json\/wp\/v2\/tags?post=7243"}],"curies":[{"name":"wp","href":"https:\/\/api.w.org\/{rel}","templated":true}]}}