{"id":6625,"date":"2024-08-30T12:16:03","date_gmt":"2024-08-30T10:16:03","guid":{"rendered":"https:\/\/umoove.art\/?p=6625"},"modified":"2024-08-30T15:40:12","modified_gmt":"2024-08-30T13:40:12","slug":"elementor-6625","status":"publish","type":"post","link":"https:\/\/umoove.art\/index.php\/2024\/08\/30\/elementor-6625\/","title":{"rendered":""},"content":{"rendered":"\t\t<div data-elementor-type=\"wp-post\" data-elementor-id=\"6625\" class=\"elementor elementor-6625\" data-elementor-post-type=\"post\">\n\t\t\t\t\t\t\t\t\t<section class=\"elementor-section elementor-top-section elementor-element elementor-element-57726b2 elementor-section-boxed elementor-section-height-default elementor-section-height-default\" data-id=\"57726b2\" data-element_type=\"section\">\n\t\t\t\t\t\t<div class=\"elementor-container elementor-column-gap-default\">\n\t\t\t\t\t<div class=\"elementor-column elementor-col-100 elementor-top-column elementor-element elementor-element-8ffb0b4\" data-id=\"8ffb0b4\" data-element_type=\"column\">\n\t\t\t<div class=\"elementor-widget-wrap elementor-element-populated\">\n\t\t\t\t\t\t\t\t<div class=\"elementor-element elementor-element-a287c88 elementor-widget elementor-widget-image\" data-id=\"a287c88\" data-element_type=\"widget\" data-widget_type=\"image.default\">\n\t\t\t\t<div class=\"elementor-widget-container\">\n\t\t\t<style>\/*! elementor - v3.14.0 - 26-06-2023 *\/\n.elementor-widget-image{text-align:center}.elementor-widget-image a{display:inline-block}.elementor-widget-image a img[src$=\".svg\"]{width:48px}.elementor-widget-image img{vertical-align:middle;display:inline-block}<\/style>\t\t\t\t\t\t\t\t\t\t\t\t<img loading=\"lazy\" decoding=\"async\" width=\"768\" height=\"614\" src=\"https:\/\/umoove.art\/wp-content\/uploads\/2024\/08\/En-plein-coeur-Christian-et-Francois-Ben-Aim-2-1-768x614.jpg\" class=\"attachment-medium_large size-medium_large wp-image-6627\" alt=\"\" srcset=\"https:\/\/umoove.art\/wp-content\/uploads\/2024\/08\/En-plein-coeur-Christian-et-Francois-Ben-Aim-2-1-768x614.jpg 768w, https:\/\/umoove.art\/wp-content\/uploads\/2024\/08\/En-plein-coeur-Christian-et-Francois-Ben-Aim-2-1-300x240.jpg 300w, https:\/\/umoove.art\/wp-content\/uploads\/2024\/08\/En-plein-coeur-Christian-et-Francois-Ben-Aim-2-1-1024x819.jpg 1024w, https:\/\/umoove.art\/wp-content\/uploads\/2024\/08\/En-plein-coeur-Christian-et-Francois-Ben-Aim-2-1-1536x1229.jpg 1536w, https:\/\/umoove.art\/wp-content\/uploads\/2024\/08\/En-plein-coeur-Christian-et-Francois-Ben-Aim-2-1.jpg 2000w\" sizes=\"auto, (max-width: 768px) 100vw, 768px\" \/>\t\t\t\t\t\t\t\t\t\t\t\t\t\t\t<\/div>\n\t\t\t\t<\/div>\n\t\t\t\t\t<\/div>\n\t\t<\/div>\n\t\t\t\t\t\t\t<\/div>\n\t\t<\/section>\n\t\t\t\t<section class=\"elementor-section elementor-top-section elementor-element elementor-element-e78eda4 elementor-section-boxed elementor-section-height-default elementor-section-height-default\" data-id=\"e78eda4\" data-element_type=\"section\">\n\t\t\t\t\t\t<div class=\"elementor-container elementor-column-gap-default\">\n\t\t\t\t\t<div class=\"elementor-column elementor-col-100 elementor-top-column elementor-element elementor-element-4421189\" data-id=\"4421189\" data-element_type=\"column\">\n\t\t\t<div class=\"elementor-widget-wrap elementor-element-populated\">\n\t\t\t\t\t\t\t\t<div class=\"elementor-element elementor-element-b9b92c2 elementor-widget elementor-widget-text-editor\" data-id=\"b9b92c2\" data-element_type=\"widget\" data-widget_type=\"text-editor.default\">\n\t\t\t\t<div class=\"elementor-widget-container\">\n\t\t\t<style>\/*! elementor - v3.14.0 - 26-06-2023 *\/\n.elementor-widget-text-editor.elementor-drop-cap-view-stacked .elementor-drop-cap{background-color:#69727d;color:#fff}.elementor-widget-text-editor.elementor-drop-cap-view-framed .elementor-drop-cap{color:#69727d;border:3px solid;background-color:transparent}.elementor-widget-text-editor:not(.elementor-drop-cap-view-default) .elementor-drop-cap{margin-top:8px}.elementor-widget-text-editor:not(.elementor-drop-cap-view-default) .elementor-drop-cap-letter{width:1em;height:1em}.elementor-widget-text-editor .elementor-drop-cap{float:left;text-align:center;line-height:1;font-size:50px}.elementor-widget-text-editor .elementor-drop-cap-letter{display:inline-block}<\/style>\t\t\t\t<h3>Le<strong> Festival International des Arts de Bordeaux M\u00e9tropole (FAB) revient du 28 septembre au 13 octobre 2024 dans toute la M\u00e9tropole bordelaise\u00a0et fait la part belle aux cr\u00e9ations in\u00e9dites et \u00e0 l&rsquo;actualit\u00e9 de la sc\u00e8ne locale et internationale en salle comme dans l&rsquo;espace public. Au programme de cette 9\u00e8me \u00e9dition : 35 spectacles (danse, th\u00e9\u00e2tres, performances, cirque, musique&#8230;) et installations, dont 12 nouvelles cr\u00e9ations, 4 premi\u00e8res mondiales, 2 premi\u00e8res fran\u00e7aises, 21 artistes venus de Nouvelle-Aquitaine, de France, et du monde entier, du Liban au Chili en passant par la Pologne et la Palestine.\u00a0 Et un\u00a0invit\u00e9 d&rsquo;honneur exceptionnel\u00a0: l&rsquo;artiste performeur\u00a0Johann Le Guillerm.\u00a0<\/strong><\/h3><p>Sculpteur, performeur, poe\u0300te, inventeur, Johann Le Guillerm trace sa route depuis trente ans avec patience et obstination. Figure majeure du cirque contemporain, c\u2019est un artiste explorateur inclassable.<\/p><p>Artiste venu du cirque, Johann Le Guillerm s\u2019est form\u00e9 au Centre National des Arts du Cirque, il cr\u00e9\u00e9 en 1994, sa propre compagnie Cirque ici et un premier spectacle solo, <i>O\u00f9 \u00e7a ?<\/i>, qui tournera cinq ans \u00e0 travers le monde. Le travail de Johann Le Guillerm a \u00e9t\u00e9 r\u00e9compens\u00e9 par le Grand Prix National du Cirque (1996), le Prix des Arts du Cirque SACD (2005) et le Grand Prix SACD (2017) pour l\u2019ensemble de son travail. Apr\u00e8s un tour du monde au cours duquel il se confronte aux d\u00e9s\u00e9quilibres de mondes handicap\u00e9s, traumatis\u00e9s et autarciques, il s\u2019engage en 2001 dans le projet Attraction projet de recherche qui interroge l\u2019\u00e9quilibre, les formes, les points de vue, le mouvement et l\u2019impermanence et se mat\u00e9rialise dans des formes vari\u00e9es : objets, spectacles, sculptures, performances\u2026 Il cr\u00e9e sous chapiteau, en salle, pour l\u2019espace public, \u00e0 l\u2019\u00e9chelle de villes enti\u00e8res et propose des \u0153uvres collaboratives. L\u2019artiste se d\u00e9finit comme praticien de l\u2019espace des points de vue.\u00a0<\/p><p>C\u2019est depuis 2001 que Johann Le Guillerm s\u2019est engag\u00e9 dans le projet <i>Attraction<\/i>, \u00e0 la crois\u00e9e de la sculpture, de l\u2019installation, des sciences, de la performance et du spectacle. Autant de formes qu\u2019il y a de chantiers d\u2019exploration dans l\u2019imaginaire de Johann Le Guillerm, des mani\u00e8res de dire le monde, de le raconter autrement. Les propositions qui constituent <i>Attraction<\/i> s\u2019\u00e9prouvent, se vivent, simplement. Pour Johann le Guillerm, c\u2019est cela le spectacle vivant : une exp\u00e9rience.<\/p><p>Le FAB, la Sce\u0300ne Nationale Carre\u0301-Colonnes, l\u2019Universite\u0301 de Bordeaux et la Cite\u0301Cirque s\u2019associent pour pre\u0301senter l\u2019e\u0301tendue et la richesse de son univers artistique. Johann Le Guillerm e\u0301labore sans cesse de \u00ab petits riens \u00bb jusqu\u2019a\u0300 de gigantesques ouvrages, avec la curiosite\u0301 insatiable de l\u2019enfant et l\u2019obstination du scientifique. C\u2019est ce monde, avec ses propres lois physiques, son alphabet, ses formes ge\u0301ome\u0301triques, mais aussi ses mouvements face aux grands enjeux climatiques que le FAB invite cette anne\u0301e a\u0300 rencontrer. Apre\u0300s Theo Jansen en 2022 et <em>Moonburn<\/em>\u00a0en 2023, le festival affirme son ambition de de\u0301cloisonner les genres et relier <strong>arts visuels et spectacle vivant<\/strong>, a\u0300 travers de nombreux temps forts ine\u0301dits : expositions dans ou encore hors les murs, insolite <em>Transumante<\/em> dans la ville,\u00a0<em>Architextures<\/em>\u00a0 et <em>Imperceptibles<\/em> au Carre\u0301 et aux Colonnes.<\/p><p>Ine\u0301dit : le public sera invite\u0301 a\u0300 de\u0301couvrir la nouvelle \u00ab mue \u00bb de <em>La Motte<\/em> durant le FAB. Rattrape\u0301e par une actualite\u0301 e\u0301cologique qui nous concerne tous, l\u2019oeuvre de l\u2019artiste fait e\u0301cho a\u0300 son e\u0301poque. Comme un manifeste, ce discours artistique et environnemental fait e\u0301cho a\u0300 l\u2019engagement du FAB en ce domaine.<\/p>\t\t\t\t\t\t<\/div>\n\t\t\t\t<\/div>\n\t\t\t\t\t<\/div>\n\t\t<\/div>\n\t\t\t\t\t\t\t<\/div>\n\t\t<\/section>\n\t\t\t\t<section class=\"elementor-section elementor-top-section elementor-element elementor-element-2a26dd3 elementor-section-boxed elementor-section-height-default elementor-section-height-default\" data-id=\"2a26dd3\" data-element_type=\"section\">\n\t\t\t\t\t\t<div class=\"elementor-container elementor-column-gap-default\">\n\t\t\t\t\t<div class=\"elementor-column elementor-col-100 elementor-top-column elementor-element elementor-element-72d6221\" data-id=\"72d6221\" data-element_type=\"column\">\n\t\t\t<div class=\"elementor-widget-wrap elementor-element-populated\">\n\t\t\t\t\t\t\t\t<div class=\"elementor-element elementor-element-53f3119 elementor-widget elementor-widget-heading\" data-id=\"53f3119\" data-element_type=\"widget\" data-widget_type=\"heading.default\">\n\t\t\t\t<div class=\"elementor-widget-container\">\n\t\t\t<style>\/*! elementor - v3.14.0 - 26-06-2023 *\/\n.elementor-heading-title{padding:0;margin:0;line-height:1}.elementor-widget-heading .elementor-heading-title[class*=elementor-size-]>a{color:inherit;font-size:inherit;line-height:inherit}.elementor-widget-heading .elementor-heading-title.elementor-size-small{font-size:15px}.elementor-widget-heading .elementor-heading-title.elementor-size-medium{font-size:19px}.elementor-widget-heading .elementor-heading-title.elementor-size-large{font-size:29px}.elementor-widget-heading .elementor-heading-title.elementor-size-xl{font-size:39px}.elementor-widget-heading .elementor-heading-title.elementor-size-xxl{font-size:59px}<\/style><h2 class=\"elementor-heading-title elementor-size-default\">\u0152uvres de Johann pr\u00e9sent\u00e9es dans le FAB 2024<\/h2>\t\t<\/div>\n\t\t\t\t<\/div>\n\t\t\t\t\t<\/div>\n\t\t<\/div>\n\t\t\t\t\t\t\t<\/div>\n\t\t<\/section>\n\t\t\t\t<section class=\"elementor-section elementor-top-section elementor-element elementor-element-ca2b5e9 elementor-section-boxed elementor-section-height-default elementor-section-height-default\" data-id=\"ca2b5e9\" data-element_type=\"section\">\n\t\t\t\t\t\t<div class=\"elementor-container elementor-column-gap-default\">\n\t\t\t\t\t<div class=\"elementor-column elementor-col-50 elementor-top-column elementor-element elementor-element-0478368\" data-id=\"0478368\" data-element_type=\"column\">\n\t\t\t<div class=\"elementor-widget-wrap elementor-element-populated\">\n\t\t\t\t\t\t\t\t<div class=\"elementor-element elementor-element-8d65f3a elementor-widget elementor-widget-text-editor\" data-id=\"8d65f3a\" data-element_type=\"widget\" data-widget_type=\"text-editor.default\">\n\t\t\t\t<div class=\"elementor-widget-container\">\n\t\t\t\t\t\t\t<h6>LA<strong> TRANSHUMANTE<\/strong>\u00a0&#8211;\u00a0<span style=\"color: #000000; font-family: var( --e-global-typography-text-font-family ), Sans-serif; font-weight: var( --e-global-typography-text-font-weight ); background-color: var(--ast-global-color-5); font-size: 1rem;\">Bordeaux<\/span><\/h6><p>Avec la participation exceptionnelle du Ch\u0153ur de l\u2019Op\u00e9ra National de Bordeaux<\/p><p>Quatre cent cinquante carrelets de bois de trois m\u00e8tres de longueur ; dix manipulateur\u00b7euses et un ma\u00eetre d\u2019\u0153uvre assist\u00e9s lors d\u2019un moment par 75 participant\u00b7es b\u00e9n\u00e9voles. Johann Le Guillerm proposera au public avec sa cr\u00e9ature <i>La Transumante<\/i>, une performance faite d\u2019une \u00e9nergie, douce, lente et contemplative. Cette longue procession contemporaine commence \u00e0 10h30 de la Place de la Bourse. \u00c0 16h rendez-vous sur le miroir d\u2019eau pour un concert exceptionnel du Ch\u0153ur de l\u2019Orchestre National de Bordeaux tout en contemplant l\u2019\u0153uvre au son du c\u00e9l\u00e8bre <i>Requiem<\/i> de Mozart.<\/p><p><strong>LES ARCHITEXTURES (cr\u00e9ation 2024)<\/strong> &#8211; Carr\u00e9, Saint-M\u00e9dard<\/p><p>\u00a0Architectures par leur forme, textures par leur maillage, <em>Les Architextures<\/em> infiltrent les paysages de leurs structures de bois. Utopies de construction, sans affectation, elles s\u2019exposent aux \u00e9l\u00e9ments, \u00e0 la m\u00e9moire et au pass\u00e9 des sites qu\u2019elles investissent, modifiant insensiblement et durablement le paysage autant qu\u2019elles sont transform\u00e9es par lui. Johann Le Guillerm cr\u00e9era une nouvelle <i>Architexture <\/i>pour le Carr\u00e9 \u00e0 Saint M\u00e9dard.<\/p><p><strong>LES IMPERCEPTIBLES<\/strong> &#8211; Carr\u00e9, Saint M\u00e9dard + Colonnes, Blanquefort + Espace Saint R\u00e9mi, Bordeaux + Station Marne, Universit\u00e9 de Bordeaux, Bordeaux<\/p><p>Hypnotique ! \u00c0 l\u2019oeil nu, rien ne bouge. Et pourtant\u2026 Quand on est vraiment l\u00e0, il n\u2019y a plus de notion de temps. Il faudra s\u2019arr\u00eater, prendre le temps et observer patiemment : ces machines, que vous croyiez immobiles, sont mues par un mouvement imperceptible.<\/p><p style=\"font-size: 15px; font-style: normal; font-weight: 400; font-family: 'Roboto Flex', sans-serif;\"><span style=\"font-weight: bold;\">LES IMAGINOGRAPHES L\u2019OBSERVATOIRE<\/span>\u00a0&#8211; Espace Saint-R\u00e9mi, Bordeaux<\/p><p style=\"font-size: 15px; font-style: normal; font-weight: 400; font-family: 'Roboto Flex', sans-serif;\">Pr\u00e9parez-vous \u00e0 entrer dans le laboratoire de recherche de Johann Le Guillerm. Un laboratoire dans lequel vous \u00eates invit\u00e9s \u00e0 regarder, ressentir, toucher et r\u00e9agir. Venez d\u00e9couvrir les dr\u00f4les de machines-outils, class\u00e9es par th\u00e9matiques et accompagn\u00e9es de modes d\u2019emploi d\u00e9sar\u00e7onnants. Une exp\u00e9rience pour construire un cheminement de pens\u00e9e et de r\u00e9flexion et changer de point de vue sur ce qu\u2019on voit ou ce qu\u2019on ne voit pas.\u00a0<\/p>\t\t\t\t\t\t<\/div>\n\t\t\t\t<\/div>\n\t\t\t\t\t<\/div>\n\t\t<\/div>\n\t\t\t\t<div class=\"elementor-column elementor-col-50 elementor-top-column elementor-element elementor-element-2d2bc8f\" data-id=\"2d2bc8f\" data-element_type=\"column\">\n\t\t\t<div class=\"elementor-widget-wrap elementor-element-populated\">\n\t\t\t\t\t\t\t\t<div class=\"elementor-element elementor-element-70ebe3b elementor-widget elementor-widget-text-editor\" data-id=\"70ebe3b\" data-element_type=\"widget\" data-widget_type=\"text-editor.default\">\n\t\t\t\t<div class=\"elementor-widget-container\">\n\t\t\t\t\t\t\t<p><strong style=\"font-style: inherit; background-color: var(--ast-global-color-5);\">LE PAS GRAND CHOSE<\/strong><span style=\"font-style: inherit; font-weight: inherit; background-color: var(--ast-global-color-5);\"> &#8211; Campus Marne, Universit\u00e9 de Bordeaux, Bordeaux<\/span><\/p>\n<p>R\u00e9pertorier les formes cr\u00e9\u00e9es par les \u00e9pluchures de mandarines, \u00e9tudier le rebond de la banane ou la g\u00e9om\u00e9trie de la nouille serpentine&#8230; Johann Le Guillerm a la curiosit\u00e9 de l\u2019enfant, l\u2019obstination du chercheur. Et la g\u00e9n\u00e9rosit\u00e9 de celui qui souhaite transmettre. <i>Le Pas Grand Chose <\/i>est une invitation, sous forme de conf\u00e9rence-spectacle, \u00e0 rentrer dans le cerveau arborescent de l\u2019artiste, \u00e0 partager son insatiable curiosit\u00e9 et son obsession pour les petits riens. Un rem\u00e8de contre le pr\u00eat-\u00e0-penser.<\/p>\n<p><strong>L\u2019AALU<\/strong> &#8211; Biblioth\u00e8que Universitaire, Pessac<\/p>\n<p>Le segment d\u2019une spirale (une spire) suspendue, nous invite \u00e0 en faire le tour. Notre d\u00e9placement fait appara\u00eetre diff\u00e9rents caract\u00e8res multipliant les points de vue sur la spire dont la trace de certains est dessin\u00e9 au sol.<\/p>\n<p><strong>LA MOTTE<\/strong> (cr\u00e9ation 2024) &#8211; Jardin de l\u2019H\u00f4tel de Ville, Bordeaux En partenariat avec le MusBa<\/p>\n<p>L<i>a Motte<\/i> est une plan\u00e8te \u00e0 port\u00e9 de vue enti\u00e8rement v\u00e9g\u00e9talis\u00e9e et en perp\u00e9tuelle r\u00e9volution sur elle-m\u00eame, son mouvement d\u00e9ployant au sol la m\u00e9moire de la trace de sa nature. Elle est \u00e0 l\u2019image de la fille de la Terre, elle pourrait nous aider a r\u00e9aliser que notre monde est un ensemble et nous rappelle que derri\u00e8re ce que l\u2019on voit se cache quelque chose que l\u2019on ne voit pas. <i>La Motte<\/i> a connu quatre prototypes avant cette derni\u00e8re cr\u00e9ation qui prend place \u00e0 l\u2019ext\u00e9rieur pour la premi\u00e8re fois au Jardin de l\u2019H\u00f4tel de Ville \u00e0 Bordeaux.<\/p>\n<p><strong>TERCES<\/strong> &#8211; La Cit\u00e9Cirque &#8211; CREAC, B\u00e8gles<\/p>\n<p>Dans <i>Terces<\/i>, Johann Le Guillerm nous entra\u00eene dans un univers myst\u00e9rieux o\u00f9 les objets se m\u00e9tamorphosent et d\u00e9fient la gravit\u00e9. Lors de cette exploration fascinante, son bestiaire d\u2019objets mutants fonctionnant \u00e0 l\u2019\u00e9nergie po\u00e9tique et utopique se met en mouvement myst\u00e9rieusement. Au centre, l\u2019artiste s\u2019y fait dompteur, dans un corps \u00e0-corps sublime, magnifi\u00e9 par une bande-son hypnotique. Redoutable de pr\u00e9cision, <i>Terces<\/i> d\u00e9fie les lois de la physique, et subjugue autant par la magie des images cr\u00e9\u00e9es que par la perplexit\u00e9 dans laquelle nous sommes d\u2019en avoir \u00e9t\u00e9 les t\u00e9moins.&nbsp;<\/p>\t\t\t\t\t\t<\/div>\n\t\t\t\t<\/div>\n\t\t\t\t\t<\/div>\n\t\t<\/div>\n\t\t\t\t\t\t\t<\/div>\n\t\t<\/section>\n\t\t\t\t<section class=\"elementor-section elementor-top-section elementor-element elementor-element-02b8a54 elementor-section-boxed elementor-section-height-default elementor-section-height-default\" data-id=\"02b8a54\" data-element_type=\"section\">\n\t\t\t\t\t\t<div class=\"elementor-container elementor-column-gap-default\">\n\t\t\t\t\t<div class=\"elementor-column elementor-col-100 elementor-top-column elementor-element elementor-element-f0a5f22\" data-id=\"f0a5f22\" data-element_type=\"column\">\n\t\t\t<div class=\"elementor-widget-wrap elementor-element-populated\">\n\t\t\t\t\t\t\t\t<div class=\"elementor-element elementor-element-1163243 elementor-widget elementor-widget-text-editor\" data-id=\"1163243\" data-element_type=\"widget\" data-widget_type=\"text-editor.default\">\n\t\t\t\t<div class=\"elementor-widget-container\">\n\t\t\t\t\t\t\t<p><strong>Dossier de presse<\/strong><\/p>\n<p><a href=\"https:\/\/fab.festivalbordeaux.com\/\">FAB \/\/ Festival International des Arts de Bordeaux M\u00e9tropole (festivalbordeaux.com)<\/a><strong><br><\/strong><\/p>\n<p><strong>\u00a9Joanne Azoubel<\/strong><\/p>\t\t\t\t\t\t<\/div>\n\t\t\t\t<\/div>\n\t\t\t\t\t<\/div>\n\t\t<\/div>\n\t\t\t\t\t\t\t<\/div>\n\t\t<\/section>\n\t\t\t\t\t\t\t<\/div>\n\t\t","protected":false},"excerpt":{"rendered":"<p>Le Festival International des Arts de Bordeaux M\u00e9tropole (FAB) revient du 28 septembre au 13 octobre 2024 dans toute la M\u00e9tropole bordelaise\u00a0et fait la part belle aux cr\u00e9ations in\u00e9dites et \u00e0 l&rsquo;actualit\u00e9 de la sc\u00e8ne locale et internationale en salle comme dans l&rsquo;espace public. Au programme de cette 9\u00e8me \u00e9dition : 35 spectacles (danse, th\u00e9\u00e2tres, &hellip;<\/p>\n<p class=\"read-more\"> <a class=\"\" href=\"https:\/\/umoove.art\/index.php\/2024\/08\/30\/elementor-6625\/\">  Lire la suite\u00a0\u00bb<\/a><\/p>\n","protected":false},"author":1,"featured_media":0,"comment_status":"closed","ping_status":"closed","sticky":false,"template":"","format":"standard","meta":{"site-sidebar-layout":"default","site-content-layout":"default","ast-global-header-display":"","ast-banner-title-visibility":"","ast-main-header-display":"","ast-hfb-above-header-display":"","ast-hfb-below-header-display":"","ast-hfb-mobile-header-display":"","site-post-title":"","ast-breadcrumbs-content":"","ast-featured-img":"","footer-sml-layout":"","theme-transparent-header-meta":"","adv-header-id-meta":"","stick-header-meta":"","header-above-stick-meta":"","header-main-stick-meta":"","header-below-stick-meta":"","footnotes":""},"categories":[52,1],"tags":[56,72,71,70],"class_list":["post-6625","post","type-post","status-publish","format-standard","hentry","category-annonce","category-non-classe","tag-bordeaux","tag-carre-colonnes","tag-fab","tag-johann-le-guillerm"],"aioseo_notices":[],"_links":{"self":[{"href":"https:\/\/umoove.art\/index.php\/wp-json\/wp\/v2\/posts\/6625","targetHints":{"allow":["GET"]}}],"collection":[{"href":"https:\/\/umoove.art\/index.php\/wp-json\/wp\/v2\/posts"}],"about":[{"href":"https:\/\/umoove.art\/index.php\/wp-json\/wp\/v2\/types\/post"}],"author":[{"embeddable":true,"href":"https:\/\/umoove.art\/index.php\/wp-json\/wp\/v2\/users\/1"}],"replies":[{"embeddable":true,"href":"https:\/\/umoove.art\/index.php\/wp-json\/wp\/v2\/comments?post=6625"}],"version-history":[{"count":14,"href":"https:\/\/umoove.art\/index.php\/wp-json\/wp\/v2\/posts\/6625\/revisions"}],"predecessor-version":[{"id":6647,"href":"https:\/\/umoove.art\/index.php\/wp-json\/wp\/v2\/posts\/6625\/revisions\/6647"}],"wp:attachment":[{"href":"https:\/\/umoove.art\/index.php\/wp-json\/wp\/v2\/media?parent=6625"}],"wp:term":[{"taxonomy":"category","embeddable":true,"href":"https:\/\/umoove.art\/index.php\/wp-json\/wp\/v2\/categories?post=6625"},{"taxonomy":"post_tag","embeddable":true,"href":"https:\/\/umoove.art\/index.php\/wp-json\/wp\/v2\/tags?post=6625"}],"curies":[{"name":"wp","href":"https:\/\/api.w.org\/{rel}","templated":true}]}}