{"id":6497,"date":"2024-06-20T19:29:21","date_gmt":"2024-06-20T17:29:21","guid":{"rendered":"https:\/\/umoove.art\/?p=6497"},"modified":"2024-06-20T19:34:18","modified_gmt":"2024-06-20T17:34:18","slug":"anne-nguyen","status":"publish","type":"post","link":"https:\/\/umoove.art\/index.php\/2024\/06\/20\/anne-nguyen\/","title":{"rendered":"Anne Nguyen"},"content":{"rendered":"\t\t<div data-elementor-type=\"wp-post\" data-elementor-id=\"6497\" class=\"elementor elementor-6497\" data-elementor-post-type=\"post\">\n\t\t\t\t\t\t\t\t\t<section class=\"elementor-section elementor-top-section elementor-element elementor-element-99f349e elementor-section-boxed elementor-section-height-default elementor-section-height-default\" data-id=\"99f349e\" data-element_type=\"section\">\n\t\t\t\t\t\t<div class=\"elementor-container elementor-column-gap-default\">\n\t\t\t\t\t<div class=\"elementor-column elementor-col-100 elementor-top-column elementor-element elementor-element-7b60dc7\" data-id=\"7b60dc7\" data-element_type=\"column\">\n\t\t\t<div class=\"elementor-widget-wrap elementor-element-populated\">\n\t\t\t\t\t\t\t\t<div class=\"elementor-element elementor-element-981d4bd elementor-widget elementor-widget-image\" data-id=\"981d4bd\" data-element_type=\"widget\" data-widget_type=\"image.default\">\n\t\t\t\t<div class=\"elementor-widget-container\">\n\t\t\t<style>\/*! elementor - v3.14.0 - 26-06-2023 *\/\n.elementor-widget-image{text-align:center}.elementor-widget-image a{display:inline-block}.elementor-widget-image a img[src$=\".svg\"]{width:48px}.elementor-widget-image img{vertical-align:middle;display:inline-block}<\/style>\t\t\t\t\t\t\t\t\t\t\t\t<img loading=\"lazy\" decoding=\"async\" width=\"768\" height=\"512\" src=\"https:\/\/umoove.art\/wp-content\/uploads\/2024\/06\/Pic_Anne_Nguyen_3_Patrick_Berger-768x512.jpg\" class=\"attachment-medium_large size-medium_large wp-image-6499\" alt=\"\" srcset=\"https:\/\/umoove.art\/wp-content\/uploads\/2024\/06\/Pic_Anne_Nguyen_3_Patrick_Berger-768x512.jpg 768w, https:\/\/umoove.art\/wp-content\/uploads\/2024\/06\/Pic_Anne_Nguyen_3_Patrick_Berger-300x200.jpg 300w, https:\/\/umoove.art\/wp-content\/uploads\/2024\/06\/Pic_Anne_Nguyen_3_Patrick_Berger-1024x683.jpg 1024w, https:\/\/umoove.art\/wp-content\/uploads\/2024\/06\/Pic_Anne_Nguyen_3_Patrick_Berger-1536x1025.jpg 1536w, https:\/\/umoove.art\/wp-content\/uploads\/2024\/06\/Pic_Anne_Nguyen_3_Patrick_Berger-2048x1366.jpg 2048w\" sizes=\"auto, (max-width: 768px) 100vw, 768px\" \/>\t\t\t\t\t\t\t\t\t\t\t\t\t\t\t<\/div>\n\t\t\t\t<\/div>\n\t\t\t\t\t<\/div>\n\t\t<\/div>\n\t\t\t\t\t\t\t<\/div>\n\t\t<\/section>\n\t\t\t\t<section class=\"elementor-section elementor-top-section elementor-element elementor-element-8f9b30c elementor-section-boxed elementor-section-height-default elementor-section-height-default\" data-id=\"8f9b30c\" data-element_type=\"section\">\n\t\t\t\t\t\t<div class=\"elementor-container elementor-column-gap-default\">\n\t\t\t\t\t<div class=\"elementor-column elementor-col-100 elementor-top-column elementor-element elementor-element-61af47b\" data-id=\"61af47b\" data-element_type=\"column\">\n\t\t\t<div class=\"elementor-widget-wrap elementor-element-populated\">\n\t\t\t\t\t\t\t\t<div class=\"elementor-element elementor-element-2d3cc31 elementor-widget elementor-widget-heading\" data-id=\"2d3cc31\" data-element_type=\"widget\" data-widget_type=\"heading.default\">\n\t\t\t\t<div class=\"elementor-widget-container\">\n\t\t\t<style>\/*! elementor - v3.14.0 - 26-06-2023 *\/\n.elementor-heading-title{padding:0;margin:0;line-height:1}.elementor-widget-heading .elementor-heading-title[class*=elementor-size-]>a{color:inherit;font-size:inherit;line-height:inherit}.elementor-widget-heading .elementor-heading-title.elementor-size-small{font-size:15px}.elementor-widget-heading .elementor-heading-title.elementor-size-medium{font-size:19px}.elementor-widget-heading .elementor-heading-title.elementor-size-large{font-size:29px}.elementor-widget-heading .elementor-heading-title.elementor-size-xl{font-size:39px}.elementor-widget-heading .elementor-heading-title.elementor-size-xxl{font-size:59px}<\/style><h2 class=\"elementor-heading-title elementor-size-default\">Anne Nguyen, aux racines du hip hop<\/h2>\t\t<\/div>\n\t\t\t\t<\/div>\n\t\t\t\t\t<\/div>\n\t\t<\/div>\n\t\t\t\t\t\t\t<\/div>\n\t\t<\/section>\n\t\t\t\t<section class=\"elementor-section elementor-top-section elementor-element elementor-element-3f4e32d elementor-section-boxed elementor-section-height-default elementor-section-height-default\" data-id=\"3f4e32d\" data-element_type=\"section\">\n\t\t\t\t\t\t<div class=\"elementor-container elementor-column-gap-default\">\n\t\t\t\t\t<div class=\"elementor-column elementor-col-100 elementor-top-column elementor-element elementor-element-5b49349\" data-id=\"5b49349\" data-element_type=\"column\">\n\t\t\t<div class=\"elementor-widget-wrap elementor-element-populated\">\n\t\t\t\t\t\t\t\t<div class=\"elementor-element elementor-element-8763254 elementor-widget elementor-widget-text-editor\" data-id=\"8763254\" data-element_type=\"widget\" data-widget_type=\"text-editor.default\">\n\t\t\t\t<div class=\"elementor-widget-container\">\n\t\t\t<style>\/*! elementor - v3.14.0 - 26-06-2023 *\/\n.elementor-widget-text-editor.elementor-drop-cap-view-stacked .elementor-drop-cap{background-color:#69727d;color:#fff}.elementor-widget-text-editor.elementor-drop-cap-view-framed .elementor-drop-cap{color:#69727d;border:3px solid;background-color:transparent}.elementor-widget-text-editor:not(.elementor-drop-cap-view-default) .elementor-drop-cap{margin-top:8px}.elementor-widget-text-editor:not(.elementor-drop-cap-view-default) .elementor-drop-cap-letter{width:1em;height:1em}.elementor-widget-text-editor .elementor-drop-cap{float:left;text-align:center;line-height:1;font-size:50px}.elementor-widget-text-editor .elementor-drop-cap-letter{display:inline-block}<\/style>\t\t\t\t<h3><strong>Depuis bient\u00f4t 20 ans, Anne Nguyen d\u00e9construit et reconstruit le vocabulaire des diff\u00e9rentes danses hip hop, participant ainsi \u00e0 renouveler et \u00e0 transmettre l&rsquo;histoire de ces cultures urbaines. Elle est aujourd\u2019hui artiste associ\u00e9e \u00e0 La Manufacture \u2013 CDCN Nouvelle Aquitaine. De quoi d\u00e9couvrir prochainement son \u0153uvre \u00e0 La Rochelle et Bordeaux. Rencontre avec une chor\u00e9graphe singuli\u00e8re et passionn\u00e9e.<\/strong><\/h3><p><strong style=\"font-style: inherit; background-color: var(--ast-global-color-5);\">Vous \u00eates artiste associ\u00e9e \u00e0 La Manufacture depuis une saison. Que repr\u00e9sente pour vous un tel partenariat avec ce genre de structure\u00a0?<\/strong><\/p><p>Il est tr\u00e8s important pour les artistes-chor\u00e9graphes d\u2019\u00eatre associ\u00e9-es \u00e0 des lieux tels que les centres de d\u00e9veloppement chor\u00e9graphique nationaux\u00a0: cela nous permet de travailler sur le long terme avec un lieu, une \u00e9quipe, un territoire, un public. \u00c0 travers les rencontres, les ateliers, les sorties de r\u00e9sidence, la compagnie peut prendre le temps d\u2019\u00e9changer avec le public, dont les retours m\u2019ont toujours apparu aussi passionnants que pr\u00e9cieux. Je ne fais pas ce m\u00e9tier pour traverser des villes et des th\u00e9\u00e2tres en y montrant mes pi\u00e8ces sans en comprendre l\u2019impact\u00a0; j\u2019aime aller \u00e0 la rencontre des spectateurs et me nourrir de leur r\u00e9flexion. Le CDCN a une mission bien sp\u00e9cifique par rapport \u00e0 la danse, notamment \u00e0 travers le rapport qu\u2019il entretient avec son territoire. Celui de La Manufacture qui couvre cette immense r\u00e9gion qu\u2019est la Nouvelle-Aquitaine, o\u00f9 je suis peu identifi\u00e9e, m\u2019offre de surcro\u00eet la possibilit\u00e9 de d\u00e9couvrir un nouveau public. Je ne peux donc \u00eatre que ravie d\u2019y \u00eatre artiste associ\u00e9e depuis septembre 2023.<\/p><p><strong>Et savez-vous pourquoi le choix de La Manufacture s\u2019est port\u00e9 sur vous\u00a0?<\/strong><\/p><p><span style=\"font-style: inherit; font-weight: inherit; background-color: var(--ast-global-color-5);\">Rien n\u2019a \u00e9t\u00e9 d\u00e9cid\u00e9 au hasard. Cela fait maintenant de nombreuses ann\u00e9es que je connais Stephan Lauret et Lise Saladain. <\/span><strong style=\"font-style: inherit; background-color: var(--ast-global-color-5);\">\u00c0<\/strong><span style=\"font-style: inherit; font-weight: inherit; background-color: var(--ast-global-color-5);\"> l\u2019\u00e9poque du Cuvier \u2013 CDC Aquitaine j\u2019ai jou\u00e9 il y a plus de 10 ans <\/span><em style=\"font-weight: inherit; background-color: var(--ast-global-color-5);\">PROMENADE OBLIGATOIRE<\/em><span style=\"font-style: inherit; font-weight: inherit; background-color: var(--ast-global-color-5);\">, une pi\u00e8ce de groupe autour du popping. Puis en 2015 j\u2019ai pour ce m\u00eame lieu cr\u00e9\u00e9 un jeune public en plateau partag\u00e9 avec Michel Schweizer. C\u2019\u00e9tait une pi\u00e8ce inspir\u00e9e par la narration des corps, intitul\u00e9e <\/span><em style=\"font-weight: inherit; background-color: var(--ast-global-color-5);\">Lettres \u00e0 Zerty<\/em><span style=\"font-style: inherit; font-weight: inherit; background-color: var(--ast-global-color-5);\">, au sein du programme <\/span><em style=\"font-weight: inherit; background-color: var(--ast-global-color-5);\">Au pied de la lettre<\/em><span style=\"font-style: inherit; font-weight: inherit; background-color: var(--ast-global-color-5);\">. Pour accompagner cette pi\u00e8ce, une ressource num\u00e9rique p\u00e9dagogique, accessible sur cl\u00e9 USB, avait \u00e9t\u00e9 cr\u00e9\u00e9e \u00e0 l\u2019attention des jeunes spectateurs mais aussi de leurs parents, enseignants, animateurs, j\u2019ai beaucoup appr\u00e9cie la d\u00e9marche.<\/span><\/p><p>Je me souviens que nous avions de tr\u00e8s bonnes connexions, Stephan, Lise et moi, nos sensibilit\u00e9s \u00e9tant proches. Nous avons gard\u00e9 contact toutes ces ann\u00e9es et me voil\u00e0 aujourd\u2019hui \u00e0 leurs c\u00f4t\u00e9s en Nouvelle-Aquitaine.<\/p><p><strong>Vous serez pr\u00e9sente \u00e0 La Manufacture de La Rochelle le jeudi 3 octobre pour l\u2019ouverture de saison 2024\/25. Mani\u00e8re de vous pr\u00e9senter au public de Charente-Maritime mais aussi de d\u00e9voiler votre nouveau film <em>UNDERDOG CITY<\/em>, variation autour de votre pi\u00e8ce <em>Underdogs<\/em>. Pouvez-vous nous en dire quelques mots ?<\/strong><\/p><p><span style=\"font-style: inherit; font-weight: inherit; background-color: var(--ast-global-color-5);\">J\u2019aime revisiter mes pi\u00e8ces \u00e0 travers la r\u00e9alisation de courts ou moyens m\u00e9trages, comme j\u2019ai pu le faire pr\u00e9c\u00e9demment avec <\/span><em style=\"font-weight: inherit; background-color: var(--ast-global-color-5);\">\u00c9picentre<\/em><span style=\"font-style: inherit; font-weight: inherit; background-color: var(--ast-global-color-5);\"> (ndlr\u00a0: Prix Performance de l\u2019Urban Films Festival 2022 et le troisi\u00e8me Prix du Public au TANZAHOI International Dance Film Festival 2022). Pour <\/span><em style=\"font-weight: inherit; background-color: var(--ast-global-color-5);\">UNDERDOG CITY<\/em><span style=\"font-style: inherit; font-weight: inherit; background-color: var(--ast-global-color-5);\">, l\u2019id\u00e9e \u00e9tait de r\u00e9unir les trois interpr\u00e8tes d\u2019<\/span><em style=\"font-weight: inherit; background-color: var(--ast-global-color-5);\">Underdogs<\/em><span style=\"font-style: inherit; font-weight: inherit; background-color: var(--ast-global-color-5);\"> et une quarantaine d\u2019habitants de la ville d\u2019Ivry-sur-Seine dans le Val-de-Marne. Essentiellement des filles et des femmes d\u2019ailleurs, de 9 \u00e0 plus de 60 ans. \u00c0 l&rsquo;initiative de la ville d&rsquo;Ivry et en partenariat avec La Briqueterie \u2013 CDCN du Val-de-Marne, cette cr\u00e9ation filmique est une version augment\u00e9e du spectacle qui met en avant les lieux embl\u00e9matiques de la ville et ses habitants, aux c\u00f4t\u00e9s de plusieurs danseurs\u00b7euses professionnel\u00b7le\u00b7s de mes diff\u00e9rents spectacles, qui ont men\u00e9 des ateliers avec eux. C\u2019est un regard po\u00e9tique crois\u00e9 sur la ville et le spectacle <\/span><em style=\"font-weight: inherit; background-color: var(--ast-global-color-5);\">Underdogs<\/em><span style=\"font-style: inherit; font-weight: inherit; background-color: var(--ast-global-color-5);\"> avec, en filigrane, un th\u00e8me autour de la statue de la Libert\u00e9, qui tr\u00e8s pr\u00e9sente dans la pi\u00e8ce. Ce film donne par ailleurs des cl\u00e9s de lecture sur<\/span><em style=\"font-weight: inherit; background-color: var(--ast-global-color-5);\"> Underdogs<\/em><span style=\"font-style: inherit; font-weight: inherit; background-color: var(--ast-global-color-5);\">, que beaucoup de spectateurs de La Manufacture \u2013 CDCN ont pu d\u00e9couvrir sur la saison 2023\/2024. J\u2019esp\u00e8re qu\u2019ils auront plaisir \u00e0 s\u2019y replonger \u00e0 travers ce film.<\/span><\/p><p><strong>Vous \u00eates chor\u00e9graphe, r\u00e9alisatrice, auteure&#8230; Vous avez toujours multipli\u00e9 les m\u00e9diums pour exprimer votre art\u2026<\/strong><\/p><p>Tout \u00e0 fait. Je suis arriv\u00e9e assez tardivement \u00e0 la danse, j\u2019ai commenc\u00e9 \u00e0 la pratiquer s\u00e9rieusement vers 19 ans. Auparavant j\u2019ai suivi des \u00e9tudes en physique, math\u00e9matiques et linguistique. Je m\u2019inspire d\u2019ailleurs beaucoup de principes math\u00e9matiques et g\u00e9om\u00e9triques pour composer des motifs de danse dans l\u2019espace et je dirais qu\u2019encore aujourd\u2019hui mon inspiration n\u2019est pas uniquement irrigu\u00e9e par la danse, par le mouvement\u00a0: j\u2019aime la th\u00e9orie des jeux, l\u2019analyse des syst\u00e8mes complexes, la bande dessin\u00e9e&#8230;<\/p><p>J\u2019ai toujours aim\u00e9 \u00e9crire. J\u2019ai publi\u00e9 dans le magazine <em>Graff it\u00a0! <\/em>mon recueil de po\u00e8mes sur la danse\u00a0:\u00a0 <em>le Manuel du Guerrier de la Ville<\/em>, puis y ai \u00e9t\u00e9 r\u00e9dactrice en chef de la section danse entre 2006 et 2009. Je trouvais important qu\u2019une danseuse hip hop puisse prendre la parole sur son art et qu\u2019il ne soit pas chroniqu\u00e9 uniquement sous le seul prisme des \u00ab\u00a0journalistes culture\u00a0\u00bb dont les \u00e9crits ne correspondaient bien souvent pas \u00e0 la r\u00e9alit\u00e9 d\u2019un milieu \u00e9mergent. En parall\u00e8le de mon travail de chor\u00e9graphe, j\u2019ai \u00e9t\u00e9 intervenante artistique \u00e0 Sciences Po Paris de 2012 \u00e0 2018. J\u2019ai beaucoup \u00e9crit sur la danse et donne aujourd\u2019hui de nombreuses conf\u00e9rences.<\/p><p><strong>Vos pi\u00e8ces ont travers\u00e9 les diverses essences de la danse hip hop :\u00a0 le break avec\u00a0<em>Yonder Woman<\/em>, le\u00a0<\/strong><a href=\"https:\/\/fr.wikipedia.org\/wiki\/Popping\"><strong>popping<\/strong><\/a><strong>\u00a0avec\u00a0<em>bal.exe<\/em>\u00a0\u2026 Votre prochaine cr\u00e9ation <em>[Superstrat[ <\/em>questionnera une fois encore l\u2019histoire du hip hop. Cette fois-ci \u00e0 travers les liens entre l\u2019Afrique et l\u2019Am\u00e9rique qui ont donn\u00e9 naissance \u00e0 la culture hip hop ?<\/strong><\/p><p><em style=\"font-weight: inherit; background-color: var(--ast-global-color-5);\">[Superstrat[<\/em><span style=\"font-style: inherit; font-weight: inherit; background-color: var(--ast-global-color-5);\"> explore les racines ancestrales de la danse et de la musique et leur lien avec le patrimoine afro-am\u00e9ricain. Port\u00e9 par Mark-Wilfried Kouadio, vu dans ma pr\u00e9c\u00e9dente pi\u00e8ce <\/span><em style=\"font-weight: inherit; background-color: var(--ast-global-color-5);\">Mati\u00e8re(s) premi\u00e8re(s),<\/em><span style=\"font-style: inherit; font-weight: inherit; background-color: var(--ast-global-color-5);\"> ce solo raconte la m\u00e9moire du corps \u00e0 travers un voyage initiatique et migratoire. Par la danse et le chant, il traverse rythmes, \u00e9poques et gestuelles, rappelant le langage ancestral du corps et sa capacit\u00e9 de r\u00e9invention.<\/span><\/p><p><span style=\"font-style: inherit; font-weight: inherit; background-color: var(--ast-global-color-5);\">Le terme \u00ab\u202fsuperstrat\u202f\u00bb d\u00e9signe les traces laiss\u00e9es par une langue sur une autre. <\/span><em style=\"font-weight: inherit; background-color: var(--ast-global-color-5);\">[Superstrat[<\/em><span style=\"font-style: inherit; font-weight: inherit; background-color: var(--ast-global-color-5);\"> examine ainsi les influences culturelles de l\u2019immigration, combinant tradition et modernit\u00e9, et montre comment les pratiques ancestrales ressurgissent, se transforment et se diffusent. Je suis tr\u00e8s attach\u00e9e \u00e0 l\u2019histoire des danses urbaines, car elles nous ram\u00e8nent \u00e0 nos intuitions profondes et universelles de la danse.<\/span><\/p><p><span style=\"font-style: inherit; font-weight: inherit; background-color: var(--ast-global-color-5);\">Vous savez, je suis entr\u00e9e dans le hip hop via la musique. Ce qui m&rsquo;a attir\u00e9 dans cette culture, avant m\u00eame de comprendre les paroles, c&rsquo;est l&rsquo;essence guerri\u00e8re du rap U.S., ses rythmes et ses sonorit\u00e9s \u00e9voquant une arm\u00e9e rebelle en marche. J\u2019ai \u00e9t\u00e9 gris\u00e9e par ce mouvement d\u2019\u00e9mancipation et de d\u00e9nonciation des oppressions. Je veux revenir \u00e0 cette essence car j\u2019ai le sentiment que le hip hop perd aujourd\u2019hui ses fondements\u00a0: il est issu d\u2019une pratique avant tout sociale, mais est aujourd\u2019hui souvent transmis de mani\u00e8re acad\u00e9mique.<\/span><\/p><p>Je ne peux concevoir le hip hop comme une danse acad\u00e9mique sans vision sociale. On a tendance \u00e0 oublier l\u2019histoire de cette danse\u00a0: le break, le Bronx, l\u2019universalisme de cet art. La culture hip-hop, h\u00e9riti\u00e8re de l&rsquo;histoire culturelle afro-am\u00e9ricaine, r\u00e9sulte de la fusion de diverses traditions et cultures au sein d\u2019espaces urbains confin\u00e9s. Aujourd&rsquo;hui, la danse hip-hop est ouverte et cosmopolite mais elle est bien plus couramment pr\u00e9sente dans les centres-villes que dans les banlieues, pratiqu\u00e9e principalement par des classes sociales ais\u00e9es, et essentiellement par des jeunes filles. L\u2019institutionnalisation de cette culture via la cr\u00e9ation d\u2019un Dipl\u00f4me d\u2019Etat pour l\u2019enseigner ou l\u2019int\u00e9gration du break comme discipline aux Jeux Olympiques va accentuer cette gentrification du hip hop qui est d\u00e9j\u00e0 en route depuis de nombreuses ann\u00e9es. L\u2019argent va couler \u00e0 flots, mais il ne servira majoritairement pas \u00e0 d\u00e9velopper des projets de territoire sur les banlieues et au profit des milieux issus de l\u2019immigration r\u00e9cente, qui ont pourtant \u00e9t\u00e9 le terreau du hip-hop lors de son \u00e9mergence en France dans les ann\u00e9es 80. Le pr\u00e9tendre est une imposture politique. Le hip hop, lanc\u00e9 dans le grand bal de l\u2019\u00e9conomie des loisirs et du divertissement, soumis au grand march\u00e9 de l\u2019individualisme et de la comp\u00e9tition, est pour moi aujourd\u2019hui le sympt\u00f4me d\u2019une soumission \u00e0 une forme d\u2019h\u00e9g\u00e9monie culturelle am\u00e9ricaine, et clairement l\u2019antith\u00e8se de la danse dans sa forme universelle, sociale et f\u00e9d\u00e9ratrice, et \u00e0 l\u2019oppos\u00e9 des valeurs de ce mouvement contestataire et \u00e9mancipateur.<\/p><p><strong>A La Manufacture CDCN La Rochelle\u00a0: <\/strong>Pr\u00e9sentation de saison 2024\/25 &#8211; jeudi 3 octobre 18h30\u00a0; Premier regard sur [Superstrat[- jeudi 21 novembre 18h30\u00a0; [Superstrat[ (repr\u00e9sentation) &#8211; mardi 11 mars 19h30<\/p><p><strong>\u00a0<\/strong><strong>Propos recueillis par C\u00e9dric Chaory<\/strong><\/p><p><strong>\u00a0<\/strong>\u00a9<strong>Patrick Berger<\/strong><\/p>\t\t\t\t\t\t<\/div>\n\t\t\t\t<\/div>\n\t\t\t\t\t<\/div>\n\t\t<\/div>\n\t\t\t\t\t\t\t<\/div>\n\t\t<\/section>\n\t\t\t\t\t\t\t<\/div>\n\t\t","protected":false},"excerpt":{"rendered":"<p>Anne Nguyen, aux racines du hip hop Depuis bient\u00f4t 20 ans, Anne Nguyen d\u00e9construit et reconstruit le vocabulaire des diff\u00e9rentes danses hip hop, participant ainsi \u00e0 renouveler et \u00e0 transmettre l&rsquo;histoire de ces cultures urbaines. Elle est aujourd\u2019hui artiste associ\u00e9e \u00e0 La Manufacture \u2013 CDCN Nouvelle Aquitaine. De quoi d\u00e9couvrir prochainement son \u0153uvre \u00e0 La &hellip;<\/p>\n<p class=\"read-more\"> <a class=\"\" href=\"https:\/\/umoove.art\/index.php\/2024\/06\/20\/anne-nguyen\/\"> <span class=\"screen-reader-text\">Anne Nguyen<\/span> Lire la suite\u00a0\u00bb<\/a><\/p>\n","protected":false},"author":1,"featured_media":0,"comment_status":"closed","ping_status":"closed","sticky":false,"template":"","format":"standard","meta":{"site-sidebar-layout":"default","site-content-layout":"default","ast-global-header-display":"","ast-banner-title-visibility":"","ast-main-header-display":"","ast-hfb-above-header-display":"","ast-hfb-below-header-display":"","ast-hfb-mobile-header-display":"","site-post-title":"","ast-breadcrumbs-content":"","ast-featured-img":"","footer-sml-layout":"","theme-transparent-header-meta":"","adv-header-id-meta":"","stick-header-meta":"","header-above-stick-meta":"","header-main-stick-meta":"","header-below-stick-meta":"","footnotes":""},"categories":[9],"tags":[],"class_list":["post-6497","post","type-post","status-publish","format-standard","hentry","category-interview-interview"],"aioseo_notices":[],"_links":{"self":[{"href":"https:\/\/umoove.art\/index.php\/wp-json\/wp\/v2\/posts\/6497","targetHints":{"allow":["GET"]}}],"collection":[{"href":"https:\/\/umoove.art\/index.php\/wp-json\/wp\/v2\/posts"}],"about":[{"href":"https:\/\/umoove.art\/index.php\/wp-json\/wp\/v2\/types\/post"}],"author":[{"embeddable":true,"href":"https:\/\/umoove.art\/index.php\/wp-json\/wp\/v2\/users\/1"}],"replies":[{"embeddable":true,"href":"https:\/\/umoove.art\/index.php\/wp-json\/wp\/v2\/comments?post=6497"}],"version-history":[{"count":4,"href":"https:\/\/umoove.art\/index.php\/wp-json\/wp\/v2\/posts\/6497\/revisions"}],"predecessor-version":[{"id":6502,"href":"https:\/\/umoove.art\/index.php\/wp-json\/wp\/v2\/posts\/6497\/revisions\/6502"}],"wp:attachment":[{"href":"https:\/\/umoove.art\/index.php\/wp-json\/wp\/v2\/media?parent=6497"}],"wp:term":[{"taxonomy":"category","embeddable":true,"href":"https:\/\/umoove.art\/index.php\/wp-json\/wp\/v2\/categories?post=6497"},{"taxonomy":"post_tag","embeddable":true,"href":"https:\/\/umoove.art\/index.php\/wp-json\/wp\/v2\/tags?post=6497"}],"curies":[{"name":"wp","href":"https:\/\/api.w.org\/{rel}","templated":true}]}}