{"id":6326,"date":"2024-04-28T20:00:17","date_gmt":"2024-04-28T18:00:17","guid":{"rendered":"https:\/\/umoove.art\/?p=6326"},"modified":"2024-04-30T11:34:49","modified_gmt":"2024-04-30T09:34:49","slug":"a-corps","status":"publish","type":"post","link":"https:\/\/umoove.art\/index.php\/2024\/04\/28\/a-corps\/","title":{"rendered":"\u00c0 Corps"},"content":{"rendered":"\t\t<div data-elementor-type=\"wp-post\" data-elementor-id=\"6326\" class=\"elementor elementor-6326\" data-elementor-post-type=\"post\">\n\t\t\t\t\t\t\t\t\t<section class=\"elementor-section elementor-top-section elementor-element elementor-element-f68d5a0 elementor-section-boxed elementor-section-height-default elementor-section-height-default\" data-id=\"f68d5a0\" data-element_type=\"section\">\n\t\t\t\t\t\t<div class=\"elementor-container elementor-column-gap-default\">\n\t\t\t\t\t<div class=\"elementor-column elementor-col-100 elementor-top-column elementor-element elementor-element-0d3d07b\" data-id=\"0d3d07b\" data-element_type=\"column\">\n\t\t\t<div class=\"elementor-widget-wrap elementor-element-populated\">\n\t\t\t\t\t\t\t\t<div class=\"elementor-element elementor-element-441950a elementor-widget elementor-widget-image\" data-id=\"441950a\" data-element_type=\"widget\" data-widget_type=\"image.default\">\n\t\t\t\t<div class=\"elementor-widget-container\">\n\t\t\t<style>\/*! elementor - v3.14.0 - 26-06-2023 *\/\n.elementor-widget-image{text-align:center}.elementor-widget-image a{display:inline-block}.elementor-widget-image a img[src$=\".svg\"]{width:48px}.elementor-widget-image img{vertical-align:middle;display:inline-block}<\/style>\t\t\t\t\t\t\t\t\t\t\t\t<img loading=\"lazy\" decoding=\"async\" width=\"768\" height=\"614\" src=\"https:\/\/umoove.art\/wp-content\/uploads\/2024\/04\/En-plein-coeur-Christian-et-Francois-Ben-Aim-2-768x614.jpg\" class=\"attachment-medium_large size-medium_large wp-image-6328\" alt=\"\" srcset=\"https:\/\/umoove.art\/wp-content\/uploads\/2024\/04\/En-plein-coeur-Christian-et-Francois-Ben-Aim-2-768x614.jpg 768w, https:\/\/umoove.art\/wp-content\/uploads\/2024\/04\/En-plein-coeur-Christian-et-Francois-Ben-Aim-2-300x240.jpg 300w, https:\/\/umoove.art\/wp-content\/uploads\/2024\/04\/En-plein-coeur-Christian-et-Francois-Ben-Aim-2-1024x819.jpg 1024w, https:\/\/umoove.art\/wp-content\/uploads\/2024\/04\/En-plein-coeur-Christian-et-Francois-Ben-Aim-2-1536x1229.jpg 1536w, https:\/\/umoove.art\/wp-content\/uploads\/2024\/04\/En-plein-coeur-Christian-et-Francois-Ben-Aim-2.jpg 2000w\" sizes=\"auto, (max-width: 768px) 100vw, 768px\" \/>\t\t\t\t\t\t\t\t\t\t\t\t\t\t\t<\/div>\n\t\t\t\t<\/div>\n\t\t\t\t\t<\/div>\n\t\t<\/div>\n\t\t\t\t\t\t\t<\/div>\n\t\t<\/section>\n\t\t\t\t<section class=\"elementor-section elementor-top-section elementor-element elementor-element-bd5f9df elementor-section-boxed elementor-section-height-default elementor-section-height-default\" data-id=\"bd5f9df\" data-element_type=\"section\">\n\t\t\t\t\t\t<div class=\"elementor-container elementor-column-gap-default\">\n\t\t\t\t\t<div class=\"elementor-column elementor-col-100 elementor-top-column elementor-element elementor-element-683b893\" data-id=\"683b893\" data-element_type=\"column\">\n\t\t\t<div class=\"elementor-widget-wrap elementor-element-populated\">\n\t\t\t\t\t\t\t\t<div class=\"elementor-element elementor-element-b049c8b elementor-widget elementor-widget-heading\" data-id=\"b049c8b\" data-element_type=\"widget\" data-widget_type=\"heading.default\">\n\t\t\t\t<div class=\"elementor-widget-container\">\n\t\t\t<style>\/*! elementor - v3.14.0 - 26-06-2023 *\/\n.elementor-heading-title{padding:0;margin:0;line-height:1}.elementor-widget-heading .elementor-heading-title[class*=elementor-size-]>a{color:inherit;font-size:inherit;line-height:inherit}.elementor-widget-heading .elementor-heading-title.elementor-size-small{font-size:15px}.elementor-widget-heading .elementor-heading-title.elementor-size-medium{font-size:19px}.elementor-widget-heading .elementor-heading-title.elementor-size-large{font-size:29px}.elementor-widget-heading .elementor-heading-title.elementor-size-xl{font-size:39px}.elementor-widget-heading .elementor-heading-title.elementor-size-xxl{font-size:59px}<\/style><h2 class=\"elementor-heading-title elementor-size-default\">Le trentenaire \u00c0 Corps<\/h2>\t\t<\/div>\n\t\t\t\t<\/div>\n\t\t\t\t\t<\/div>\n\t\t<\/div>\n\t\t\t\t\t\t\t<\/div>\n\t\t<\/section>\n\t\t\t\t<section class=\"elementor-section elementor-top-section elementor-element elementor-element-1c52a9a elementor-section-boxed elementor-section-height-default elementor-section-height-default\" data-id=\"1c52a9a\" data-element_type=\"section\">\n\t\t\t\t\t\t<div class=\"elementor-container elementor-column-gap-default\">\n\t\t\t\t\t<div class=\"elementor-column elementor-col-100 elementor-top-column elementor-element elementor-element-06205b5\" data-id=\"06205b5\" data-element_type=\"column\">\n\t\t\t<div class=\"elementor-widget-wrap elementor-element-populated\">\n\t\t\t\t\t\t\t\t<div class=\"elementor-element elementor-element-91cb14b elementor-widget elementor-widget-text-editor\" data-id=\"91cb14b\" data-element_type=\"widget\" data-widget_type=\"text-editor.default\">\n\t\t\t\t<div class=\"elementor-widget-container\">\n\t\t\t<style>\/*! elementor - v3.14.0 - 26-06-2023 *\/\n.elementor-widget-text-editor.elementor-drop-cap-view-stacked .elementor-drop-cap{background-color:#69727d;color:#fff}.elementor-widget-text-editor.elementor-drop-cap-view-framed .elementor-drop-cap{color:#69727d;border:3px solid;background-color:transparent}.elementor-widget-text-editor:not(.elementor-drop-cap-view-default) .elementor-drop-cap{margin-top:8px}.elementor-widget-text-editor:not(.elementor-drop-cap-view-default) .elementor-drop-cap-letter{width:1em;height:1em}.elementor-widget-text-editor .elementor-drop-cap{float:left;text-align:center;line-height:1;font-size:50px}.elementor-widget-text-editor .elementor-drop-cap-letter{display:inline-block}<\/style>\t\t\t\t<p><strong>30 ans.<\/strong> Trente ans d\u00e9j\u00e0 que, sans faux accords, le festival n\u00e9o-aquitain souffle sur la ville de Poitiers un vent d\u2019effervescence \u00e0 coups de cr\u00e9ations in\u00e9dites, performances singuli\u00e8res et rencontres entre amateurs estudiantins et chor\u00e9graphes \u00e9m\u00e9rites. Il pourrait avoir perdu de son audace ce festival <em>A CORPS<\/em> rendu exsangue par trois d\u00e9cennies \u00e0 pr\u00e9senter les plus singuli\u00e8res cr\u00e9ations de la sc\u00e8ne chor\u00e9graphique actuelle&nbsp;mais non&nbsp;: il bouge bel et bien en ce mois d\u2019avril 24. Un coup d\u2019\u0153il sur sa programmation \u2013 la derni\u00e8re concoct\u00e9e par <strong>J\u00e9r\u00f4me Lecardeur,<\/strong> directeur du TAP jusqu\u2019en septembre dernier \u2013 prouve sa vigueur&nbsp;: <strong>Micha\u00ebl Phelipeau, Nach, Jonathan Capdevielle, Arno Ferrara <\/strong>et<strong> Gilles Potet, Calixto Neto, <\/strong>feu <strong>Alain Buffard, La Tierce <\/strong>ou encore<strong> Jean-Luc Verna. <\/strong>Les corps n\u2019y ont jamais \u00e9t\u00e9 aussi libres. Qu\u2019ils soient jeunes, \u00e2g\u00e9s, fragiles, puissants, genr\u00e9s, androgynes ou en transition, leur parole et repr\u00e9sentation r\u00e9sonnent fort et impriment dans nos r\u00e9tines.<\/p>\n<p><em>\u00ab&nbsp;C\u2019est un vrai plaisir d\u2019arriver \u00e0 la t\u00eate d\u2019un lieu qui f\u00eate les 30 ans d\u2019un festival. De vivre cette \u00e9dition, je prends \u00e0 la fois conscience de cet h\u00e9ritage et cela me permet d\u2019imaginer les 30 prochaines ann\u00e9es\u2026(rires). Dans l\u2019\u00e9criture de mon projet, tourn\u00e9 essentiellement autour de la musique, il y a bien s\u00fbr le maintien du festival A CORPS. Je viens aussi de la danse, ai dirig\u00e9 une sc\u00e8ne conventionn\u00e9e danse et j\u2019aurais \u00e9t\u00e9 bien pr\u00e9tentieuse de tirer un trait sur ce festival. J\u2019ai d\u2019ailleurs connu le TAP \u00e0 travers le festival. J\u2019y suis venue \u00e0 deux reprises et \u00e0 chaque fois ai savour\u00e9 son ambiance. Pour ses 30 ans, quelle f\u00eate incroyable ont imagin\u00e9 J\u00e9r\u00f4me et son acolyte <strong>Christophe Potet<\/strong>. Le dimanche \u00e0 Blossac, le medley des ateliers de recherche chor\u00e9graphique men\u00e9s par <strong>Isabelle Lamothe<\/strong> \u00e9tait un tr\u00e8s grand moment d\u2019\u00e9motion&nbsp;!&nbsp;\u00bb <\/em>confie la toute nouvelle directrice de la sc\u00e8ne nationale de Poitiers <b>Rapha\u00eblle Girard<\/b>, avant de se rendre \u00e0 la repr\u00e9sentation de <em>Corps \u00e0 Corps,<\/em> place des Templiers dans le quartier de Beaulieu.<\/p>\n<p><strong>Amateurisme \u00e9clair\u00e9<\/strong><\/p>\n<p>Le projet <em>Corps \u00e0 Corps,<\/em> dirig\u00e9 par <strong>Julie Coutant<\/strong> (de La Cavale) en collaboration avec le Centre d&rsquo;Animation de Beaulieu, incarne une sororit\u00e9 d\u2019amateures&nbsp;<span style=\"font-style: inherit; font-weight: inherit; font-family: var( --e-global-typography-text-font-family ), Sans-serif; background-color: var(--ast-global-color-5);\">qui, durant toute une ann\u00e9e, a compagnonn\u00e9 avec la chor\u00e9graphe. Chor\u00e9graphie destin\u00e9e \u00e0 l&rsquo;espace public, cette oeuvre participative invite chacune \u00e0 plonger dans le mouvement \u00e0 partir de sa propre sensibilit\u00e9. Laisser les sensations vous traverser, composer \u00e0 partir de son essence et de ce qui l&rsquo;entoure, laisser une trace de son \u00eatre dans le quartier\u2026 Durant un court instant (15mn) empreint de po\u00e9sie et de d\u00e9licatesse, le groupe de femmes interpr\u00e8te avec application cette exp\u00e9rience, manifestement touch\u00e9es par l&rsquo;attention d&rsquo;une foule acquise \u00e0 ces <\/span><em style=\"font-weight: inherit; font-family: var( --e-global-typography-text-font-family ), Sans-serif; background-color: var(--ast-global-color-5);\">Corps \u00e0 corps&nbsp;<\/em><span style=\"font-style: inherit; font-weight: inherit; font-family: var( --e-global-typography-text-font-family ), Sans-serif; background-color: var(--ast-global-color-5);\">sensibles, pudiques et sinc\u00e8res.<\/span><\/p>\n<p>A quelques encablures de la place des Templiers se trouve le Centre d\u2019Animation de Beaulieu, autre th\u00e9\u00e2tre poitevin accordant une large place \u00e0 l\u2019art chor\u00e9graphique (sous la houlette de <b>C\u00e9line Bergeron<\/b>, responsable de la programmation et de l&rsquo;action culturelle Beaulieu Danse). On y d\u00e9voile comme chaque ann\u00e9e les cr\u00e9ations des universit\u00e9s et des lyc\u00e9es. En ce dernier week-end de festival ce sont les universit\u00e9s de Lille, de Bordeaux Montaigne, de Toulouse, de Nuevo L\u00e9on (Mexique) et d\u2019Avignon. Toutes ont fait montre de belles qualit\u00e9s d\u2019interpr\u00e9tations et d\u2019une solide technique. Mention sp\u00e9ciale \u00e0 <em>La Nuit entre deux soleils<\/em>, extrait d\u2019une pi\u00e8ce de <strong>Gilles Baron<\/strong> que les \u00e9tudiants bordelais ont incarn\u00e9 avec une belle intensit\u00e9. Idem pour les \u00e9tudiants mexicains avec <em>The Cleansing<\/em>, troublant voyage questionnant notre place en ce bas monde. O\u00f9 il est question d\u2019appartenance et de r\u00e9sistance, le tout soutenu par un joli travail de vid\u00e9o. On se souviendra aussi de <em>Camembert&nbsp;: le couronnement. <\/em>Potache et d\u00e9jant\u00e9e, la pi\u00e8ce se veut politiquement incorrecte. Men\u00e9e par une troupe d\u2019apprenties com\u00e9diennes qui n\u2019a pas froid aux yeux, la proposition \u00e9mane du vibrant collectif <b>Nous indisciplin\u00e9.e.s<\/b>, avec comme regard ext\u00e9rieur&nbsp;<strong style=\"font-style: inherit; font-family: var( --e-global-typography-text-font-family ), Sans-serif; background-color: var(--ast-global-color-5);\">Valentina Paz Morales Vald\u00e8s.<\/strong><span style=\"font-style: inherit; font-weight: inherit; font-family: var( --e-global-typography-text-font-family ), Sans-serif; background-color: var(--ast-global-color-5);\">&nbsp;Elle embrasse les th\u00e9matiques-phares de la g\u00e9n\u00e9ration woke #MeToo. Grin\u00e7ante puis lassante, l\u2019\u0153uvre est clivante.<\/span><\/p>\n<p><strong>Odile en majest\u00e9<\/strong><\/p>\n<p>A deux reprises <strong>Odile Azagury<\/strong> aura brill\u00e9 sur les sc\u00e8nes du festival. Une premi\u00e8re fois le lundi 8 avril, soir de cr\u00e9ation de <em>Voir, toucher, s\u2019aimer fort<\/em>, premi\u00e8re cr\u00e9ation de <strong>Renaud Dallet<\/strong> et le vendredi de cette m\u00eame semaine avec sa propre cr\u00e9ation <em>Les Eperdues<\/em>. La derni\u00e8re dit-on d\u2019une longue et incroyable carri\u00e8re.<\/p>\n<p>De <em>Voir, toucher, s\u2019aimer fort,<\/em> nous n\u2019avons qu\u2019entre aper\u00e7us les pr\u00e9misses lors d\u2019une sortie de r\u00e9sidence \u00e0 La Manufacture \u2013 CDCN La Rochelle. Ce premier opus, inspir\u00e9 de l\u2019exp\u00e9rience en h\u00f4pital psychiatrique de Renaud Dallet promettait alors une rencontre singuli\u00e8re de deux \u00eatres \u00e9chou\u00e9s sur d\u2019ilots solitaires. Odile Azagury y captait d\u00e9j\u00e0 toute l\u2019attention. Comme ce vendredi soir o\u00f9 elle d\u00e9voile \u00e0 son tour son ultime \u0153uvre <em>Les \u00e9perdues, <\/em>tir\u00e9e de ses souvenirs d\u2019enfance. Ceux o\u00f9 elle passait ses week-ends \u00e0 lire, au Maroc, les romans-photos hispaniques de sa grand-m\u00e8re. Des romances kitsch \u00e0 souhait o\u00f9 s\u2019\u00e9talent jalousies et trahisons, tendres baisers et c\u0153urs bris\u00e9s. De ces histoires de femmes \u00e9perdument amoureuses, Odile Azagury a imagin\u00e9 une pi\u00e8ce \u00e0 la gestuelle fort expressionniste se d\u00e9ployant sur une sc\u00e8ne quadrill\u00e9e par des laies de papiers qui se d\u00e9roulent tout au long de la pi\u00e8ce \u2026 avant d\u2019\u00eatre hach\u00e9s menu par les quatre interpr\u00e8tes. Au diable ces petites mythologies sentimentales sur papier glac\u00e9 semblent nous dire ces femmes. Alors que tombent des cintres de larges feuilles de papiers froiss\u00e9es, dessinant un plateau accident\u00e9, elles se rel\u00e8vent de leurs amourettes contrari\u00e9es. La m\u00e9lodie lancinante de <strong>Gaspar Claus<\/strong> laisse place \u00e0 une scie musicale de 1984&nbsp;: <em>Still loving you<\/em> du groupe <strong>Scorpions<\/strong>. Vous vouliez du kitsh, le voici et <strong>Alexandre Naudet<\/strong> d\u2019entonner dans un parfait playback (air guitar compris)&nbsp;: <em>\u00ab&nbsp;If we&rsquo;d go again \/ All the way from the start\/ I would try to change \/ Things that killed our love&nbsp;\u00bb.<\/em> Ce point de bascule des <em>Eperdues<\/em>, on ne l\u2019avait pas vu venir et on ne sait, au final, qu\u2019en penser. Ce qui est s\u00fbr c\u2019est que ce lip sync aura permis au public de focaliser un temps sur Alexandra, lui qui pendant toute la pi\u00e8ce n\u2019a eu d\u2019yeux que pour l\u2019incroyable interpr\u00e8te qu\u2019est Odile.<\/p>\n<p><strong>Marco et Barbara, les ambianceurs<\/strong><\/p>\n<p>En cl\u00f4ture du festival&nbsp;: la f\u00eate. D\u2019abord celle que propose, dans une ambiance hypnotique de clubbing, la sensation des sc\u00e8nes europ\u00e9ennes <a href=\"https:\/\/umoove.art\/index.php\/2022\/12\/04\/brother-marco-da-silva-ferreira\/\"><strong>Marco Da Silva Ferreira<\/strong><\/a>. Le portugais aime \u00e0 explorer les h\u00e9ritages culturels et mettre en lumi\u00e8re le r\u00f4le de chaque individu dans la constructions d&rsquo;une identit\u00e9 collective. Ici, avec <em>Carca\u00e7a<\/em>, il se concentre sur la fa\u00e7on dont la danse contribue \u00e0 forger une identit\u00e9 collective tout en remettant en question dans quelle mesure cet h\u00e9ritage n&rsquo;est pas le r\u00e9sultat d&rsquo;une cristallisation culturelle.<\/p>\n<p>Le chor\u00e9graphe souligne que <em>\u00ab\u00a0des expressions populaires telles que le folklore ont \u00e9t\u00e9 appropri\u00e9es par des forces ext\u00e9rieures, par un gouvernement paternaliste qui, pendant l&rsquo;Estado Novo, imposait des codes ; le folklore ne repr\u00e9sentait plus personne\u00a0\u00bb.<\/em> Bien conscient qu&rsquo;il est inscrit dans un lieu et un temps sp\u00e9cifiques, il se demande \u00e9galement : <em>\u00ab\u00a0Quelle est ma responsabilit\u00e9 envers cet h\u00e9ritage ?\u00a0\u00bb<\/em><\/p>\n<p><em>Carca\u00e7a<\/em>, m\u00e9taphore de ce qui subsiste d&rsquo;un corps vivant, \u00e9volue entre pass\u00e9 et pr\u00e9sent. Ni n\u00e9o-folklore, ni adh\u00e9sion aux codes du folklore traditionnel avec toute son illustration et sa figuration, la pi\u00e8ce ne cherche pas non plus de nouveaux symboles, elle encourage juste un esprit critique sur qui nous sommes maintenant et ce que nous tentons de pr\u00e9server de mani\u00e8re immacul\u00e9e. A l\u2019\u00e9nergie folle des danses de rues et de club (house, kuduro, Top Rock, hardStyle, etc.) Marco adjoint un travail de petits sauts de pieds et chevilles particuli\u00e8rement \u00e9poustouflant, emmen\u00e9 par un casting de dix interpr\u00e8tes, tr\u00e8s diversifi\u00e9, repr\u00e9sentant un corps collectif o\u00f9 les identit\u00e9s individuelles continuent \u00e0 s&rsquo;exprimer.<\/p>\n<p>Pour dicter le rythme, la percussion de <b>Jo\u00e3o Pais Filipe <\/b>et la musique \u00e9lectronique de <b>Lu\u00eds Pestana<\/b> se m\u00ealent aux voix humaines, aux cornemuses et \u00e0 d&rsquo;autres instruments traditionnels. Puis soudainement \u2013 comme dans <em>Les Eperdues<\/em> &#8211; une chanson vient casser la dynamique&nbsp;: celle d\u2019un chant de partisans. Un chant de paysans, rythme r\u00e9volutionnaire du Grupo de Ac\u00e7\u00e3o Cultural, dirig\u00e9 par le po\u00e8te et militant communiste <b>Jos\u00e9 M\u00e1rio Branco<\/b>. <em>Sa Cantiga sem maneiras<\/em>, dont les paroles sont traduites sur sc\u00e8ne, d\u00e9nonce d&rsquo;une m\u00eame voix le fascisme et l&rsquo;exploitation des travailleurs. Ce chant est \u00e0 peu pr\u00e8s le seul temps de pause \u2013 un tantinet long &#8211; de cette pi\u00e8ce \u00e0 l\u2019\u00e9nergie communicative. De quoi laisser aux interpr\u00e8tes le temps reprendre leur souffle avant un final au jump style ahurissant. Quelle claque&nbsp;!<\/p>\n<p>A la suite de <em>Carca\u00e7a<\/em>, le public se presse \u00e0 l\u2019incontournable soir\u00e9e de cl\u00f4ture du festival. Des dizaines de personnes n\u2019ont pas eu la chance d\u2019en \u00eatre et fait le pied de grue devant l\u2019entr\u00e9e du TAP : la salle est full. Comme l\u2019an pass\u00e9, <strong>Barbara Butch<\/strong> et ses sets \u00e9lectro-disco enflamment le dance-floor et ce soir-l\u00e0, jeunes, \u00e2g\u00e9s, fragiles, puissants, genr\u00e9s, androgynes ou en transition unissent leur menu chor\u00e9graphie dans un m\u00eame \u00e9lan pour f\u00eater leur amour de la danse et celui d\u2019un rendez-vous nomm\u00e9 <em>A CORPS<\/em>.<\/p>\n<p><strong>C\u00e9dric Chaory<\/strong><\/p>\n<p><strong>\u00a9Jose\u0301 Caldeira<\/strong><\/p>\t\t\t\t\t\t<\/div>\n\t\t\t\t<\/div>\n\t\t\t\t\t<\/div>\n\t\t<\/div>\n\t\t\t\t\t\t\t<\/div>\n\t\t<\/section>\n\t\t\t\t\t\t\t<\/div>\n\t\t","protected":false},"excerpt":{"rendered":"<p>Le trentenaire \u00c0 Corps 30 ans. Trente ans d\u00e9j\u00e0 que, sans faux accords, le festival n\u00e9o-aquitain souffle sur la ville de Poitiers un vent d\u2019effervescence \u00e0 coups de cr\u00e9ations in\u00e9dites, performances singuli\u00e8res et rencontres entre amateurs estudiantins et chor\u00e9graphes \u00e9m\u00e9rites. Il pourrait avoir perdu de son audace ce festival A CORPS rendu exsangue par trois &hellip;<\/p>\n<p class=\"read-more\"> <a class=\"\" href=\"https:\/\/umoove.art\/index.php\/2024\/04\/28\/a-corps\/\"> <span class=\"screen-reader-text\">\u00c0 Corps<\/span> Lire la suite\u00a0\u00bb<\/a><\/p>\n","protected":false},"author":1,"featured_media":0,"comment_status":"closed","ping_status":"closed","sticky":false,"template":"","format":"standard","meta":{"site-sidebar-layout":"default","site-content-layout":"default","ast-global-header-display":"","ast-banner-title-visibility":"","ast-main-header-display":"","ast-hfb-above-header-display":"","ast-hfb-below-header-display":"","ast-hfb-mobile-header-display":"","site-post-title":"","ast-breadcrumbs-content":"","ast-featured-img":"","footer-sml-layout":"","theme-transparent-header-meta":"","adv-header-id-meta":"","stick-header-meta":"","header-above-stick-meta":"","header-main-stick-meta":"","header-below-stick-meta":"","footnotes":""},"categories":[6,8],"tags":[],"class_list":["post-6326","post","type-post","status-publish","format-standard","hentry","category-critique","category-critique-critique"],"aioseo_notices":[],"_links":{"self":[{"href":"https:\/\/umoove.art\/index.php\/wp-json\/wp\/v2\/posts\/6326","targetHints":{"allow":["GET"]}}],"collection":[{"href":"https:\/\/umoove.art\/index.php\/wp-json\/wp\/v2\/posts"}],"about":[{"href":"https:\/\/umoove.art\/index.php\/wp-json\/wp\/v2\/types\/post"}],"author":[{"embeddable":true,"href":"https:\/\/umoove.art\/index.php\/wp-json\/wp\/v2\/users\/1"}],"replies":[{"embeddable":true,"href":"https:\/\/umoove.art\/index.php\/wp-json\/wp\/v2\/comments?post=6326"}],"version-history":[{"count":79,"href":"https:\/\/umoove.art\/index.php\/wp-json\/wp\/v2\/posts\/6326\/revisions"}],"predecessor-version":[{"id":6426,"href":"https:\/\/umoove.art\/index.php\/wp-json\/wp\/v2\/posts\/6326\/revisions\/6426"}],"wp:attachment":[{"href":"https:\/\/umoove.art\/index.php\/wp-json\/wp\/v2\/media?parent=6326"}],"wp:term":[{"taxonomy":"category","embeddable":true,"href":"https:\/\/umoove.art\/index.php\/wp-json\/wp\/v2\/categories?post=6326"},{"taxonomy":"post_tag","embeddable":true,"href":"https:\/\/umoove.art\/index.php\/wp-json\/wp\/v2\/tags?post=6326"}],"curies":[{"name":"wp","href":"https:\/\/api.w.org\/{rel}","templated":true}]}}