{"id":6009,"date":"2024-03-10T15:10:59","date_gmt":"2024-03-10T14:10:59","guid":{"rendered":"http:\/\/umoove.art\/?p=6009"},"modified":"2024-03-10T18:34:11","modified_gmt":"2024-03-10T17:34:11","slug":"dansa-valencia-2","status":"publish","type":"post","link":"https:\/\/umoove.art\/index.php\/2024\/03\/10\/dansa-valencia-2\/","title":{"rendered":"Dansa Valencia"},"content":{"rendered":"\t\t<div data-elementor-type=\"wp-post\" data-elementor-id=\"6009\" class=\"elementor elementor-6009\" data-elementor-post-type=\"post\">\n\t\t\t\t\t\t\t\t\t<section class=\"elementor-section elementor-top-section elementor-element elementor-element-5b78613 elementor-section-boxed elementor-section-height-default elementor-section-height-default\" data-id=\"5b78613\" data-element_type=\"section\">\n\t\t\t\t\t\t<div class=\"elementor-container elementor-column-gap-default\">\n\t\t\t\t\t<div class=\"elementor-column elementor-col-100 elementor-top-column elementor-element elementor-element-2903548\" data-id=\"2903548\" data-element_type=\"column\">\n\t\t\t<div class=\"elementor-widget-wrap elementor-element-populated\">\n\t\t\t\t\t\t\t\t<div class=\"elementor-element elementor-element-0b5450f elementor-widget elementor-widget-image\" data-id=\"0b5450f\" data-element_type=\"widget\" data-widget_type=\"image.default\">\n\t\t\t\t<div class=\"elementor-widget-container\">\n\t\t\t<style>\/*! elementor - v3.14.0 - 26-06-2023 *\/\n.elementor-widget-image{text-align:center}.elementor-widget-image a{display:inline-block}.elementor-widget-image a img[src$=\".svg\"]{width:48px}.elementor-widget-image img{vertical-align:middle;display:inline-block}<\/style>\t\t\t\t\t\t\t\t\t\t\t\t<img loading=\"lazy\" decoding=\"async\" width=\"768\" height=\"614\" src=\"https:\/\/umoove.art\/wp-content\/uploads\/2024\/03\/Reouverture-du-bureau-de-presse-le-4-septembre-1-768x614.png\" class=\"attachment-medium_large size-medium_large wp-image-6028\" alt=\"\" srcset=\"https:\/\/umoove.art\/wp-content\/uploads\/2024\/03\/Reouverture-du-bureau-de-presse-le-4-septembre-1-768x614.png 768w, https:\/\/umoove.art\/wp-content\/uploads\/2024\/03\/Reouverture-du-bureau-de-presse-le-4-septembre-1-300x240.png 300w, https:\/\/umoove.art\/wp-content\/uploads\/2024\/03\/Reouverture-du-bureau-de-presse-le-4-septembre-1-1024x819.png 1024w, https:\/\/umoove.art\/wp-content\/uploads\/2024\/03\/Reouverture-du-bureau-de-presse-le-4-septembre-1-1536x1229.png 1536w, https:\/\/umoove.art\/wp-content\/uploads\/2024\/03\/Reouverture-du-bureau-de-presse-le-4-septembre-1.png 2000w\" sizes=\"auto, (max-width: 768px) 100vw, 768px\" \/>\t\t\t\t\t\t\t\t\t\t\t\t\t\t\t<\/div>\n\t\t\t\t<\/div>\n\t\t\t\t\t<\/div>\n\t\t<\/div>\n\t\t\t\t\t\t\t<\/div>\n\t\t<\/section>\n\t\t\t\t<section class=\"elementor-section elementor-top-section elementor-element elementor-element-f88b9e5 elementor-section-boxed elementor-section-height-default elementor-section-height-default\" data-id=\"f88b9e5\" data-element_type=\"section\">\n\t\t\t\t\t\t<div class=\"elementor-container elementor-column-gap-default\">\n\t\t\t\t\t<div class=\"elementor-column elementor-col-100 elementor-top-column elementor-element elementor-element-8f9710f\" data-id=\"8f9710f\" data-element_type=\"column\">\n\t\t\t<div class=\"elementor-widget-wrap elementor-element-populated\">\n\t\t\t\t\t\t\t\t<div class=\"elementor-element elementor-element-2750216 elementor-widget elementor-widget-heading\" data-id=\"2750216\" data-element_type=\"widget\" data-widget_type=\"heading.default\">\n\t\t\t\t<div class=\"elementor-widget-container\">\n\t\t\t<style>\/*! elementor - v3.14.0 - 26-06-2023 *\/\n.elementor-heading-title{padding:0;margin:0;line-height:1}.elementor-widget-heading .elementor-heading-title[class*=elementor-size-]>a{color:inherit;font-size:inherit;line-height:inherit}.elementor-widget-heading .elementor-heading-title.elementor-size-small{font-size:15px}.elementor-widget-heading .elementor-heading-title.elementor-size-medium{font-size:19px}.elementor-widget-heading .elementor-heading-title.elementor-size-large{font-size:29px}.elementor-widget-heading .elementor-heading-title.elementor-size-xl{font-size:39px}.elementor-widget-heading .elementor-heading-title.elementor-size-xxl{font-size:59px}<\/style><h1 class=\"elementor-heading-title elementor-size-default\">Le doux rugissement de la danse \u00e0 Valencia<\/h1>\t\t<\/div>\n\t\t\t\t<\/div>\n\t\t\t\t\t<\/div>\n\t\t<\/div>\n\t\t\t\t\t\t\t<\/div>\n\t\t<\/section>\n\t\t\t\t<section class=\"elementor-section elementor-top-section elementor-element elementor-element-fc738bf elementor-section-boxed elementor-section-height-default elementor-section-height-default\" data-id=\"fc738bf\" data-element_type=\"section\">\n\t\t\t\t\t\t<div class=\"elementor-container elementor-column-gap-default\">\n\t\t\t\t\t<div class=\"elementor-column elementor-col-100 elementor-top-column elementor-element elementor-element-d3918c1\" data-id=\"d3918c1\" data-element_type=\"column\">\n\t\t\t<div class=\"elementor-widget-wrap elementor-element-populated\">\n\t\t\t\t\t\t\t\t<div class=\"elementor-element elementor-element-e865517 elementor-widget elementor-widget-text-editor\" data-id=\"e865517\" data-element_type=\"widget\" data-widget_type=\"text-editor.default\">\n\t\t\t\t<div class=\"elementor-widget-container\">\n\t\t\t<style>\/*! elementor - v3.14.0 - 26-06-2023 *\/\n.elementor-widget-text-editor.elementor-drop-cap-view-stacked .elementor-drop-cap{background-color:#69727d;color:#fff}.elementor-widget-text-editor.elementor-drop-cap-view-framed .elementor-drop-cap{color:#69727d;border:3px solid;background-color:transparent}.elementor-widget-text-editor:not(.elementor-drop-cap-view-default) .elementor-drop-cap{margin-top:8px}.elementor-widget-text-editor:not(.elementor-drop-cap-view-default) .elementor-drop-cap-letter{width:1em;height:1em}.elementor-widget-text-editor .elementor-drop-cap{float:left;text-align:center;line-height:1;font-size:50px}.elementor-widget-text-editor .elementor-drop-cap-letter{display:inline-block}<\/style>\t\t\t\t<h3><strong>Pour sa 37e \u00e9dition, Dansa Val\u00e8ncia programme 33 oeuvres nationales et internationales sous le slogan \u00ab\u00a0Dulce rugir\u00a0\u00bb (le doux rugissement). Le festival, qui se d\u00e9roule du 13 au 21 avril, se d\u00e9ploie dans 20 lieux diff\u00e9rents, allant des salles priv\u00e9es et publiques aux mus\u00e9es, places et parcs. Cette manifestation culturelle, organis\u00e9e par l&rsquo;Institut Valencia de Cultura, propose des pi\u00e8ces qui revendiquent le lien et le d\u00e9tachement serein dans des temps instables.<\/strong><\/h3><p>A l\u2019occasion de la conf\u00e9rence de presse du festival Dansa Val\u00e8ncia 2024, l\u2019\u00e9v\u00e8nement a \u00e9t\u00e9 salu\u00e9 par le directeur g\u00e9n\u00e9ral de la Culture, Sergio Arlandis<span style=\"background-color: var(--ast-global-color-5); color: var( --e-global-color-text ); font-family: var( --e-global-typography-text-font-family ), Sans-serif; font-style: inherit; font-size: 15px;\">, comme <\/span><em style=\"color: var( --e-global-color-text ); font-family: var( --e-global-typography-text-font-family ), Sans-serif; font-weight: inherit; font-size: 15px;\">\u00ab\u00a0un lieu de rencontre unique pour la danse nationale, \u00e9tant de facto un lieu cl\u00e9 pour la visibilit\u00e9 et la commercialisation des arts du mouvement en Espagne\u00a0\u00bb<\/em><span style=\"background-color: var(--ast-global-color-5); color: var( --e-global-color-text ); font-family: var( --e-global-typography-text-font-family ), Sans-serif; font-style: inherit; font-size: 15px;\">.<\/span><\/p><p><span style=\"font-style: inherit; font-weight: inherit; background-color: var(--ast-global-color-5);\">L\u2019objectif est en effet que Dansa Val\u00e8ncia devienne le r\u00e9f\u00e9rent national du secteur, ainsi que la plateforme Espagnole de la Danse Contemporaine, une r\u00e9f\u00e9rence nationale \u00e0 laquelle tous les acteurs culturels internes et externes se r\u00e9f\u00e8rent, suivant le mod\u00e8le existant dans d&rsquo;autres pays europ\u00e9ens. Il convient de noter que ce festival b\u00e9n\u00e9ficie du soutien d&rsquo;un grand nombre de communaut\u00e9s autonomes, de la F\u00e9d\u00e9ration de Danse et de la Fundaci\u00f3n SGAE.<\/span><\/p><p>La directrice de Dansa Val\u00e8ncia, <strong>Mar\u00eda Jos\u00e9 Mora<\/strong>, a mis en avant lors de la pr\u00e9sentation que le programme du festival <em>\u00ab\u00a0est con\u00e7u \u00e0 partir d\u2019un engagement envers la qualit\u00e9 et un \u00e9quilibre entre les diff\u00e9rentes formes d&rsquo;art du mouvement\u00a0\u00bb<\/em>. Ainsi les spectateurs pourront <em>\u00a0\u00bb voir une radiographie de la cr\u00e9ation contemporaine espagnole, compos\u00e9e \u00e0 la fois de compagnies \u00e9tablies et d&rsquo;artistes \u00e9mergents. De mani\u00e8re abstraite, durant tout le festival, nous appr\u00e9cieront \u00e0 la fois un d\u00e9sir de recherche et de poursuite de r\u00e9alit\u00e9s alternatives et partager des temps plus humains et paisibles\u00a0\u00bb<\/em>, a-t-elle pr\u00e9cis\u00e9.<\/p><p>Parmi les nombreux itin\u00e9raires possibles cette ann\u00e9e, il y a des spectacles pour un public familial en collaboration avec le Teatre Escalante, la Diputaci\u00f3n de Val\u00e8ncia, ainsi que le cycle qui inaugure annuellement l&rsquo;exposition, <em>Moviments Urbans<\/em>, en collaboration avec la Mairie de Val\u00e8ncia, o\u00f9 la danse surprend la population dans des espaces mus\u00e9aux et urbains.<\/p><p><strong>Portrait actuel de la danse valencienne<\/strong><\/p><p>Dispers\u00e9e dans sa programmation, on trouve une repr\u00e9sentation de 15 compagnies locales d&rsquo;origines, de personnalit\u00e9s et de parcours diff\u00e9rents. Le 16 avril, \u00e0 la Sala Matilde Salvador, le festival assume son r\u00f4le de dynamiseur du secteur professionnel de la r\u00e9gion avec le Focus Valenci\u00e0, o\u00f9 il accueille en format de &lsquo;showcase&rsquo; les derni\u00e8res pi\u00e8ces de <strong>Cave Canem, Alicia Reig, Irene de la Rosa, Ana Lola Cos\u00edn et Mauricio P. Fayos<\/strong>.<\/p><p>Le festival mise sur de jeunes artistes comme <strong>Jacob G\u00f3mez, Andrea Dolz Burdeos et Marta Sof\u00eda Gallego e Inka Roman\u00ed.<\/strong> Il pr\u00e9sentera \u00e9galement deux nouvelles productions, <em>Fandango Reloaled<\/em>, d&rsquo;<strong>Inka Roman\u00ed<\/strong>\u00a0et <em>Zenez<\/em>, de <strong>Fil d&rsquo;Arena<\/strong>. <span style=\"font-style: inherit; font-weight: inherit; background-color: var(--ast-global-color-5);\">Dansa Val\u00e8ncia met \u00e9galement en avant les compagnies valenciennes les plus exp\u00e9riment\u00e9es, telles que <strong>Taiat Dansa<\/strong> et <strong>C\u00eda. La Siamesa<\/strong>.<\/span><\/p><p>Cette \u00e9dition accueille \u00e9galement des cr\u00e9ateurs venant d&rsquo;autres r\u00e9gions qui ont choisi Val\u00e8ncia pour d\u00e9velopper leur carri\u00e8re professionnelle. C&rsquo;est le cas du <strong>Colectivo Sin Par<\/strong>, compos\u00e9 de <strong>Lara Miso<\/strong> et <strong>Wilma Puentes<\/strong> (Andalousie). En sens inverse, le festival cherche \u00e9galement \u00e0 attirer \u00e0 nouveau les Valenciens et les Valenciennes qui travaillent \u00e0 l&rsquo;ext\u00e9rieur, comme <strong>Mar Garc\u00eda, Javier Soler<\/strong> et <strong>Joaqu\u00edn Collado<\/strong>.<\/p><p>Depuis l&rsquo;ann\u00e9e 2021, Dansa Val\u00e8ncia programme des spectacles internationaux. Cette \u00e9dition pr\u00e9sente deux nouvelles \u0153uvres en provenance du Br\u00e9sil et de la France. Ainsi, la chor\u00e9graphe de Rio de Janeiro, <strong>Alice Ripoll<\/strong>, pr\u00e9sentera <em>Zona Franca<\/em>, une pi\u00e8ce qui est une intersection entre la danse de contact, TikTok, l&rsquo;afro-house et le \u00ab\u00a0passinho\u00a0\u00bb.<\/p><p>Le festival se cl\u00f4turera le 21 avril au Teatre Principal avec <em>Roommates<\/em>, un programme du Ballet National de Marseille qui c\u00e9l\u00e8bre la diversit\u00e9 des \u00e9critures des chor\u00e9graphes ayant contribu\u00e9 \u00e0 la vision du collectif dirig\u00e9 par cette prestigieuse institution, <strong>(LA)HORDE<\/strong>.<\/p><p><strong>(communiqu\u00e9 de presse)<\/strong><\/p><p><span style=\"color: #4d5156; font-family: arial, sans-serif; font-size: 14px; background-color: var(--ast-global-color-5);\">\u00a9<b>Maria Alperi<\/b> (<b><i>Mont Ventoux<\/i> &#8211; Kor&rsquo;Sia)\u00a0<\/b><\/span><\/p>\t\t\t\t\t\t<\/div>\n\t\t\t\t<\/div>\n\t\t\t\t\t<\/div>\n\t\t<\/div>\n\t\t\t\t\t\t\t<\/div>\n\t\t<\/section>\n\t\t\t\t\t\t\t<\/div>\n\t\t","protected":false},"excerpt":{"rendered":"<p>Le doux rugissement de la danse \u00e0 Valencia Pour sa 37e \u00e9dition, Dansa Val\u00e8ncia programme 33 oeuvres nationales et internationales sous le slogan \u00ab\u00a0Dulce rugir\u00a0\u00bb (le doux rugissement). Le festival, qui se d\u00e9roule du 13 au 21 avril, se d\u00e9ploie dans 20 lieux diff\u00e9rents, allant des salles priv\u00e9es et publiques aux mus\u00e9es, places et parcs. &hellip;<\/p>\n<p class=\"read-more\"> <a class=\"\" href=\"https:\/\/umoove.art\/index.php\/2024\/03\/10\/dansa-valencia-2\/\"> <span class=\"screen-reader-text\">Dansa Valencia<\/span> Lire la suite\u00a0\u00bb<\/a><\/p>\n","protected":false},"author":1,"featured_media":0,"comment_status":"closed","ping_status":"closed","sticky":false,"template":"","format":"standard","meta":{"site-sidebar-layout":"default","site-content-layout":"default","ast-global-header-display":"","ast-banner-title-visibility":"","ast-main-header-display":"","ast-hfb-above-header-display":"","ast-hfb-below-header-display":"","ast-hfb-mobile-header-display":"","site-post-title":"","ast-breadcrumbs-content":"","ast-featured-img":"","footer-sml-layout":"","theme-transparent-header-meta":"","adv-header-id-meta":"","stick-header-meta":"","header-above-stick-meta":"","header-main-stick-meta":"","header-below-stick-meta":"","footnotes":""},"categories":[52],"tags":[],"class_list":["post-6009","post","type-post","status-publish","format-standard","hentry","category-annonce"],"aioseo_notices":[],"_links":{"self":[{"href":"https:\/\/umoove.art\/index.php\/wp-json\/wp\/v2\/posts\/6009","targetHints":{"allow":["GET"]}}],"collection":[{"href":"https:\/\/umoove.art\/index.php\/wp-json\/wp\/v2\/posts"}],"about":[{"href":"https:\/\/umoove.art\/index.php\/wp-json\/wp\/v2\/types\/post"}],"author":[{"embeddable":true,"href":"https:\/\/umoove.art\/index.php\/wp-json\/wp\/v2\/users\/1"}],"replies":[{"embeddable":true,"href":"https:\/\/umoove.art\/index.php\/wp-json\/wp\/v2\/comments?post=6009"}],"version-history":[{"count":13,"href":"https:\/\/umoove.art\/index.php\/wp-json\/wp\/v2\/posts\/6009\/revisions"}],"predecessor-version":[{"id":6038,"href":"https:\/\/umoove.art\/index.php\/wp-json\/wp\/v2\/posts\/6009\/revisions\/6038"}],"wp:attachment":[{"href":"https:\/\/umoove.art\/index.php\/wp-json\/wp\/v2\/media?parent=6009"}],"wp:term":[{"taxonomy":"category","embeddable":true,"href":"https:\/\/umoove.art\/index.php\/wp-json\/wp\/v2\/categories?post=6009"},{"taxonomy":"post_tag","embeddable":true,"href":"https:\/\/umoove.art\/index.php\/wp-json\/wp\/v2\/tags?post=6009"}],"curies":[{"name":"wp","href":"https:\/\/api.w.org\/{rel}","templated":true}]}}