{"id":5796,"date":"2024-02-10T14:11:52","date_gmt":"2024-02-10T13:11:52","guid":{"rendered":"http:\/\/umoove.art\/?p=5796"},"modified":"2024-02-10T14:32:43","modified_gmt":"2024-02-10T13:32:43","slug":"dansa-valencia","status":"publish","type":"post","link":"https:\/\/umoove.art\/index.php\/2024\/02\/10\/dansa-valencia\/","title":{"rendered":"Dansa Valencia"},"content":{"rendered":"\t\t<div data-elementor-type=\"wp-post\" data-elementor-id=\"5796\" class=\"elementor elementor-5796\" data-elementor-post-type=\"post\">\n\t\t\t\t\t\t\t\t\t<section class=\"elementor-section elementor-top-section elementor-element elementor-element-53b5094 elementor-section-boxed elementor-section-height-default elementor-section-height-default\" data-id=\"53b5094\" data-element_type=\"section\">\n\t\t\t\t\t\t<div class=\"elementor-container elementor-column-gap-default\">\n\t\t\t\t\t<div class=\"elementor-column elementor-col-100 elementor-top-column elementor-element elementor-element-7ddb38a\" data-id=\"7ddb38a\" data-element_type=\"column\">\n\t\t\t<div class=\"elementor-widget-wrap elementor-element-populated\">\n\t\t\t\t\t\t\t\t<div class=\"elementor-element elementor-element-9c54aff elementor-widget elementor-widget-image\" data-id=\"9c54aff\" data-element_type=\"widget\" data-widget_type=\"image.default\">\n\t\t\t\t<div class=\"elementor-widget-container\">\n\t\t\t<style>\/*! elementor - v3.14.0 - 26-06-2023 *\/\n.elementor-widget-image{text-align:center}.elementor-widget-image a{display:inline-block}.elementor-widget-image a img[src$=\".svg\"]{width:48px}.elementor-widget-image img{vertical-align:middle;display:inline-block}<\/style>\t\t\t\t\t\t\t\t\t\t\t\t<img loading=\"lazy\" decoding=\"async\" width=\"768\" height=\"614\" src=\"https:\/\/umoove.art\/wp-content\/uploads\/2024\/02\/Reouverture-du-bureau-de-presse-le-4-septembre-768x614.jpg\" class=\"attachment-medium_large size-medium_large wp-image-5798\" alt=\"\" srcset=\"https:\/\/umoove.art\/wp-content\/uploads\/2024\/02\/Reouverture-du-bureau-de-presse-le-4-septembre-768x614.jpg 768w, https:\/\/umoove.art\/wp-content\/uploads\/2024\/02\/Reouverture-du-bureau-de-presse-le-4-septembre-300x240.jpg 300w, https:\/\/umoove.art\/wp-content\/uploads\/2024\/02\/Reouverture-du-bureau-de-presse-le-4-septembre-1024x819.jpg 1024w, https:\/\/umoove.art\/wp-content\/uploads\/2024\/02\/Reouverture-du-bureau-de-presse-le-4-septembre-1536x1229.jpg 1536w, https:\/\/umoove.art\/wp-content\/uploads\/2024\/02\/Reouverture-du-bureau-de-presse-le-4-septembre.jpg 2000w\" sizes=\"auto, (max-width: 768px) 100vw, 768px\" \/>\t\t\t\t\t\t\t\t\t\t\t\t\t\t\t<\/div>\n\t\t\t\t<\/div>\n\t\t\t\t\t<\/div>\n\t\t<\/div>\n\t\t\t\t\t\t\t<\/div>\n\t\t<\/section>\n\t\t\t\t<section class=\"elementor-section elementor-top-section elementor-element elementor-element-37849a9 elementor-section-boxed elementor-section-height-default elementor-section-height-default\" data-id=\"37849a9\" data-element_type=\"section\">\n\t\t\t\t\t\t<div class=\"elementor-container elementor-column-gap-default\">\n\t\t\t\t\t<div class=\"elementor-column elementor-col-100 elementor-top-column elementor-element elementor-element-13767b2\" data-id=\"13767b2\" data-element_type=\"column\">\n\t\t\t<div class=\"elementor-widget-wrap elementor-element-populated\">\n\t\t\t\t\t\t\t\t<div class=\"elementor-element elementor-element-70ecf3f elementor-widget elementor-widget-heading\" data-id=\"70ecf3f\" data-element_type=\"widget\" data-widget_type=\"heading.default\">\n\t\t\t\t<div class=\"elementor-widget-container\">\n\t\t\t<style>\/*! elementor - v3.14.0 - 26-06-2023 *\/\n.elementor-heading-title{padding:0;margin:0;line-height:1}.elementor-widget-heading .elementor-heading-title[class*=elementor-size-]>a{color:inherit;font-size:inherit;line-height:inherit}.elementor-widget-heading .elementor-heading-title.elementor-size-small{font-size:15px}.elementor-widget-heading .elementor-heading-title.elementor-size-medium{font-size:19px}.elementor-widget-heading .elementor-heading-title.elementor-size-large{font-size:29px}.elementor-widget-heading .elementor-heading-title.elementor-size-xl{font-size:39px}.elementor-widget-heading .elementor-heading-title.elementor-size-xxl{font-size:59px}<\/style><h1 class=\"elementor-heading-title elementor-size-default\">Dansa Valencia : les invit\u00e9s se r\u00e9v\u00e8lent<\/h1>\t\t<\/div>\n\t\t\t\t<\/div>\n\t\t\t\t\t<\/div>\n\t\t<\/div>\n\t\t\t\t\t\t\t<\/div>\n\t\t<\/section>\n\t\t\t\t<section class=\"elementor-section elementor-top-section elementor-element elementor-element-e9c0201 elementor-section-boxed elementor-section-height-default elementor-section-height-default\" data-id=\"e9c0201\" data-element_type=\"section\">\n\t\t\t\t\t\t<div class=\"elementor-container elementor-column-gap-default\">\n\t\t\t\t\t<div class=\"elementor-column elementor-col-100 elementor-top-column elementor-element elementor-element-d862868\" data-id=\"d862868\" data-element_type=\"column\">\n\t\t\t<div class=\"elementor-widget-wrap elementor-element-populated\">\n\t\t\t\t\t\t\t\t<div class=\"elementor-element elementor-element-4d48e8e elementor-widget elementor-widget-text-editor\" data-id=\"4d48e8e\" data-element_type=\"widget\" data-widget_type=\"text-editor.default\">\n\t\t\t\t<div class=\"elementor-widget-container\">\n\t\t\t<style>\/*! elementor - v3.14.0 - 26-06-2023 *\/\n.elementor-widget-text-editor.elementor-drop-cap-view-stacked .elementor-drop-cap{background-color:#69727d;color:#fff}.elementor-widget-text-editor.elementor-drop-cap-view-framed .elementor-drop-cap{color:#69727d;border:3px solid;background-color:transparent}.elementor-widget-text-editor:not(.elementor-drop-cap-view-default) .elementor-drop-cap{margin-top:8px}.elementor-widget-text-editor:not(.elementor-drop-cap-view-default) .elementor-drop-cap-letter{width:1em;height:1em}.elementor-widget-text-editor .elementor-drop-cap{float:left;text-align:center;line-height:1;font-size:50px}.elementor-widget-text-editor .elementor-drop-cap-letter{display:inline-block}<\/style>\t\t\t\t<h3>Le festival de danse Dansa Valencia impulse la cr\u00e9ation artistique valencienne avec une exposition sp\u00e9cifique dans le cadre du festival Dansa Val\u00e8ncia Le festival lance un appel public pour une \u00ab\u00a0vitrine\u00a0\u00bb pr\u00e9vue le 16 avril, mettant l&rsquo;accent sur les artistes r\u00e9gionaux L&rsquo;activit\u00e9 d&rsquo;exposition Focus Valenci\u00e0 est sp\u00e9cialement destin\u00e9e aux programmateurs du Circuit Culturel Valencien.<\/h3>\n<p>La Vice-pr\u00e9sidence Premi\u00e8re et le D\u00e9partement de la Culture et du Sport encouragent la cr\u00e9ation artistique valencienne avec une exposition sp\u00e9cifique dans le cadre du festival Dansa Val\u00e8ncia, organis\u00e9 par l&rsquo;Institut Valencien de la Culture (IVC).&nbsp;<span style=\"font-style: inherit; font-weight: inherit; background-color: var(--ast-global-color-5);\">En particulier, <a href=\"https:\/\/dv.ivc.gva.es\/\">Dansa Val\u00e8ncia<\/a> a lanc\u00e9 un appel public pour la s\u00e9lection d&rsquo;au moins trois pi\u00e8ces de danse qui constitueront une exposition de cr\u00e9ation locale.<\/span><\/p>\n<p>L&rsquo;appel est ouvert aux artistes, compagnies et autres professionnels d\u00e9veloppant des propositions d&rsquo;exposition dans les domaines de la danse et des arts du mouvement. La s\u00e9lection Focus Valenci\u00e0 accepte des propositions de pi\u00e8ces d\u00e9j\u00e0 cr\u00e9\u00e9es et en tourn\u00e9e, ainsi que des adaptations d&rsquo;\u0153uvres ou d&rsquo;autres types de formats.<\/p>\n<p>La p\u00e9riode de soumission des projets a commence le 18 janvier et s\u2019est poursuivi jusqu&rsquo;au 9 f\u00e9vrier. La s\u00e9lection des pi\u00e8ces sera effectu\u00e9e par des repr\u00e9sentants des associations sectorielles et du Circuit Culturel Valencien. Les r\u00e9sultats seront annonc\u00e9s le 26 f\u00e9vrier.<\/p>\n<p>Tous les spectacles se d\u00e9rouleront en salle. Les personnes int\u00e9ress\u00e9es peuvent obtenir plus d&rsquo;informations sur le site web du festival, o\u00f9 sont d\u00e9taill\u00e9es les conditions techniques et \u00e9conomiques, qui ont \u00e9t\u00e9 am\u00e9lior\u00e9es par rapport \u00e0 l&rsquo;\u00e9dition pr\u00e9c\u00e9dente : <a href=\"https:\/\/dv.ivc.gva.es\/es\/\">https:\/\/dv.ivc.gva.es\/es\/<\/a><\/p>\n<p>L&rsquo;exposition ult\u00e9rieure est destin\u00e9e aux programmateurs du Circuit Culturel Valencien dans le but d&rsquo;accro\u00eetre la pr\u00e9sence des arts du mouvement dans les programmations r\u00e9gionales. Les \u0153uvres s\u00e9lectionn\u00e9es seront pr\u00e9sent\u00e9es le 16 avril, dans le cadre du festival Dansa Val\u00e8ncia.<\/p>\n<h3>Un \u00e9v\u00e9nement dynamisant<\/h3>\n<p>Dansa Val\u00e8ncia est un \u00e9v\u00e9nement dynamisant pour le secteur professionnel valencien des arts du mouvement. Parmi nos objectifs figure celui de contribuer au soutien et \u00e0 l&rsquo;expansion de la cr\u00e9ation contemporaine locale, en renfor\u00e7ant les circuits valenciens de diffusion. Dans cette optique, nous consid\u00e9rons comme fondamental la cr\u00e9ation de canaux fluides de visibilit\u00e9 et de communication entre artistes et responsables de programmation du territoire\u00a0\u00bb, a expliqu\u00e9 la directrice du festival, Mar\u00eda Jos\u00e9 Mora.<\/p>\n<h3><strong>Dansa Valencia&nbsp;: les invit\u00e9s se r\u00e9v\u00e8lent<\/strong><\/h3>\n<p>\u00c0 cette fin, Dansa Val\u00e8ncia a lanc\u00e9 diff\u00e9rentes actions, telles que le projet annuel Impuls a la Dansa, un plan pour soutenir et d\u00e9centraliser la cr\u00e9ation, qui a notamment permis de cr\u00e9er des relations allant au-del\u00e0 de l&rsquo;exposition, comme des r\u00e9sidences de cr\u00e9ation, des r\u00e9sidences techniques et des projets de m\u00e9diation&#8230;<\/p>\n<p>Pour intensifier cette connexion entre la cr\u00e9ation locale et son r\u00e9seau naturel, le Circuit Culturel Valencien, le festival a lanc\u00e9 l&rsquo;ann\u00e9e derni\u00e8re une exposition sp\u00e9cifique de pi\u00e8ces valenciennes qui, lors de cette prochaine \u00e9dition, c\u00e9l\u00e8brera sa deuxi\u00e8me livraison. \u00c0 Focus Valenci\u00e0 s&rsquo;ajouteront d&rsquo;autres actions pendant le festival, telles que des rencontres, des ateliers et des expositions, visant \u00e0 activer la pr\u00e9sence dans le circuit local de propositions moins conventionnelles, ainsi qu&rsquo;\u00e0 d\u00e9centraliser l&rsquo;activit\u00e9 artistique et \u00e0 promouvoir la normalisation du dialogue entre programmateurs et cr\u00e9ateurs.<\/p>\n<p><strong>(communiqu\u00e9 de presse &#8211;&nbsp;<\/strong><span style=\"color: rgb(77, 81, 86); font-family: arial, sans-serif; font-size: 14px; background-color: var(--ast-global-color-5);\">\u00a9 Droits r\u00e9serv\u00e9s)<\/span><\/p>\t\t\t\t\t\t<\/div>\n\t\t\t\t<\/div>\n\t\t\t\t\t<\/div>\n\t\t<\/div>\n\t\t\t\t\t\t\t<\/div>\n\t\t<\/section>\n\t\t\t\t\t\t\t<\/div>\n\t\t","protected":false},"excerpt":{"rendered":"<p>Dansa Valencia : les invit\u00e9s se r\u00e9v\u00e8lent Le festival de danse Dansa Valencia impulse la cr\u00e9ation artistique valencienne avec une exposition sp\u00e9cifique dans le cadre du festival Dansa Val\u00e8ncia Le festival lance un appel public pour une \u00ab\u00a0vitrine\u00a0\u00bb pr\u00e9vue le 16 avril, mettant l&rsquo;accent sur les artistes r\u00e9gionaux L&rsquo;activit\u00e9 d&rsquo;exposition Focus Valenci\u00e0 est sp\u00e9cialement destin\u00e9e &hellip;<\/p>\n<p class=\"read-more\"> <a class=\"\" href=\"https:\/\/umoove.art\/index.php\/2024\/02\/10\/dansa-valencia\/\"> <span class=\"screen-reader-text\">Dansa Valencia<\/span> Lire la suite\u00a0\u00bb<\/a><\/p>\n","protected":false},"author":1,"featured_media":0,"comment_status":"closed","ping_status":"closed","sticky":false,"template":"","format":"standard","meta":{"site-sidebar-layout":"default","site-content-layout":"default","ast-global-header-display":"","ast-banner-title-visibility":"","ast-main-header-display":"","ast-hfb-above-header-display":"","ast-hfb-below-header-display":"","ast-hfb-mobile-header-display":"","site-post-title":"","ast-breadcrumbs-content":"","ast-featured-img":"","footer-sml-layout":"","theme-transparent-header-meta":"","adv-header-id-meta":"","stick-header-meta":"","header-above-stick-meta":"","header-main-stick-meta":"","header-below-stick-meta":"","footnotes":""},"categories":[52],"tags":[59,60,61],"class_list":["post-5796","post","type-post","status-publish","format-standard","hentry","category-annonce","tag-dansa-valencia","tag-espagne","tag-valencia"],"aioseo_notices":[],"_links":{"self":[{"href":"https:\/\/umoove.art\/index.php\/wp-json\/wp\/v2\/posts\/5796","targetHints":{"allow":["GET"]}}],"collection":[{"href":"https:\/\/umoove.art\/index.php\/wp-json\/wp\/v2\/posts"}],"about":[{"href":"https:\/\/umoove.art\/index.php\/wp-json\/wp\/v2\/types\/post"}],"author":[{"embeddable":true,"href":"https:\/\/umoove.art\/index.php\/wp-json\/wp\/v2\/users\/1"}],"replies":[{"embeddable":true,"href":"https:\/\/umoove.art\/index.php\/wp-json\/wp\/v2\/comments?post=5796"}],"version-history":[{"count":7,"href":"https:\/\/umoove.art\/index.php\/wp-json\/wp\/v2\/posts\/5796\/revisions"}],"predecessor-version":[{"id":5805,"href":"https:\/\/umoove.art\/index.php\/wp-json\/wp\/v2\/posts\/5796\/revisions\/5805"}],"wp:attachment":[{"href":"https:\/\/umoove.art\/index.php\/wp-json\/wp\/v2\/media?parent=5796"}],"wp:term":[{"taxonomy":"category","embeddable":true,"href":"https:\/\/umoove.art\/index.php\/wp-json\/wp\/v2\/categories?post=5796"},{"taxonomy":"post_tag","embeddable":true,"href":"https:\/\/umoove.art\/index.php\/wp-json\/wp\/v2\/tags?post=5796"}],"curies":[{"name":"wp","href":"https:\/\/api.w.org\/{rel}","templated":true}]}}