{"id":5658,"date":"2024-01-27T17:30:10","date_gmt":"2024-01-27T16:30:10","guid":{"rendered":"http:\/\/umoove.art\/?p=5658"},"modified":"2024-01-27T17:33:53","modified_gmt":"2024-01-27T16:33:53","slug":"pouce-par-charlotte-audigier","status":"publish","type":"post","link":"https:\/\/umoove.art\/index.php\/2024\/01\/27\/pouce-par-charlotte-audigier\/","title":{"rendered":"POUCE ! par Charlotte Audigier"},"content":{"rendered":"\t\t<div data-elementor-type=\"wp-post\" data-elementor-id=\"5658\" class=\"elementor elementor-5658\" data-elementor-post-type=\"post\">\n\t\t\t\t\t\t\t\t\t<section class=\"elementor-section elementor-top-section elementor-element elementor-element-2849098 elementor-section-boxed elementor-section-height-default elementor-section-height-default\" data-id=\"2849098\" data-element_type=\"section\">\n\t\t\t\t\t\t<div class=\"elementor-container elementor-column-gap-default\">\n\t\t\t\t\t<div class=\"elementor-column elementor-col-100 elementor-top-column elementor-element elementor-element-ebd820c\" data-id=\"ebd820c\" data-element_type=\"column\">\n\t\t\t<div class=\"elementor-widget-wrap elementor-element-populated\">\n\t\t\t\t\t\t\t\t<div class=\"elementor-element elementor-element-de5e059 elementor-widget elementor-widget-image\" data-id=\"de5e059\" data-element_type=\"widget\" data-widget_type=\"image.default\">\n\t\t\t\t<div class=\"elementor-widget-container\">\n\t\t\t<style>\/*! elementor - v3.14.0 - 26-06-2023 *\/\n.elementor-widget-image{text-align:center}.elementor-widget-image a{display:inline-block}.elementor-widget-image a img[src$=\".svg\"]{width:48px}.elementor-widget-image img{vertical-align:middle;display:inline-block}<\/style>\t\t\t\t\t\t\t\t\t\t\t\t<img loading=\"lazy\" decoding=\"async\" width=\"768\" height=\"614\" src=\"https:\/\/umoove.art\/wp-content\/uploads\/2024\/01\/Reouverture-du-bureau-de-presse-le-4-septembre-14-768x614.jpg\" class=\"attachment-medium_large size-medium_large wp-image-5661\" alt=\"\" srcset=\"https:\/\/umoove.art\/wp-content\/uploads\/2024\/01\/Reouverture-du-bureau-de-presse-le-4-septembre-14-768x614.jpg 768w, https:\/\/umoove.art\/wp-content\/uploads\/2024\/01\/Reouverture-du-bureau-de-presse-le-4-septembre-14-300x240.jpg 300w, https:\/\/umoove.art\/wp-content\/uploads\/2024\/01\/Reouverture-du-bureau-de-presse-le-4-septembre-14-1024x819.jpg 1024w, https:\/\/umoove.art\/wp-content\/uploads\/2024\/01\/Reouverture-du-bureau-de-presse-le-4-septembre-14-1536x1229.jpg 1536w, https:\/\/umoove.art\/wp-content\/uploads\/2024\/01\/Reouverture-du-bureau-de-presse-le-4-septembre-14.jpg 2000w\" sizes=\"auto, (max-width: 768px) 100vw, 768px\" \/>\t\t\t\t\t\t\t\t\t\t\t\t\t\t\t<\/div>\n\t\t\t\t<\/div>\n\t\t\t\t\t<\/div>\n\t\t<\/div>\n\t\t\t\t\t\t\t<\/div>\n\t\t<\/section>\n\t\t\t\t<section class=\"elementor-section elementor-top-section elementor-element elementor-element-71644da elementor-section-boxed elementor-section-height-default elementor-section-height-default\" data-id=\"71644da\" data-element_type=\"section\">\n\t\t\t\t\t\t<div class=\"elementor-container elementor-column-gap-default\">\n\t\t\t\t\t<div class=\"elementor-column elementor-col-100 elementor-top-column elementor-element elementor-element-d193278\" data-id=\"d193278\" data-element_type=\"column\">\n\t\t\t<div class=\"elementor-widget-wrap elementor-element-populated\">\n\t\t\t\t\t\t\t\t<div class=\"elementor-element elementor-element-62e7cce elementor-widget elementor-widget-heading\" data-id=\"62e7cce\" data-element_type=\"widget\" data-widget_type=\"heading.default\">\n\t\t\t\t<div class=\"elementor-widget-container\">\n\t\t\t<style>\/*! elementor - v3.14.0 - 26-06-2023 *\/\n.elementor-heading-title{padding:0;margin:0;line-height:1}.elementor-widget-heading .elementor-heading-title[class*=elementor-size-]>a{color:inherit;font-size:inherit;line-height:inherit}.elementor-widget-heading .elementor-heading-title.elementor-size-small{font-size:15px}.elementor-widget-heading .elementor-heading-title.elementor-size-medium{font-size:19px}.elementor-widget-heading .elementor-heading-title.elementor-size-large{font-size:29px}.elementor-widget-heading .elementor-heading-title.elementor-size-xl{font-size:39px}.elementor-widget-heading .elementor-heading-title.elementor-size-xxl{font-size:59px}<\/style><h1 class=\"elementor-heading-title elementor-size-default\">POUCE ! Et que dansent nos dr\u00f4les ...<\/h1>\t\t<\/div>\n\t\t\t\t<\/div>\n\t\t\t\t\t<\/div>\n\t\t<\/div>\n\t\t\t\t\t\t\t<\/div>\n\t\t<\/section>\n\t\t\t\t<section class=\"elementor-section elementor-top-section elementor-element elementor-element-f7e31d2 elementor-section-boxed elementor-section-height-default elementor-section-height-default\" data-id=\"f7e31d2\" data-element_type=\"section\">\n\t\t\t\t\t\t<div class=\"elementor-container elementor-column-gap-default\">\n\t\t\t\t\t<div class=\"elementor-column elementor-col-100 elementor-top-column elementor-element elementor-element-ccc18cb\" data-id=\"ccc18cb\" data-element_type=\"column\">\n\t\t\t<div class=\"elementor-widget-wrap elementor-element-populated\">\n\t\t\t\t\t\t\t\t<div class=\"elementor-element elementor-element-404f2ed elementor-widget elementor-widget-text-editor\" data-id=\"404f2ed\" data-element_type=\"widget\" data-widget_type=\"text-editor.default\">\n\t\t\t\t<div class=\"elementor-widget-container\">\n\t\t\t<style>\/*! elementor - v3.14.0 - 26-06-2023 *\/\n.elementor-widget-text-editor.elementor-drop-cap-view-stacked .elementor-drop-cap{background-color:#69727d;color:#fff}.elementor-widget-text-editor.elementor-drop-cap-view-framed .elementor-drop-cap{color:#69727d;border:3px solid;background-color:transparent}.elementor-widget-text-editor:not(.elementor-drop-cap-view-default) .elementor-drop-cap{margin-top:8px}.elementor-widget-text-editor:not(.elementor-drop-cap-view-default) .elementor-drop-cap-letter{width:1em;height:1em}.elementor-widget-text-editor .elementor-drop-cap{float:left;text-align:center;line-height:1;font-size:50px}.elementor-widget-text-editor .elementor-drop-cap-letter{display:inline-block}<\/style>\t\t\t\t<h2>Du 30 janvier au 10 f\u00e9vrier 2024 \u00e0 Bordeaux, dans la m\u00e9tropole et en Nouvelle-Aquitaine, le festival jeune public <em>POUCE\u00a0!<\/em> 22 repr\u00e9sentations, 7 spectacles, des ateliers parents-enfants et les cr\u00e9ations 2024 de Marc Lacourt et Anthony Egea. Et du c\u00f4t\u00e9 de La Rochelle, on joue (\u00e0) quoi ? El\u00e9ments de r\u00e9ponses par Charlotte Audigier, cheffe de projet \u00e0 La Manufacture CDCN.<\/h2><p><strong style=\"font-style: inherit; font-family: var( --e-global-typography-text-font-family ), Sans-serif; background-color: var(--ast-global-color-5);\"><em>POUCE\u00a0!<\/em><\/strong><strong style=\"font-style: inherit; font-family: var( --e-global-typography-text-font-family ), Sans-serif; background-color: var(--ast-global-color-5);\"> Kezako\u00a0?<\/strong><\/p><p>Le festival <em>POUCE\u00a0!<\/em> fait partie des premiers festivals de danse en France pens\u00e9s \u00e0 l\u2019adresse de l\u2019enfance et de la jeunesse. Il a \u00e9t\u00e9 cr\u00e9\u00e9 en 2011 et militait pour faire connaitre la danse d\u00e8s le plus jeune \u00e2ge avec la mise en place de nombreux parcours dans les \u00e9tablissements scolaires. Le festival est n\u00e9 d\u2019un constat\u00a0: il n\u2019y avait pas suffisamment de spectacles de qualit\u00e9 au niveau artistique pour r\u00e9pondre aux besoins \u00e9ducatifs des enseignants\u00a0; et en parall\u00e8le de plus en plus de chor\u00e9graphes s\u2019interrogeaient sur la mani\u00e8re de s\u2019adresser aux jeunes publics. <em>POUCE\u00a0!<\/em> a en quelques sorte contribu\u00e9 \u00e0 cette r\u00e9flexion \u00e0 la fois artistique et \u00e9ducative. La premi\u00e8re \u00e9dition du festival <em>POUCE\u00a0!<\/em> s\u2019est compos\u00e9e en coop\u00e9ration avec des partenaires de la m\u00e9tropole bordelaise et de Gironde. Depuis 2020 le festival se d\u00e9ploie en Charente-Maritime, suite \u00e0 l\u2019implantation de la Manufacture CDCN \u00e0 La Rochelle \u2013 Chapelle St-Vincent. Cette 13<sup>\u00e8me<\/sup> \u00e9dition du festival a lieu du 30 janvier au 10 f\u00e9vrier 2024 et r\u00e9unit 8 compagnies et \u00e9quipes artistiques pour 24 repr\u00e9sentations, avec une avant-premi\u00e8re et deux cr\u00e9ations\u00a0!<\/p><p><em>POUCE\u00a0!<\/em> est une invitation \u00e0 devenir specteur\u00b7ice pour toutes et tous, \u00e0 partager la diversit\u00e9 de la danse en famille, entre ami\u00b7e\u00b7s, de 3 \u00e0 77 ans et au-del\u00e0\u00a0! Et c\u2019est aussi un pr\u00e9texte d\u2019\u00e9change avec nos partenaires, au sujet de la dimension \u00e9ducative par l\u2019art, par la danse pour d\u00e9couvrir la vitalit\u00e9 du monde, se questionner ou encore s\u2019\u00e9merveiller d\u2019un geste po\u00e9tique. Deux tiers des repr\u00e9sentations ont lieu sur le temps scolaire car le CDCN accompagne chaque ann\u00e9e, en Nouvelle-Aquitaine, une cinquantaine de classes avec des interventions artistiques, des temps de m\u00e9diation sur l\u2019histoire de la danse, et la venue \u00e0 un spectacle.<\/p><p>Pour en revenir \u00e0 la programmation, elle est pens\u00e9e en complicit\u00e9 avec les sc\u00e8nes culturelles partenaires et en lien avec l\u2019actualit\u00e9 chor\u00e9graphique au niveau national et r\u00e9gional. Chaque \u00e9dition propose une diversit\u00e9 de spectacles, que ce soit en termes d\u2019esth\u00e9tiques, de formats, de nombres d\u2019artistes au plateau, de cr\u00e9ations et pi\u00e8ces d\u00e9j\u00e0 cr\u00e9\u00e9s\u00a0; et le CDCN \u00e9change sur l\u2019artistique, avec la volont\u00e9 de faire circuler les propositions au niveau r\u00e9gional. Car c\u2019est un enjeu pour la danse de pouvoir mieux diffuser les pi\u00e8ces de danse et le CDCN agit \u00e0 cet endroit pour faciliter la coordination et la coop\u00e9ration entre nos diff\u00e9rents partenaires de territoire.<\/p><p><strong><em>POUCE !<\/em> Ce qu\u2019il y a \u00e0 voir en Charentre-Maritime<\/strong><\/p><p>En Charente-Maritime, le public pourra d\u00e9couvrir <em>P.I.E.D<\/em> de <strong>B\u00e9r\u00e9nice Legrand \/ Cie La Ruse<\/strong> et <em>Temps de Baleine<\/em> de <strong>Jonas Ch\u00e9reau<\/strong>\u00a0! \u2013 deux spectacles \u00e9galement programm\u00e9s dans la m\u00e9tropole bordelaise.<\/p><p><em>P.I.E.D<\/em> est pr\u00e9sent\u00e9 le mercredi 31 janvier \u00e0 17h, \u00e0 la Manufacture CDCN &#8211; Chapelle St-Vincent, en partenariat avec le Carr\u00e9 Amelot Espace culturel de la ville de la Rochelle. Dans cette pi\u00e8ce, B\u00e9r\u00e9nice Legrand, la chor\u00e9graphe, rend hommage au pied, cette partie du corps qui nous portent, nous supportent, nous transportent, et elle entend ainsi revaloriser le potentiel ignor\u00e9 de nos pieds ! P.I.E.D est port\u00e9e par deux interpr\u00e8tes f\u00e9minines, qui propose une approche instinctive, et personnelle du rapport que l\u2019on peut avoir avec ses pieds\u00a0; nous invitant nous questionner, voir \u00e0 repenser la relation que l\u2019on a avec ses pieds et plus globalement, avec son corps\u2026<\/p><p>Dans <em>Temps de Baleine<\/em>, le chor\u00e9graphe Jonas Ch\u00e9reau propose une \u00ab m\u00e9t\u00e9o danse \u00bb, faite d\u2019\u00e9tat de corps, de mots, qui se composent et se d\u00e9composent comme des nuages. Ce spectacle est dr\u00f4le et tr\u00e8s po\u00e9tique, et Jonas s\u2019amuse \u00e0 relier les \u00e9tats int\u00e9rieurs, les \u00e9motions, \u00e0 ceux de l\u2019ext\u00e9rieur, pour tenter de r\u00e9pondre \u00e0 la question suivante : c\u2019est quoi le probl\u00e8me avec le climat ? \u00a0L\u2019univers si cr\u00e9atif de Jonas, la th\u00e9matique du changement climatique, ce clin d\u2019\u0153il aux baleines, a tout de suite fait \u00e9chos lors de nos \u00e9changes avec <strong>Camille Le Ribaud<\/strong>, responsable culturelle au ch\u00e2teau d\u2019Ol\u00e9ron qui pr\u00e9sentera le spectacle vendredi 2 f\u00e9vrier \u00e0 19h.<\/p><p>Nous programmons \u00e9galement <em>GRRRRR<\/em> mais exclusivement pour les scolaires accompagn\u00e9s d\u2019ateliers, en partenariat avec l\u2019\u00e9cole des Sables et la Salle Beaus\u00e9jour \/ Ville de Ch\u00e2telaillon-Plage, le jeudi 8 f\u00e9vrier. Il s\u2019agit d\u2019un solo, pens\u00e9 pour les enfants d\u00e8s 3 ans et cette pi\u00e8ce se joue en cercle avec une tr\u00e8s grande proximit\u00e9. La danseuse est couverte d\u2019un impressionnant costume fait de plumes et fourrures, son corps se transforme, du tigre \u00e0 l\u2019oiseau en passant au cheval. Ce spectacle propose un univers doux, grotesque et magique ramenant aux origines de la danse\u2026\u00a0<\/p><p><strong><em>POUCE !<\/em> Ce qu\u2019il y \u00e0 faire en famille<\/strong><\/p><p>\u2026 Le plus en Charente-Maritime\u00a0? L\u2019atelier parents-enfants avec <strong>C\u00e9line Maufroid<\/strong>, interpr\u00e8te du spectacle <em>P.I.E.D<\/em> pour partager une PODOexperience en amont du spectacle\u00a0! Rendez-vous mercredi 31 janvier, \u00e0 10h, au CDCN &#8211; Chapelle St-Vincent.<\/p><p>Et une nouveaut\u00e9 \u00e9galement cette ann\u00e9e\u00a0: au printemps dernier, deux \u00e9coles, l\u2019\u00e9cole d\u2019Esnandes et celle des Sables \u00e0 Ch\u00e2telaillon-Plage\u00a0ont sollicit\u00e9 le CDCN pour d\u00e9ployer ensemble le dispositif \u00ab\u00a0Constellation\u00a0\u00bb, initi\u00e9 depuis 2018 par le CN D, en Charente-Maritime. A partir de la th\u00e9matique <em>\u00ab\u00a0Comment j\u2019habite mon corps\u00a0\u00bb<\/em>, 5 classes partagent une exp\u00e9rience artistique sur le temps long. C\u2019est une exp\u00e9rience tr\u00e8s riche \u00e0 tout point de vue, pour les enseignants, pour les enfants et leur famille, pour les artistes complices, <strong>Mathilde Bonicel<\/strong> et <strong>Agata Maszkiewic<\/strong>z, qui vont \u00eatre pr\u00e9sentes dans l\u2019\u00e9cole sous forme de journ\u00e9e et demies journ\u00e9es de transmission de la danse\u00a0! Et <em>POUCE\u00a0!<\/em> marque un temps fort joyeux et festif du projet pour les enfants\u00a0!<\/p><p>Enfin, la journ\u00e9e professionnelle <em>POUCE\u00a0!<\/em> est chaque ann\u00e9e un moment d\u2019\u00e9changes et de r\u00e9flexions fertiles pendant le festival. Elle rassemble des artistes, des programmateurs et responsables de lieux, des enseignants, autour de la relation entre l\u2019art, la jeunesse et l\u2019\u00e9volution des pratiques \u00e9ducatives. Cette ann\u00e9e, la journ\u00e9e pro a lieu Jeudi 1<sup>er<\/sup> f\u00e9vrier en partenariat avec l\u2019OARA avec la complicit\u00e9 de l\u2019ONDA et du r\u00e9seau LOOP. Ce sera l\u2019occasion de d\u00e9couvrir la nouvelle mallette \u00ab danse tout terrain, comment les lieux nous font danser \u00bb du r\u00e9seau des CDCN, des projets de cr\u00e9ation de compagnie, et la nouvelle cr\u00e9ation de <strong>Marc Lacourt<\/strong> <em>Valse avec W\u2026 <\/em>.<\/p><p><strong>Propos recueillis par C\u00e9dric Chaory<\/strong><\/p><p>\u24b8 <strong>Tamara Seilman<\/strong> (<em>Temps de Baleine<\/em>, Jonas Ch\u00e9reau)<\/p><p><a href=\"https:\/\/www.lamanufacture-cdcn.org\/spectacles\/pouce-festival-danse-jeune-public-bordeaux-metropole-nlle-aquitaine-27jan-4fev-2023\/\">POUCE ! le festival danse pour les jeunes Bordeaux \u2013 m\u00e9tropole \u2013 Nlle-Aquitaine 27 janv. \u2013 4 f\u00e9v. 2023 \u2013 La Manufacture CDCN (lamanufacture-cdcn.org)<\/a><\/p>\t\t\t\t\t\t<\/div>\n\t\t\t\t<\/div>\n\t\t\t\t\t<\/div>\n\t\t<\/div>\n\t\t\t\t\t\t\t<\/div>\n\t\t<\/section>\n\t\t\t\t\t\t\t<\/div>\n\t\t","protected":false},"excerpt":{"rendered":"<p>POUCE ! Et que dansent nos dr\u00f4les &#8230; Du 30 janvier au 10 f\u00e9vrier 2024 \u00e0 Bordeaux, dans la m\u00e9tropole et en Nouvelle-Aquitaine, le festival jeune public POUCE\u00a0! 22 repr\u00e9sentations, 7 spectacles, des ateliers parents-enfants et les cr\u00e9ations 2024 de Marc Lacourt et Anthony Egea. Et du c\u00f4t\u00e9 de La Rochelle, on joue (\u00e0) quoi &hellip;<\/p>\n<p class=\"read-more\"> <a class=\"\" href=\"https:\/\/umoove.art\/index.php\/2024\/01\/27\/pouce-par-charlotte-audigier\/\"> <span class=\"screen-reader-text\">POUCE ! par Charlotte Audigier<\/span> Lire la suite\u00a0\u00bb<\/a><\/p>\n","protected":false},"author":1,"featured_media":0,"comment_status":"closed","ping_status":"closed","sticky":false,"template":"","format":"standard","meta":{"site-sidebar-layout":"default","site-content-layout":"default","ast-global-header-display":"","ast-banner-title-visibility":"","ast-main-header-display":"","ast-hfb-above-header-display":"","ast-hfb-below-header-display":"","ast-hfb-mobile-header-display":"","site-post-title":"","ast-breadcrumbs-content":"","ast-featured-img":"","footer-sml-layout":"","theme-transparent-header-meta":"","adv-header-id-meta":"","stick-header-meta":"","header-above-stick-meta":"","header-main-stick-meta":"","header-below-stick-meta":"","footnotes":""},"categories":[7,9],"tags":[],"class_list":["post-5658","post","type-post","status-publish","format-standard","hentry","category-interview","category-interview-interview"],"aioseo_notices":[],"_links":{"self":[{"href":"https:\/\/umoove.art\/index.php\/wp-json\/wp\/v2\/posts\/5658","targetHints":{"allow":["GET"]}}],"collection":[{"href":"https:\/\/umoove.art\/index.php\/wp-json\/wp\/v2\/posts"}],"about":[{"href":"https:\/\/umoove.art\/index.php\/wp-json\/wp\/v2\/types\/post"}],"author":[{"embeddable":true,"href":"https:\/\/umoove.art\/index.php\/wp-json\/wp\/v2\/users\/1"}],"replies":[{"embeddable":true,"href":"https:\/\/umoove.art\/index.php\/wp-json\/wp\/v2\/comments?post=5658"}],"version-history":[{"count":7,"href":"https:\/\/umoove.art\/index.php\/wp-json\/wp\/v2\/posts\/5658\/revisions"}],"predecessor-version":[{"id":5670,"href":"https:\/\/umoove.art\/index.php\/wp-json\/wp\/v2\/posts\/5658\/revisions\/5670"}],"wp:attachment":[{"href":"https:\/\/umoove.art\/index.php\/wp-json\/wp\/v2\/media?parent=5658"}],"wp:term":[{"taxonomy":"category","embeddable":true,"href":"https:\/\/umoove.art\/index.php\/wp-json\/wp\/v2\/categories?post=5658"},{"taxonomy":"post_tag","embeddable":true,"href":"https:\/\/umoove.art\/index.php\/wp-json\/wp\/v2\/tags?post=5658"}],"curies":[{"name":"wp","href":"https:\/\/api.w.org\/{rel}","templated":true}]}}