{"id":5462,"date":"2023-12-18T22:26:59","date_gmt":"2023-12-18T21:26:59","guid":{"rendered":"http:\/\/umoove.art\/?p=5462"},"modified":"2023-12-19T07:40:25","modified_gmt":"2023-12-19T06:40:25","slug":"giselle-opera-national-de-bordeaux","status":"publish","type":"post","link":"https:\/\/umoove.art\/index.php\/2023\/12\/18\/giselle-opera-national-de-bordeaux\/","title":{"rendered":"Giselle &#8211; Op\u00e9ra National de Bordeaux"},"content":{"rendered":"\t\t<div data-elementor-type=\"wp-post\" data-elementor-id=\"5462\" class=\"elementor elementor-5462\" data-elementor-post-type=\"post\">\n\t\t\t\t\t\t\t\t\t<section class=\"elementor-section elementor-top-section elementor-element elementor-element-db63310 elementor-section-boxed elementor-section-height-default elementor-section-height-default\" data-id=\"db63310\" data-element_type=\"section\">\n\t\t\t\t\t\t<div class=\"elementor-container elementor-column-gap-default\">\n\t\t\t\t\t<div class=\"elementor-column elementor-col-100 elementor-top-column elementor-element elementor-element-f895655\" data-id=\"f895655\" data-element_type=\"column\">\n\t\t\t<div class=\"elementor-widget-wrap elementor-element-populated\">\n\t\t\t\t\t\t\t\t<div class=\"elementor-element elementor-element-1f426d3 elementor-widget elementor-widget-image\" data-id=\"1f426d3\" data-element_type=\"widget\" data-widget_type=\"image.default\">\n\t\t\t\t<div class=\"elementor-widget-container\">\n\t\t\t<style>\/*! elementor - v3.14.0 - 26-06-2023 *\/\n.elementor-widget-image{text-align:center}.elementor-widget-image a{display:inline-block}.elementor-widget-image a img[src$=\".svg\"]{width:48px}.elementor-widget-image img{vertical-align:middle;display:inline-block}<\/style>\t\t\t\t\t\t\t\t\t\t\t\t<img loading=\"lazy\" decoding=\"async\" width=\"768\" height=\"614\" src=\"https:\/\/umoove.art\/wp-content\/uploads\/2023\/12\/Reouverture-du-bureau-de-presse-le-4-septembre-13-768x614.jpg\" class=\"attachment-medium_large size-medium_large wp-image-5464\" alt=\"\" srcset=\"https:\/\/umoove.art\/wp-content\/uploads\/2023\/12\/Reouverture-du-bureau-de-presse-le-4-septembre-13-768x614.jpg 768w, https:\/\/umoove.art\/wp-content\/uploads\/2023\/12\/Reouverture-du-bureau-de-presse-le-4-septembre-13-300x240.jpg 300w, https:\/\/umoove.art\/wp-content\/uploads\/2023\/12\/Reouverture-du-bureau-de-presse-le-4-septembre-13-1024x819.jpg 1024w, https:\/\/umoove.art\/wp-content\/uploads\/2023\/12\/Reouverture-du-bureau-de-presse-le-4-septembre-13-1536x1229.jpg 1536w, https:\/\/umoove.art\/wp-content\/uploads\/2023\/12\/Reouverture-du-bureau-de-presse-le-4-septembre-13.jpg 2000w\" sizes=\"auto, (max-width: 768px) 100vw, 768px\" \/>\t\t\t\t\t\t\t\t\t\t\t\t\t\t\t<\/div>\n\t\t\t\t<\/div>\n\t\t\t\t\t<\/div>\n\t\t<\/div>\n\t\t\t\t\t\t\t<\/div>\n\t\t<\/section>\n\t\t\t\t<section class=\"elementor-section elementor-top-section elementor-element elementor-element-53dbc11 elementor-section-boxed elementor-section-height-default elementor-section-height-default\" data-id=\"53dbc11\" data-element_type=\"section\">\n\t\t\t\t\t\t<div class=\"elementor-container elementor-column-gap-default\">\n\t\t\t\t\t<div class=\"elementor-column elementor-col-100 elementor-top-column elementor-element elementor-element-494ea1e\" data-id=\"494ea1e\" data-element_type=\"column\">\n\t\t\t<div class=\"elementor-widget-wrap elementor-element-populated\">\n\t\t\t\t\t\t\t\t<div class=\"elementor-element elementor-element-b8c5269 elementor-widget elementor-widget-heading\" data-id=\"b8c5269\" data-element_type=\"widget\" data-widget_type=\"heading.default\">\n\t\t\t\t<div class=\"elementor-widget-container\">\n\t\t\t<style>\/*! elementor - v3.14.0 - 26-06-2023 *\/\n.elementor-heading-title{padding:0;margin:0;line-height:1}.elementor-widget-heading .elementor-heading-title[class*=elementor-size-]>a{color:inherit;font-size:inherit;line-height:inherit}.elementor-widget-heading .elementor-heading-title.elementor-size-small{font-size:15px}.elementor-widget-heading .elementor-heading-title.elementor-size-medium{font-size:19px}.elementor-widget-heading .elementor-heading-title.elementor-size-large{font-size:29px}.elementor-widget-heading .elementor-heading-title.elementor-size-xl{font-size:39px}.elementor-widget-heading .elementor-heading-title.elementor-size-xxl{font-size:59px}<\/style><h1 class=\"elementor-heading-title elementor-size-default\">Giselle, new design<\/h1>\t\t<\/div>\n\t\t\t\t<\/div>\n\t\t\t\t\t<\/div>\n\t\t<\/div>\n\t\t\t\t\t\t\t<\/div>\n\t\t<\/section>\n\t\t\t\t<section class=\"elementor-section elementor-top-section elementor-element elementor-element-fa4564f elementor-section-boxed elementor-section-height-default elementor-section-height-default\" data-id=\"fa4564f\" data-element_type=\"section\">\n\t\t\t\t\t\t<div class=\"elementor-container elementor-column-gap-default\">\n\t\t\t\t\t<div class=\"elementor-column elementor-col-100 elementor-top-column elementor-element elementor-element-789d16e\" data-id=\"789d16e\" data-element_type=\"column\">\n\t\t\t<div class=\"elementor-widget-wrap elementor-element-populated\">\n\t\t\t\t\t\t\t\t<div class=\"elementor-element elementor-element-a5600d4 elementor-widget elementor-widget-text-editor\" data-id=\"a5600d4\" data-element_type=\"widget\" data-widget_type=\"text-editor.default\">\n\t\t\t\t<div class=\"elementor-widget-container\">\n\t\t\t<style>\/*! elementor - v3.14.0 - 26-06-2023 *\/\n.elementor-widget-text-editor.elementor-drop-cap-view-stacked .elementor-drop-cap{background-color:#69727d;color:#fff}.elementor-widget-text-editor.elementor-drop-cap-view-framed .elementor-drop-cap{color:#69727d;border:3px solid;background-color:transparent}.elementor-widget-text-editor:not(.elementor-drop-cap-view-default) .elementor-drop-cap{margin-top:8px}.elementor-widget-text-editor:not(.elementor-drop-cap-view-default) .elementor-drop-cap-letter{width:1em;height:1em}.elementor-widget-text-editor .elementor-drop-cap{float:left;text-align:center;line-height:1;font-size:50px}.elementor-widget-text-editor .elementor-drop-cap-letter{display:inline-block}<\/style>\t\t\t\t<h2>Elle<strong> incarne l\u2019arch\u00e9type du ballet romantique, celle que toutes les \u00e9toiles r\u00eavent un jour d\u2019interpr\u00e9ter&nbsp;: Giselle, paysanne au destin tragique qui fait le bonheur des balletomanes depuis sa cr\u00e9ation en 1841, ann\u00e9e o\u00f9 Carlotta Grisi lui donne vie sur la sc\u00e8ne de l\u2019Acad\u00e9mie Royale de Musique. Programm\u00e9 en cette fin d\u2019ann\u00e9e \u00e0 l\u2019Op\u00e9ra National de Bordeaux, le ballet-pantomime se voit offrir un lifting sign\u00e9 Matali Crasset. Un lifting r\u00e9ussi.<\/strong><\/h2>\n<p>Quel choc ce fut pour les Parisiens de d\u00e9couvrir <em>Giselle<\/em> au printemps 1841&nbsp;: voir La Grisi sur pointes, tutu virevoltant&nbsp;; entendre sa partition musicale d\u2019un genre nouveau inspir\u00e9 du bel canto&nbsp;; se perdre dans les brumes irr\u00e9elles de son acte 2. <strong>Petipa<\/strong> et <strong>Diaghilev<\/strong> ont eu le nez fin en relan\u00e7ant ce succ\u00e8s injustement mis au placard d\u00e8s 1868. Depuis bon nombre de chor\u00e9graphes se sont mesur\u00e9s \u00e0 cette Himalaya de la danse classique. Et <em>Giselle<\/em> d\u2019en voir de toutes les couleurs&nbsp;: <strong>Alicia Alonso<\/strong> et <strong>Mary Skeaping<\/strong> en ont boulevers\u00e9 l\u2019ordre des morceaux, <strong>Gabriella Martinez<\/strong> l\u2019a assaisonn\u00e9 de la musique de Pink Floyd, <strong>Mats Ek<\/strong> et <strong>Maryse Delente<\/strong> l\u2019ont enferm\u00e9 \u00e0 l\u2019asile ou dans ses \u00ab&nbsp;d\u00e9sirs fr\u00e9n\u00e9tiques&nbsp;\u00bb et malgr\u00e9 tout ces relectures <em>Giselle <\/em>n\u2019en finit plus d\u2019\u00eatre dans les esprits la quintessence de la danse classique romantique, m\u00e9lange immuable des genres de la pastorale, de la trag\u00e9die, du drame et du fantastique. Une image d\u2019Epinal que le Ballet National de Bordeaux a d\u00e9cid\u00e9 de relire \u00e0 nouveau.<\/p>\n<p><strong>Eric Quiller\u00e9<\/strong>, directeur du ballet n\u00e9o-aquitain, a eu l\u2019id\u00e9e de cette nouvelle production suite \u00e0 un \u00e9change avec&nbsp;<strong>Emmanuel Hondr\u00e9<\/strong> directeur de l\u2019Op\u00e9ra bordelais. Proposer une version plus contemporaine, qui trancherait avec celle de Charles Jude, au niveau des d\u00e9cors et des costumes tout en conservant la chor\u00e9graphie originale de Jean Coralli et Jules Perrot, tel en est le deal. Et ils furent tr\u00e8s inspir\u00e9s de jeter leur d\u00e9volu sur <strong>Matali Crasset,<\/strong> vierge de toute exp\u00e9rience dans l\u2019art chor\u00e9graphique mais illustre designer explorant des&nbsp;univers \u00e9clectiques, allant de l\u2019artisanat \u00e0 la musique \u00e9lectronique, de l\u2019industrie textile au commerce \u00e9quitable, pour penser le reset de ce hit chor\u00e9graphique.<\/p>\n<p><strong>Une sc\u00e9nographie minimaliste, graphique et color\u00e9e<\/strong><\/p>\n<p>Quand le rideau se l\u00e8ve sur le village bucolique de Giselle version Crasset, c\u2019est un \u00ab&nbsp;Oh&nbsp;\u00bb d\u2019\u00e9merveillement qui s\u2019\u00e9chappe de l\u2019auditoire. Oubli\u00e9s les d\u00e9cors en carton-p\u00e2te repr\u00e9sentant une ruralit\u00e9 maronnasse&nbsp; qu\u2019encadre une dense for\u00eat. Ici, dans la blancheur d\u2019un plateau immacul\u00e9 tr\u00f4ne une dizaine d\u2019arbres au graphisme \u00e9pur\u00e9, reprenant l\u2019aspect conique du tutu long, signature du ballet. C\u00f4t\u00e9 jardin&nbsp;: une fr\u00eale chaumi\u00e8re, incarnation du \u00ab&nbsp;monde rural&nbsp;\u00bb c\u00f4t\u00e9 cour une route escarp\u00e9e menant au \u00ab&nbsp;monde d\u2019en haut&nbsp;\u00bb, celui de la noblesse. Soit un syst\u00e8me d\u2019espace \u00e0 la lisibilit\u00e9 imm\u00e9diate o\u00f9 s\u2019anime une communaut\u00e9 en harmonie. Fid\u00e8le \u00e0 sa d\u00e9marche proche de l\u2019anthropologie, Matalie Crasset propose une relecture du livret qui met en pr\u00e9sence deux mondes&nbsp;: celui d\u2019en haut et celui d\u2019en bas. Tout dans sa sc\u00e9nographie tend \u00e0 les distinguer&nbsp;et en tout premier lieu les costumes. Quand les villageois en arborent d\u2019\u00e9pur\u00e9s couleur corail ou vert olive qui nous ram\u00e8nent aux \u00e9l\u00e9ments naturels, c\u2019est le vivant qu\u2019on c\u00e9l\u00e8bre, la symbiose des paysans unis \u00e0 leur terre nourrici\u00e8re. La Cour, elle, est affubl\u00e9e de tenues \u00e9labor\u00e9es, contraignant les corps avec force couronnes, arceaux et autres attributs superf\u00e9tatoires. Les couleurs flashy dans un d\u00e9grad\u00e9 de rose, fuchsia et bleu \u00e9lectrique ajoutent au c\u00f4t\u00e9 artificiel et m\u2019as-tu-vu de cette caste. Enonc\u00e9e ainsi l\u2019id\u00e9e para\u00eet simpliste (dans son analyse soci\u00e9tale), sur sc\u00e8ne son effet est saisissant, novateur, imprimant votre r\u00e9tine tout en jetant un vent de modernit\u00e9 \u00e0 l\u2019\u0153uvre. Le tout sublim\u00e9 par le travail de l\u2019\u00e9clairagiste <strong>Yannick Fouassier<\/strong>.<\/p>\n<p>A l\u2019acte 1, color\u00e9 et guilleret (jusqu\u2019\u00e0 ce que ne survienne le d\u00e9c\u00e8s de Giselle&nbsp;!) succ\u00e8de un acte 2 envoutant. Incontestablement la partie la plus spectaculaire de la production. On y retrouve les m\u00eames arbres graphiques en fond de sc\u00e8ne baign\u00e9s dans les brouillards du Royaume des Willis. Le blanc r\u00e8gne en ma\u00eetre&nbsp;: celui des costumes des femmes-vengeresses, aux m\u00e9trages longs d\u2019organza de soie et ruban de satin.<\/p>\n<p><strong>Un honn\u00eate corps de ballet<\/strong><\/p>\n<p>Pour cette relecture, Eric Quiller\u00e9 a donc gard\u00e9 la chor\u00e9graphie d\u2019\u00e9poque. Diagonale de ballonn\u00e9s, arabesques qui se croisent, petite batterie abondante, balan\u00e7oires-ballonn\u00e9-petit jet\u00e9, multiples bris\u00e9s et autres entrechats six \u2026 toute la complexit\u00e9 d\u2019une partition inspir\u00e9e de l\u2019\u00e9cole italienne est \u00e0 l\u2019\u0153uvre. Ce vendredi 15 d\u00e9cembre, <strong>Lucia Rios<\/strong> &#8211; nouvellement nomm\u00e9e soliste &#8211; et <strong>Oleg Rogachev,<\/strong> premier danseur, ont parfaitement camp\u00e9 Giselle et Albrecht. Tous deux ont su incarner les subtilit\u00e9s psychologiques et \u00e9viter les chausse-trappes techniques d\u2019une exigeante partition chor\u00e9graphique. &nbsp;Mention sp\u00e9ciale \u00e0 Lucia pour la (fameuse) sc\u00e8ne de folie qui cl\u00f4t l\u2019acte 1. On retiendra \u00e9galement le duo des vendangeurs o\u00f9 <strong>Clara Spitz<\/strong> a brill\u00e9, d\u2019ailleurs un peu plus que le s\u00e9millant <strong>Tangui Tr\u00e9vinal<\/strong> souvent f\u00e9brile dans ses r\u00e9ceptions. Et bien s\u00fbr les Willis, \u00e9quip\u00e9e fantomatique au cordeau.<\/p>\n<p>Avec ce <em>Giselle <\/em>\u2013 sans doute encore un peu frais dans les jambes d\u2019une troupe qui ne l\u2019a pas dans\u00e9 depuis sept ans, la compagnie bordelaise tend \u00e0 d\u00e9montrer encore une fois, et quelques mois apr\u00e8s un programme \u00ab&nbsp;Ecole Su\u00e9doise&nbsp;\u00bb de haute vol\u00e9e, qu\u2019elle a de l\u2019ambition. Et les moyens artistiques de ses ambitions.<\/p>\n<p>Fait notable \u00e9galement&nbsp;: ce <em>Giselle&nbsp;<\/em>est \u00e9co-responsable (et contrairement \u00e0 beaucoup d\u2019\u0153uvres chor\u00e9graphiques qui revendiquent ce label, point de greenwashing ici)&nbsp;: les costumes sont issus d\u2019\u00e9toffes recycl\u00e9es, le d\u00e9cor (en bois) sera enti\u00e8rement r\u00e9utilis\u00e9 \u00e0 l\u2019issue de l\u2019exploitation de la pi\u00e8ce. <em>\u00ab Giselle&nbsp;ou la d\u00e9fense de la culture du vivant \u00bb <\/em>proclame Matali Crasset, c&rsquo;est notre paysanne et sa communaut\u00e9 qui vont appr\u00e9cier cette attention en direction de la terre-m\u00e8re&nbsp;!<\/p>\n<p><strong>C\u00e9dric Chaory<\/strong><\/p>\n<p><strong>Jusqu\u2019au 31 d\u00e9cembre \u00e0 l\u2019Op\u00e9ra National de Bordeaux<\/strong><\/p>\n<p><strong>Lien&nbsp;: <\/strong><a href=\"https:\/\/www.opera-bordeaux.com\/danse-famille-scolaires-giselle-44012#a-propos\">Giselle &#8211; Coralli\/Perrot | Adam &#8211; F\u00eates de fin d&rsquo;ann\u00e9e &#8211; Du mercredi 06 d\u00e9cembre 2023 au dimanche 31 d\u00e9cembre 2023 &#8211; Grand-Th\u00e9\u00e2tre &#8211; 20231206 | Op\u00e9ra National de Bordeaux (opera-bordeaux.com)<\/a><\/p>\t\t\t\t\t\t<\/div>\n\t\t\t\t<\/div>\n\t\t\t\t\t<\/div>\n\t\t<\/div>\n\t\t\t\t\t\t\t<\/div>\n\t\t<\/section>\n\t\t\t\t\t\t\t<\/div>\n\t\t","protected":false},"excerpt":{"rendered":"<p>Giselle, new design Elle incarne l\u2019arch\u00e9type du ballet romantique, celle que toutes les \u00e9toiles r\u00eavent un jour d\u2019interpr\u00e9ter&nbsp;: Giselle, paysanne au destin tragique qui fait le bonheur des balletomanes depuis sa cr\u00e9ation en 1841, ann\u00e9e o\u00f9 Carlotta Grisi lui donne vie sur la sc\u00e8ne de l\u2019Acad\u00e9mie Royale de Musique. Programm\u00e9 en cette fin d\u2019ann\u00e9e \u00e0 &hellip;<\/p>\n<p class=\"read-more\"> <a class=\"\" href=\"https:\/\/umoove.art\/index.php\/2023\/12\/18\/giselle-opera-national-de-bordeaux\/\"> <span class=\"screen-reader-text\">Giselle &#8211; Op\u00e9ra National de Bordeaux<\/span> Lire la suite\u00a0\u00bb<\/a><\/p>\n","protected":false},"author":1,"featured_media":0,"comment_status":"open","ping_status":"open","sticky":false,"template":"","format":"standard","meta":{"site-sidebar-layout":"default","site-content-layout":"default","ast-global-header-display":"","ast-banner-title-visibility":"","ast-main-header-display":"","ast-hfb-above-header-display":"","ast-hfb-below-header-display":"","ast-hfb-mobile-header-display":"","site-post-title":"","ast-breadcrumbs-content":"","ast-featured-img":"","footer-sml-layout":"","theme-transparent-header-meta":"","adv-header-id-meta":"","stick-header-meta":"","header-above-stick-meta":"","header-main-stick-meta":"","header-below-stick-meta":"","footnotes":""},"categories":[1],"tags":[],"class_list":["post-5462","post","type-post","status-publish","format-standard","hentry","category-non-classe"],"aioseo_notices":[],"_links":{"self":[{"href":"https:\/\/umoove.art\/index.php\/wp-json\/wp\/v2\/posts\/5462","targetHints":{"allow":["GET"]}}],"collection":[{"href":"https:\/\/umoove.art\/index.php\/wp-json\/wp\/v2\/posts"}],"about":[{"href":"https:\/\/umoove.art\/index.php\/wp-json\/wp\/v2\/types\/post"}],"author":[{"embeddable":true,"href":"https:\/\/umoove.art\/index.php\/wp-json\/wp\/v2\/users\/1"}],"replies":[{"embeddable":true,"href":"https:\/\/umoove.art\/index.php\/wp-json\/wp\/v2\/comments?post=5462"}],"version-history":[{"count":7,"href":"https:\/\/umoove.art\/index.php\/wp-json\/wp\/v2\/posts\/5462\/revisions"}],"predecessor-version":[{"id":5471,"href":"https:\/\/umoove.art\/index.php\/wp-json\/wp\/v2\/posts\/5462\/revisions\/5471"}],"wp:attachment":[{"href":"https:\/\/umoove.art\/index.php\/wp-json\/wp\/v2\/media?parent=5462"}],"wp:term":[{"taxonomy":"category","embeddable":true,"href":"https:\/\/umoove.art\/index.php\/wp-json\/wp\/v2\/categories?post=5462"},{"taxonomy":"post_tag","embeddable":true,"href":"https:\/\/umoove.art\/index.php\/wp-json\/wp\/v2\/tags?post=5462"}],"curies":[{"name":"wp","href":"https:\/\/api.w.org\/{rel}","templated":true}]}}