{"id":3029,"date":"2022-12-14T10:35:15","date_gmt":"2022-12-14T09:35:15","guid":{"rendered":"http:\/\/umoove.art\/?p=3029"},"modified":"2022-12-14T10:38:30","modified_gmt":"2022-12-14T09:38:30","slug":"lise-saladain","status":"publish","type":"post","link":"https:\/\/umoove.art\/index.php\/2022\/12\/14\/lise-saladain\/","title":{"rendered":"Lise Saladain"},"content":{"rendered":"\t\t<div data-elementor-type=\"wp-post\" data-elementor-id=\"3029\" class=\"elementor elementor-3029\" data-elementor-post-type=\"post\">\n\t\t\t\t\t\t\t\t\t<section class=\"elementor-section elementor-top-section elementor-element elementor-element-6a55c94 elementor-section-boxed elementor-section-height-default elementor-section-height-default\" data-id=\"6a55c94\" data-element_type=\"section\">\n\t\t\t\t\t\t<div class=\"elementor-container elementor-column-gap-default\">\n\t\t\t\t\t<div class=\"elementor-column elementor-col-100 elementor-top-column elementor-element elementor-element-989276b\" data-id=\"989276b\" data-element_type=\"column\">\n\t\t\t<div class=\"elementor-widget-wrap elementor-element-populated\">\n\t\t\t\t\t\t\t\t<div class=\"elementor-element elementor-element-ca9ab9d elementor-widget elementor-widget-image\" data-id=\"ca9ab9d\" data-element_type=\"widget\" data-widget_type=\"image.default\">\n\t\t\t\t<div class=\"elementor-widget-container\">\n\t\t\t<style>\/*! elementor - v3.14.0 - 26-06-2023 *\/\n.elementor-widget-image{text-align:center}.elementor-widget-image a{display:inline-block}.elementor-widget-image a img[src$=\".svg\"]{width:48px}.elementor-widget-image img{vertical-align:middle;display:inline-block}<\/style>\t\t\t\t\t\t\t\t\t\t\t\t<img loading=\"lazy\" decoding=\"async\" width=\"768\" height=\"614\" src=\"https:\/\/umoove.art\/wp-content\/uploads\/2022\/12\/En-plein-coeur-Christian-et-Francois-Ben-Aim-9-2-768x614.png\" class=\"attachment-medium_large size-medium_large wp-image-2880\" alt=\"\" srcset=\"https:\/\/umoove.art\/wp-content\/uploads\/2022\/12\/En-plein-coeur-Christian-et-Francois-Ben-Aim-9-2-768x614.png 768w, https:\/\/umoove.art\/wp-content\/uploads\/2022\/12\/En-plein-coeur-Christian-et-Francois-Ben-Aim-9-2-300x240.png 300w, https:\/\/umoove.art\/wp-content\/uploads\/2022\/12\/En-plein-coeur-Christian-et-Francois-Ben-Aim-9-2-1024x819.png 1024w, https:\/\/umoove.art\/wp-content\/uploads\/2022\/12\/En-plein-coeur-Christian-et-Francois-Ben-Aim-9-2-1536x1229.png 1536w, https:\/\/umoove.art\/wp-content\/uploads\/2022\/12\/En-plein-coeur-Christian-et-Francois-Ben-Aim-9-2.png 2000w\" sizes=\"auto, (max-width: 768px) 100vw, 768px\" \/>\t\t\t\t\t\t\t\t\t\t\t\t\t\t\t<\/div>\n\t\t\t\t<\/div>\n\t\t\t\t\t<\/div>\n\t\t<\/div>\n\t\t\t\t\t\t\t<\/div>\n\t\t<\/section>\n\t\t\t\t<section class=\"elementor-section elementor-top-section elementor-element elementor-element-4650f2e elementor-section-boxed elementor-section-height-default elementor-section-height-default\" data-id=\"4650f2e\" data-element_type=\"section\">\n\t\t\t\t\t\t<div class=\"elementor-container elementor-column-gap-default\">\n\t\t\t\t\t<div class=\"elementor-column elementor-col-100 elementor-top-column elementor-element elementor-element-bbb7ecf\" data-id=\"bbb7ecf\" data-element_type=\"column\">\n\t\t\t<div class=\"elementor-widget-wrap elementor-element-populated\">\n\t\t\t\t\t\t\t\t<div class=\"elementor-element elementor-element-44dcbaf elementor-widget elementor-widget-heading\" data-id=\"44dcbaf\" data-element_type=\"widget\" data-widget_type=\"heading.default\">\n\t\t\t\t<div class=\"elementor-widget-container\">\n\t\t\t<style>\/*! elementor - v3.14.0 - 26-06-2023 *\/\n.elementor-heading-title{padding:0;margin:0;line-height:1}.elementor-widget-heading .elementor-heading-title[class*=elementor-size-]>a{color:inherit;font-size:inherit;line-height:inherit}.elementor-widget-heading .elementor-heading-title.elementor-size-small{font-size:15px}.elementor-widget-heading .elementor-heading-title.elementor-size-medium{font-size:19px}.elementor-widget-heading .elementor-heading-title.elementor-size-large{font-size:29px}.elementor-widget-heading .elementor-heading-title.elementor-size-xl{font-size:39px}.elementor-widget-heading .elementor-heading-title.elementor-size-xxl{font-size:59px}<\/style><h2 class=\"elementor-heading-title elementor-size-default\">Danse avec les clics<\/h2>\t\t<\/div>\n\t\t\t\t<\/div>\n\t\t\t\t\t<\/div>\n\t\t<\/div>\n\t\t\t\t\t\t\t<\/div>\n\t\t<\/section>\n\t\t\t\t<section class=\"elementor-section elementor-top-section elementor-element elementor-element-2b9ddd3 elementor-section-boxed elementor-section-height-default elementor-section-height-default\" data-id=\"2b9ddd3\" data-element_type=\"section\">\n\t\t\t\t\t\t<div class=\"elementor-container elementor-column-gap-default\">\n\t\t\t\t\t<div class=\"elementor-column elementor-col-100 elementor-top-column elementor-element elementor-element-adadf98\" data-id=\"adadf98\" data-element_type=\"column\">\n\t\t\t<div class=\"elementor-widget-wrap elementor-element-populated\">\n\t\t\t\t\t\t\t\t<div class=\"elementor-element elementor-element-7374dc8 elementor-widget elementor-widget-text-editor\" data-id=\"7374dc8\" data-element_type=\"widget\" data-widget_type=\"text-editor.default\">\n\t\t\t\t<div class=\"elementor-widget-container\">\n\t\t\t<style>\/*! elementor - v3.14.0 - 26-06-2023 *\/\n.elementor-widget-text-editor.elementor-drop-cap-view-stacked .elementor-drop-cap{background-color:#69727d;color:#fff}.elementor-widget-text-editor.elementor-drop-cap-view-framed .elementor-drop-cap{color:#69727d;border:3px solid;background-color:transparent}.elementor-widget-text-editor:not(.elementor-drop-cap-view-default) .elementor-drop-cap{margin-top:8px}.elementor-widget-text-editor:not(.elementor-drop-cap-view-default) .elementor-drop-cap-letter{width:1em;height:1em}.elementor-widget-text-editor .elementor-drop-cap{float:left;text-align:center;line-height:1;font-size:50px}.elementor-widget-text-editor .elementor-drop-cap-letter{display:inline-block}<\/style>\t\t\t\t<p><strong>La Manufacture ne ch\u00f4me en ces temps de pand\u00e9mie. La fermeture aux publics de ses lieux bordelais et rochelais \u00e0 laisser place \u00e0 Danse On Air, un objet num\u00e9rique foisonnant qui fait la part belle \u00e0 la culture chor\u00e9graphique. Lise Saladain, directrice d\u00e9l\u00e9gu\u00e9e du CDCN Nouvelle-Aquitaine, revient sur cette exp\u00e9rience salutaire.\u00a0 <\/strong><\/p><p><strong style=\"font-style: inherit; background-color: var(--ast-global-color-5);\">D\u2019o\u00f9 vous est venue l\u2019id\u00e9e de <em>Danse On Air<\/em>, singulier objet de savoirs chor\u00e9graphiques\u00a0?<\/strong><\/p><p>Lors du premier confinement, en mars dernier, toutes nos actions en direction des publics ont \u00e9t\u00e9 emp\u00each\u00e9es. Elles repr\u00e9sentent une importante part de notre activit\u00e9, tant \u00e0 Bordeaux qu\u2019\u00e0 La Rochelle, avec 4 employ\u00e9es investies au quotidien. Nous attachons une tr\u00e8s grande importance \u00e0 la proximit\u00e9 avec notre public et il nous fallait imp\u00e9rativement garder ce lien et dialogue. Je suis tr\u00e8s attach\u00e9e \u00e0 la dimension \u00e9ducative et aux partages des savoirs. Cette diffusion du savoir m\u2019a sembl\u00e9 \u00eatre la voie id\u00e9ale pour garder le contact. Tr\u00e8s rapidement, et \u00e0 l\u2019initiative de l\u2019\u00e9quipe, nous avons pens\u00e9 <em>Danse On Air<\/em>, programme de culture chor\u00e9graphique en ligne. Il ne s\u2019agit en aucun cas de substituer le virtuel au vivant via la diffusion de spectacles en streaming &#8211; d\u2019autres savent le faire bien mieux que nous, notamment <strong>num\u00e9ridanse <\/strong>\u2013 mais de d\u00e9velopper une offre d\u00e9di\u00e9e \u00e0 la culture chor\u00e9graphique sur le net dans une logique de relation et de m\u00e9diation en direction des publics.<\/p><p><strong>De quoi se compose <em>Danse On Air\u00a0<\/em>?<\/strong><\/p><p>D\u2019 archives historiques, vid\u00e9os, podcasts, articles, discussions crois\u00e9es \u2026L\u2019int\u00e9r\u00eat du num\u00e9rique est qu\u2019il permet une pluralit\u00e9 de formes d\u2019interactions. C\u2019est un terrain de jeu exceptionnel dans la continuit\u00e9 de notre activit\u00e9 artistique. Nous avons d\u00e9voil\u00e9 notre 9<sup>\u00e8me<\/sup> \u00ab\u00a0\u00e9dition\u00a0\u00bb de Danse On Air hier, vendredi 5 f\u00e9vrier. Entre le premier confinement et aujourd\u2019hui nous avons beaucoup travaill\u00e9 au d\u00e9veloppement du contenu, largement aid\u00e9s par les retours enthousiastes des internautes et des institutions. Ces derni\u00e8res nous encouragent dans notre d\u00e9marche\u00a0: nous sommes notamment soutenus par le programme Aquitaine\u00a0Cultures Connect\u00e9es, la ville de Bordeaux \u2026 Depuis le mois de d\u00e9cembre notre contenu est th\u00e9matique avec un Danse On Air consacr\u00e9 \u00e0 la danse et l\u2019\u00e9cologie. Nous pensons vraiment ce projet comme un outil de m\u00e9diation qui pose un regard sur la cr\u00e9ation actuelle et sur l\u2019histoire de l\u2019art. Sur les liens qui les travaillent.<\/p><p><strong style=\"font-style: inherit; background-color: var(--ast-global-color-5);\">Comment travaillez-vous\u00a0\u00e0 sa conception\u00a0?<\/strong><\/p><p>La moiti\u00e9 de l\u2019\u00e9quipe de La Manufacture travaille activement \u00e0 Danse On Air. Nous avons aussi un \u00ab\u00a0comit\u00e9 artistique\u00a0\u00bb, groupe de recherche compos\u00e9 d\u2019<strong>Agn\u00e8s Beno\u00eet <\/strong>&#8211; fondatrice de la librairie itin\u00e9rante sur la danse, <strong>Books on the Move<\/strong> \u2013 de <strong>La Tierce <\/strong>et <strong>Marcela Santander Corval\u00e1n<\/strong>, artistes que nous accompagnons \u00e0 La Manufacture. Nous invitons aussi des personnes au regard plus \u00ab\u00a0na\u00eff\u00a0\u00bb sur l\u2019art chor\u00e9graphique. Ils nous bousculent un peu et nous \u00e9vitent d\u2019employer un vocabulaire trop endog\u00e8ne car il s\u2019agit bien ici de tendre \u00e0 la vulgarisation.<\/p><p>Nous travaillons \u00e9galement ensemble \u00e0 mettre la lumi\u00e8re sur des initiatives r\u00e9gionales. Ainsi pour cette \u00e9dition d\u00e9di\u00e9e \u00e0 l\u2019expressionnisme nous avons organis\u00e9 une rencontre entre Marcela Santander et <strong>Jean Masse<\/strong>, danseur \u2013 chor\u00e9graphe qui vient d\u2019ouvrir l\u2019espace <strong>Karin Waehner<\/strong> dans une ancienne ferme \u00e0 60 km de\u00a0Bordeaux. Il est une vraie personne-ressource sur l\u2019expressionnisme en danse.<\/p><p><strong style=\"font-style: inherit; background-color: var(--ast-global-color-5);\">Pourquoi cette th\u00e9matique pr\u00e9cis\u00e9ment\u00a0?<\/strong><\/p><p><span style=\"font-style: inherit; font-weight: inherit; background-color: var(--ast-global-color-5);\">Si vous observez la danse actuelle, il y a un vrai retour \u00e0 l\u2019expressionnisme. Le visage neutre de la danse du d\u00e9but des ann\u00e9es 2000 tend \u00e0 s\u2019effacer au profit d\u2019une plus grande intensit\u00e9 expressive. Je pense au travail de Marcela avec <\/span><em style=\"font-weight: inherit; background-color: var(--ast-global-color-5);\">Disparue<\/em><span style=\"font-style: inherit; font-weight: inherit; background-color: var(--ast-global-color-5);\">, mais aussi \u00e0 <\/span><strong style=\"font-style: inherit; background-color: var(--ast-global-color-5);\">Marlene Monteiro Freitas<\/strong><span style=\"font-style: inherit; font-weight: inherit; background-color: var(--ast-global-color-5);\">, <\/span><strong style=\"font-style: inherit; background-color: var(--ast-global-color-5);\">Volmir Cordeiro<\/strong><span style=\"font-style: inherit; font-weight: inherit; background-color: var(--ast-global-color-5);\">. Aussi notre num\u00e9ro de f\u00e9vrier aborde le Bauhaus, cette \u00e9cole d\u2019arts appliqu\u00e9s et d\u2019architecture devenue courant artistique, cr\u00e9\u00e9e par Oskar Schlemmer. <\/span><strong style=\"font-style: inherit; background-color: var(--ast-global-color-5);\">\u00c9loise Deschemin<\/strong><span style=\"font-style: inherit; font-weight: inherit; background-color: var(--ast-global-color-5);\"> en racontera l\u2019histoire via notamment la question du masque dans un format de 10-15 mn foisonnant d\u2019inventions. La chercheuse en danse <\/span><strong style=\"font-style: inherit; background-color: var(--ast-global-color-5);\">Isabelle Launay<\/strong><span style=\"font-style: inherit; font-weight: inherit; background-color: var(--ast-global-color-5);\"> posera la question de la transmission dans son article,\u00a0<\/span><em style=\"font-weight: inherit; background-color: var(--ast-global-color-5);\">Une sorci\u00e8re en cache une autre<\/em><span style=\"font-style: inherit; font-weight: inherit; background-color: var(--ast-global-color-5);\">, extrait du n\u00b030 de la revue\u00a0<\/span><em style=\"font-weight: inherit; background-color: var(--ast-global-color-5);\">Rep\u00e8res, cahier de danse\u00a0<\/em><span style=\"font-style: inherit; font-weight: inherit; background-color: var(--ast-global-color-5);\">en se penchant sur la fa\u00e7on dont la danseuse et chor\u00e9graphe <\/span><strong style=\"font-style: inherit; background-color: var(--ast-global-color-5);\">Latifa La\u00e2bissi<\/strong><span style=\"font-style: inherit; font-weight: inherit; background-color: var(--ast-global-color-5);\"> s\u2019est empar\u00e9e de la\u00a0<\/span><em style=\"font-weight: inherit; background-color: var(--ast-global-color-5);\">Danse de la sorci\u00e8re\u00a0<\/em><span style=\"font-style: inherit; font-weight: inherit; background-color: var(--ast-global-color-5);\">de <\/span><strong style=\"font-style: inherit; background-color: var(--ast-global-color-5);\">Mary Wigman<\/strong><span style=\"font-style: inherit; font-weight: inherit; background-color: var(--ast-global-color-5);\"> pour la transformer, la citer et la \u00abcopier\u00bb. Les internautes (re)d\u00e9couvriront aussi <\/span><strong style=\"font-style: inherit; background-color: var(--ast-global-color-5);\">Valeska Gert<\/strong><span style=\"font-style: inherit; font-weight: inherit; background-color: var(--ast-global-color-5);\"> souvent cit\u00e9e comme danseuse officieuse et subversive de la danse d\u2019expression.\u00a0<\/span><span style=\"font-style: inherit; font-weight: inherit; background-color: var(--ast-global-color-5);\">En tout une dizaine de propositions, toute diff\u00e9rentes, animent <\/span><em style=\"font-weight: inherit; background-color: var(--ast-global-color-5);\">Danse On Air<\/em><span style=\"font-style: inherit; font-weight: inherit; background-color: var(--ast-global-color-5);\"> de f\u00e9vrier.<\/span><\/p><p><strong>Quels sont les retours du public\u00a0?<\/strong><\/p><p>Ils sont nombreux \u00e0 nous remercier pour cette ressource interactive. Nous sommes tr\u00e8s attentifs \u00e0 leurs retours car ils nous aident \u00e0 parfaire <em>Danse On Air<\/em>. Ce qui est int\u00e9ressant avec le num\u00e9rique c\u2019est que vous pouvez quantifier en temps r\u00e9el les r\u00e9sultats d\u2019une telle op\u00e9ration avec les chiffres de connexions, etc. mais je souligne que, malgr\u00e9 sa virtualit\u00e9, il peut se r\u00e9v\u00e9ler aussi une exp\u00e9rience tr\u00e8s chaleureuse et intime comme les cours de danse en ligne que nous offrons gratuitement. Je me souviens qu\u2019en d\u00e9cembre dernier un atelier anim\u00e9 par <strong>Ambra Senatore<\/strong> et <strong>Marc Lacourt<\/strong> nous a plong\u00e9 dans une vraie intimit\u00e9 avec les artistes. Les participants \u00e9taient chez eux, derri\u00e8re leur \u00e9cran, \u00e0 pratiquer la danse dans l\u2019ambiance cotonneuse de leur logement. Ce format peut \u00eatre plus humain que nous le croyons\u00a0!<\/p><p><strong style=\"font-style: inherit; background-color: var(--ast-global-color-5);\"><em>Danse On Air<\/em><\/strong><strong style=\"font-style: inherit; background-color: var(--ast-global-color-5);\"> est-il vou\u00e9 \u00e0 perdurer dans le temps\u00a0?<\/strong><\/p><p><span style=\"font-style: inherit; font-weight: inherit; background-color: var(--ast-global-color-5);\">Nous allons p\u00e9renniser l\u2019exp\u00e9rience pendant 2 ans. Actuellement la moiti\u00e9 de l\u2019\u00e9quipe du CDCN est mobilis\u00e9e sur cet objet qui prend beaucoup de temps \u00e0 \u00eatre con\u00e7u. Il y a une vraie dynamique autour de <\/span><em style=\"font-weight: inherit; background-color: var(--ast-global-color-5);\">DOA<\/em><span style=\"font-style: inherit; font-weight: inherit; background-color: var(--ast-global-color-5);\"> alors que nous \u00e9tions dans le creux de la vague il y a un an. Aujourd\u2019hui l\u2019id\u00e9e est de d\u00e9velopper un site qui condenserait toute la mati\u00e8re accumul\u00e9e depuis 9 mois. \u00c0 l\u2019instar de <\/span><strong style=\"font-style: inherit; background-color: var(--ast-global-color-5);\">datadanse<\/strong><span style=\"font-style: inherit; font-weight: inherit; background-color: var(--ast-global-color-5);\"> qui existe depuis 5 ans (\u00e0 l\u2019initiative de La Maison de la Danse, du CND et de Chaillot), nous souhaitons cr\u00e9er un site qui revendique une vulgarisation de la danse, o\u00f9 sp\u00e9cialiste et esth\u00e9ticiens mais aussi jeunes artistes et pratiquants qui ont besoin de rep\u00e8res et nourritures intellectuelles puissent se retrouver, apprendre et \u00e9changer.<\/span><\/p><p><strong style=\"font-style: inherit; background-color: var(--ast-global-color-5);\">Propos recueillis par C\u00e9dric Chaory<\/strong><\/p><p><a href=\"https:\/\/danseonair.org\/\">Accueil &#8211; Danse On Air<\/a><\/p>\t\t\t\t\t\t<\/div>\n\t\t\t\t<\/div>\n\t\t\t\t\t<\/div>\n\t\t<\/div>\n\t\t\t\t\t\t\t<\/div>\n\t\t<\/section>\n\t\t\t\t\t\t\t<\/div>\n\t\t","protected":false},"excerpt":{"rendered":"<p>Danse avec les clics La Manufacture ne ch\u00f4me en ces temps de pand\u00e9mie. La fermeture aux publics de ses lieux bordelais et rochelais \u00e0 laisser place \u00e0 Danse On Air, un objet num\u00e9rique foisonnant qui fait la part belle \u00e0 la culture chor\u00e9graphique. Lise Saladain, directrice d\u00e9l\u00e9gu\u00e9e du CDCN Nouvelle-Aquitaine, revient sur cette exp\u00e9rience salutaire.\u00a0 &hellip;<\/p>\n<p class=\"read-more\"> <a class=\"\" href=\"https:\/\/umoove.art\/index.php\/2022\/12\/14\/lise-saladain\/\"> <span class=\"screen-reader-text\">Lise Saladain<\/span> Lire la suite\u00a0\u00bb<\/a><\/p>\n","protected":false},"author":1,"featured_media":0,"comment_status":"closed","ping_status":"closed","sticky":false,"template":"","format":"standard","meta":{"site-sidebar-layout":"default","site-content-layout":"default","ast-global-header-display":"","ast-banner-title-visibility":"","ast-main-header-display":"","ast-hfb-above-header-display":"","ast-hfb-below-header-display":"","ast-hfb-mobile-header-display":"","site-post-title":"","ast-breadcrumbs-content":"","ast-featured-img":"","footer-sml-layout":"","theme-transparent-header-meta":"","adv-header-id-meta":"","stick-header-meta":"","header-above-stick-meta":"","header-main-stick-meta":"","header-below-stick-meta":"","footnotes":""},"categories":[9],"tags":[],"class_list":["post-3029","post","type-post","status-publish","format-standard","hentry","category-interview-interview"],"aioseo_notices":[],"_links":{"self":[{"href":"https:\/\/umoove.art\/index.php\/wp-json\/wp\/v2\/posts\/3029","targetHints":{"allow":["GET"]}}],"collection":[{"href":"https:\/\/umoove.art\/index.php\/wp-json\/wp\/v2\/posts"}],"about":[{"href":"https:\/\/umoove.art\/index.php\/wp-json\/wp\/v2\/types\/post"}],"author":[{"embeddable":true,"href":"https:\/\/umoove.art\/index.php\/wp-json\/wp\/v2\/users\/1"}],"replies":[{"embeddable":true,"href":"https:\/\/umoove.art\/index.php\/wp-json\/wp\/v2\/comments?post=3029"}],"version-history":[{"count":4,"href":"https:\/\/umoove.art\/index.php\/wp-json\/wp\/v2\/posts\/3029\/revisions"}],"predecessor-version":[{"id":3033,"href":"https:\/\/umoove.art\/index.php\/wp-json\/wp\/v2\/posts\/3029\/revisions\/3033"}],"wp:attachment":[{"href":"https:\/\/umoove.art\/index.php\/wp-json\/wp\/v2\/media?parent=3029"}],"wp:term":[{"taxonomy":"category","embeddable":true,"href":"https:\/\/umoove.art\/index.php\/wp-json\/wp\/v2\/categories?post=3029"},{"taxonomy":"post_tag","embeddable":true,"href":"https:\/\/umoove.art\/index.php\/wp-json\/wp\/v2\/tags?post=3029"}],"curies":[{"name":"wp","href":"https:\/\/api.w.org\/{rel}","templated":true}]}}