{"id":3018,"date":"2022-12-14T10:31:45","date_gmt":"2022-12-14T09:31:45","guid":{"rendered":"http:\/\/umoove.art\/?p=3018"},"modified":"2022-12-14T10:34:59","modified_gmt":"2022-12-14T09:34:59","slug":"sine-qua-non-art","status":"publish","type":"post","link":"https:\/\/umoove.art\/index.php\/2022\/12\/14\/sine-qua-non-art\/","title":{"rendered":"Sine Qua Non Art"},"content":{"rendered":"\t\t<div data-elementor-type=\"wp-post\" data-elementor-id=\"3018\" class=\"elementor elementor-3018\" data-elementor-post-type=\"post\">\n\t\t\t\t\t\t\t\t\t<section class=\"elementor-section elementor-top-section elementor-element elementor-element-5907723 elementor-section-boxed elementor-section-height-default elementor-section-height-default\" data-id=\"5907723\" data-element_type=\"section\">\n\t\t\t\t\t\t<div class=\"elementor-container elementor-column-gap-default\">\n\t\t\t\t\t<div class=\"elementor-column elementor-col-100 elementor-top-column elementor-element elementor-element-896f194\" data-id=\"896f194\" data-element_type=\"column\">\n\t\t\t<div class=\"elementor-widget-wrap elementor-element-populated\">\n\t\t\t\t\t\t\t\t<div class=\"elementor-element elementor-element-b1342b1 elementor-widget elementor-widget-image\" data-id=\"b1342b1\" data-element_type=\"widget\" data-widget_type=\"image.default\">\n\t\t\t\t<div class=\"elementor-widget-container\">\n\t\t\t<style>\/*! elementor - v3.14.0 - 26-06-2023 *\/\n.elementor-widget-image{text-align:center}.elementor-widget-image a{display:inline-block}.elementor-widget-image a img[src$=\".svg\"]{width:48px}.elementor-widget-image img{vertical-align:middle;display:inline-block}<\/style>\t\t\t\t\t\t\t\t\t\t\t\t<img loading=\"lazy\" decoding=\"async\" width=\"768\" height=\"614\" src=\"https:\/\/umoove.art\/wp-content\/uploads\/2022\/12\/Songook-Yaakaar-Germaine-Acogny-91-768x614.png\" class=\"attachment-medium_large size-medium_large wp-image-2688\" alt=\"\" srcset=\"https:\/\/umoove.art\/wp-content\/uploads\/2022\/12\/Songook-Yaakaar-Germaine-Acogny-91-768x614.png 768w, https:\/\/umoove.art\/wp-content\/uploads\/2022\/12\/Songook-Yaakaar-Germaine-Acogny-91-300x240.png 300w, https:\/\/umoove.art\/wp-content\/uploads\/2022\/12\/Songook-Yaakaar-Germaine-Acogny-91-1024x819.png 1024w, https:\/\/umoove.art\/wp-content\/uploads\/2022\/12\/Songook-Yaakaar-Germaine-Acogny-91-1536x1229.png 1536w, https:\/\/umoove.art\/wp-content\/uploads\/2022\/12\/Songook-Yaakaar-Germaine-Acogny-91.png 2000w\" sizes=\"auto, (max-width: 768px) 100vw, 768px\" \/>\t\t\t\t\t\t\t\t\t\t\t\t\t\t\t<\/div>\n\t\t\t\t<\/div>\n\t\t\t\t\t<\/div>\n\t\t<\/div>\n\t\t\t\t\t\t\t<\/div>\n\t\t<\/section>\n\t\t\t\t<section class=\"elementor-section elementor-top-section elementor-element elementor-element-351aa68 elementor-section-boxed elementor-section-height-default elementor-section-height-default\" data-id=\"351aa68\" data-element_type=\"section\">\n\t\t\t\t\t\t<div class=\"elementor-container elementor-column-gap-default\">\n\t\t\t\t\t<div class=\"elementor-column elementor-col-100 elementor-top-column elementor-element elementor-element-5b5e73c\" data-id=\"5b5e73c\" data-element_type=\"column\">\n\t\t\t<div class=\"elementor-widget-wrap elementor-element-populated\">\n\t\t\t\t\t\t\t\t<div class=\"elementor-element elementor-element-24c924c elementor-widget elementor-widget-heading\" data-id=\"24c924c\" data-element_type=\"widget\" data-widget_type=\"heading.default\">\n\t\t\t\t<div class=\"elementor-widget-container\">\n\t\t\t<style>\/*! elementor - v3.14.0 - 26-06-2023 *\/\n.elementor-heading-title{padding:0;margin:0;line-height:1}.elementor-widget-heading .elementor-heading-title[class*=elementor-size-]>a{color:inherit;font-size:inherit;line-height:inherit}.elementor-widget-heading .elementor-heading-title.elementor-size-small{font-size:15px}.elementor-widget-heading .elementor-heading-title.elementor-size-medium{font-size:19px}.elementor-widget-heading .elementor-heading-title.elementor-size-large{font-size:29px}.elementor-widget-heading .elementor-heading-title.elementor-size-xl{font-size:39px}.elementor-widget-heading .elementor-heading-title.elementor-size-xxl{font-size:59px}<\/style><h2 class=\"elementor-heading-title elementor-size-default\">\u00ab il est inenvisageable que tout s\u2019\u00e9croule \u00bb<\/h2>\t\t<\/div>\n\t\t\t\t<\/div>\n\t\t\t\t\t<\/div>\n\t\t<\/div>\n\t\t\t\t\t\t\t<\/div>\n\t\t<\/section>\n\t\t\t\t<section class=\"elementor-section elementor-top-section elementor-element elementor-element-15c2f8b elementor-section-boxed elementor-section-height-default elementor-section-height-default\" data-id=\"15c2f8b\" data-element_type=\"section\">\n\t\t\t\t\t\t<div class=\"elementor-container elementor-column-gap-default\">\n\t\t\t\t\t<div class=\"elementor-column elementor-col-100 elementor-top-column elementor-element elementor-element-80ed0f6\" data-id=\"80ed0f6\" data-element_type=\"column\">\n\t\t\t<div class=\"elementor-widget-wrap elementor-element-populated\">\n\t\t\t\t\t\t\t\t<div class=\"elementor-element elementor-element-99c95c2 elementor-widget elementor-widget-text-editor\" data-id=\"99c95c2\" data-element_type=\"widget\" data-widget_type=\"text-editor.default\">\n\t\t\t\t<div class=\"elementor-widget-container\">\n\t\t\t<style>\/*! elementor - v3.14.0 - 26-06-2023 *\/\n.elementor-widget-text-editor.elementor-drop-cap-view-stacked .elementor-drop-cap{background-color:#69727d;color:#fff}.elementor-widget-text-editor.elementor-drop-cap-view-framed .elementor-drop-cap{color:#69727d;border:3px solid;background-color:transparent}.elementor-widget-text-editor:not(.elementor-drop-cap-view-default) .elementor-drop-cap{margin-top:8px}.elementor-widget-text-editor:not(.elementor-drop-cap-view-default) .elementor-drop-cap-letter{width:1em;height:1em}.elementor-widget-text-editor .elementor-drop-cap{float:left;text-align:center;line-height:1;font-size:50px}.elementor-widget-text-editor .elementor-drop-cap-letter{display:inline-block}<\/style>\t\t\t\t<h4><strong>Dans un contexte tout particulier, la compagnie rochelaise Sine Qua Non Art vient de terminer une r\u00e9sidence \u00e0 La Coursive de sa cr\u00e9ation \u00e0 venir Nos d\u00e9sirs vont d\u00e9sordre. Interview de son co-directeur Christophe B\u00e9ranger.<\/strong><\/h4><p><strong style=\"font-style: inherit; background-color: var(--ast-global-color-5);\">Votre compagnie sort d\u2019une r\u00e9sidence de cr\u00e9ation de 15 jours \u00e0 La Coursive pour la pi\u00e8ce \u00e0 venir <em>Nos d\u00e9sirs font d\u00e9sordre<\/em>. Une r\u00e9sidence qu\u2019on imagine toute particuli\u00e8re en ces temps de confinement. Racontez-nous.<\/strong><\/p><p>Pour nous le plus d\u00e9licat fut en amont de cette r\u00e9sidence \u00e0 La Coursive. Lors de l\u2019annonce du re-confinement nous \u00e9tions en r\u00e9sidence au Centre Chor\u00e9graphique de Biarritz. Notre premi\u00e8re inqui\u00e9tude fut de savoir si nous allions pouvoir aller au terme de ce temps de cr\u00e9ation\u00a0; il nous restait alors 2 jours de travail. Nous craignions aussi d\u2019organiser le retour, chez eux et en moins de 24h, de nos 10 danseurs. Fort heureusement <strong>Thierry Malandain<\/strong> et <strong>Yves Kordian <\/strong>du CCN biarrot nous ont assur\u00e9 que cette r\u00e9sidence irait \u00e0 son terme, sortie de r\u00e9sidence comprise. Il a fallu ensuite nous renseigner sur les conditions d\u2019accueil de notre r\u00e9sidence rochelaise \u00e0 La Coursive aupr\u00e8s de Franck Becker, directeur du lieu. Nous y avons eu 15 jours de cr\u00e9ation d\u00e9but novembre. Au final j\u2019ai l\u2019impression que nous sommes vraiment pass\u00e9s au travers des mailles d\u2019un filet monstrueux pour le monde des arts vivants.<\/p><p>Durant ces derniers 15 jours de r\u00e9sidence, nous avions toute la partie Verdi\u00e8re de La Coursive pour nous\u00a0; nous travaillions toute la journ\u00e9e au plateau avec nos danseurs et notre \u00e9clairagiste <strong>Olivier Bauer<\/strong>. Nous avons pu finaliser la cr\u00e9ation lumi\u00e8re et quasiment terminer <em>Nos d\u00e9sirs<\/em>. Comme coup\u00e9s du monde, nous avons bien travaill\u00e9. Et vite.<\/p><p>De toutes les fa\u00e7ons, il \u00e9tait inenvisageable que tout s\u2019\u00e9croule \u00e0 ce moment pr\u00e9cis de la cr\u00e9ation, apr\u00e8s deux ann\u00e9es de travail comprenant le montage de la production, le casting, les recherches de r\u00e9sidences, etc. <em>Nos D\u00e9sirs font D\u00e9sordre<\/em> est une pi\u00e8ce qui nous tient extr\u00eamement \u00e0 c\u0153ur car elle parle du d\u00e9sir, de la place des libert\u00e9s collectives et individuelles dans nos soci\u00e9t\u00e9s actuelles.<\/p><p>\u00c0 La Coursive, tous les jours nous remercions \u2026 je ne sais pas qui d\u2019ailleurs \u2026 de nous laisser cr\u00e9er, tout en ayant une pens\u00e9e pour tous nos coll\u00e8gues qui n\u2019ont pas eu cette chance-l\u00e0. C\u2019\u00e9tait un sentiment ambivalent.<\/p><p><strong>Dans quel \u00e9tat d\u2019esprit cr\u00e9e t-on en p\u00e9riode de confinement\u00a0?<\/strong><\/p><p><span style=\"font-style: inherit; font-weight: inherit; background-color: var(--ast-global-color-5);\">Le premier confinement nous a fait perdre de nombreuses semaines de travail ce qui est \u00e9norme sur une pi\u00e8ce de groupe. Cela nous a oblig\u00e9 \u00e0 pr\u00e9parer de mani\u00e8re tr\u00e8s pr\u00e9cise ces 3 semaines de r\u00e9sidence. Reclus dans notre atelier, notre dramaturge <\/span><strong style=\"font-style: inherit; background-color: var(--ast-global-color-5);\">Georgina Kakoudaki,<\/strong><span style=\"font-style: inherit; font-weight: inherit; background-color: var(--ast-global-color-5);\"> Jonathan et moi-m\u00eame avons tritur\u00e9 toutes nos id\u00e9es, repens\u00e9 les contextes. Nous avons aussi con\u00e7u une \u00e9norme fresque dramaturgique contenant beaucoup d\u2019iconographie et de textes pour que nos danseurs soient plong\u00e9s tr\u00e8s rapidement l\u00e0 o\u00f9 nous souhaitions les amener.<\/span><\/p><p>Le re-confinement a incontestablement resser\u00e9 l\u2019\u00e9quipe. Les danseurs \u00e9taient tr\u00e8s \u00e0 l\u2019\u00e9coute de ce que nous leurs disions et du coup nous avons travaill\u00e9 de mani\u00e8re tr\u00e8s rapide et efficace\u00a0: je n\u2019avais jamais v\u00e9cu cela. C\u2019\u00e9tait un r\u00eave \u00e9veill\u00e9 de voir cette cr\u00e9ation prendre forme, de voir que deux ans de r\u00e9flexion pouvait en si peu de temps concevoir une telle \u0153uvre.<\/p><p><strong>La pi\u00e8ce parle de l\u2019enfermement des corps, des libert\u00e9s contraintes. Elle fait \u00e9trangement \u00e9cho \u00e0 notre actuel quotidien\u2026<\/strong><\/p><p>Oui c\u2019est vrai mais <em>Nos d\u00e9sirs font d\u00e9sordre<\/em> est une pi\u00e8ce qui a \u00e9t\u00e9 pens\u00e9e il y a maintenant deux ans. \u00c0 n\u2019en pas douter, son propos va prendre un nouvel \u00e9lan avec le contexte actuel.\u00a0<span style=\"font-style: inherit; font-weight: inherit; background-color: var(--ast-global-color-5);\">Avec nos m\u00e9tiers, nous sommes amen\u00e9s \u00e0 beaucoup voyager. Nous avons vu en direct la mont\u00e9e de l\u2019extr\u00eame droite dans de nombreux pays, d\u00e9mocraties europ\u00e9ennes inclues. Nos libert\u00e9s individuelles sont de plus en plus bafou\u00e9es, nos d\u00e9sirs r\u00e9prim\u00e9s. Notre pi\u00e8ce dit tout cela.\u00a0<\/span><span style=\"font-style: inherit; font-weight: inherit; background-color: var(--ast-global-color-5);\">Je pense que nos soci\u00e9t\u00e9s contemporaines aiment mettre les personnes dans des cases et si tu d\u00e9bordes un peu de la case, c\u2019est la panique totale. Et ce ne sont pas les r\u00e9seaux sociaux, suppos\u00e9s \u00ab\u00a0communaut\u00e9s\u00a0\u00bb et \u00ab\u00a0espaces d\u2019expression\u00a0\u00bb qui arrangent la situation.<\/span><\/p><p><strong style=\"font-style: inherit; background-color: var(--ast-global-color-5);\">Sine Qua Non Art peut, elle, difficilement \u00eatre mis dans une case. Chacune de vos cr\u00e9ations plonge le spectateur dans un univers singulier. Quel pourrait \u00eatre cependant le fil conducteur de votre \u0153uvre\u00a0?<\/strong><\/p><p>Il est vrai que nous avons une production h\u00e9t\u00e9roclite mais apr\u00e8s 8 ann\u00e9es de cr\u00e9ation chor\u00e9graphique, et si je d\u00e9zoome, je devine un fil conducteur\u00a0: ce sont les places de l\u2019individu dans le groupe et de l\u2019artiste dans le monde. C\u2019est ce qui traverse chacune de nos cr\u00e9ations, <em>Nos d\u00e9sirs<\/em> comprise \u2026 Cette pi\u00e8ce touche m\u00eame \u00e0 quelque chose d\u2019universel. Elle devrait bousculer le spectateur.<\/p><p><strong>Bousculer\u00a0?<\/strong><\/p><p>C\u2019est \u00e0 dire qu\u2019une fois que nous avons termin\u00e9 la ligne dramaturgique de la pi\u00e8ce, nous nous sommes dits que nous ne pouvions pas en rester l\u00e0.\u00a0 La pi\u00e8ce s\u2019articule en deux parties\u00a0: la premi\u00e8re est une travers\u00e9e, un voyage au sein de la trag\u00e9die humaine avec tout ce qu\u2019elle comporte de plus magnifique et de tragique. Avec de la col\u00e8re, de la r\u00e9volte et enfin de la r\u00e9signation.<\/p><p>Il y a ensuite une bascule dans la pi\u00e8ce lors de l\u2019arriv\u00e9e des fleurs au plateau. Toute communaut\u00e9 r\u00e9sign\u00e9e a quand m\u00eame besoin de se projeter\u00a0: en se fabriquant des nouveaux paradis, de nouveaux Dieux, rois, pr\u00e9sidents, guides. Nous poussons cela au paroxysme avec l\u2019arriv\u00e9e de fleurs qui viennent revivifier les corps \u00e9puis\u00e9s des interpr\u00e8tes. Les 5 derni\u00e8res minutes de la pi\u00e8ce sont un ouragan de folie, d\u2019amour, de g\u00e9n\u00e9rosit\u00e9. C\u2019est hyper cathartique.\u00a0<span style=\"font-style: inherit; font-weight: inherit; background-color: var(--ast-global-color-5);\">Je pense vraiment, et tant pis si cela est bateau de le dire, que ce qui manque fonci\u00e8rement dans ce monde, c\u2019est l\u2019amour de ce que nous sommes, de ce que l\u2019on fait \u2026 et on voulait vraiment terminer cette pi\u00e8ce sur cette note.<\/span><\/p><p><strong>11 danseurs sont au plateau pour <em>Nos D\u00e9sirs<\/em>. C\u2019est la premi\u00e8re fois que votre compagnie r\u00e9unit autant d\u2019interpr\u00e8tes au plateau (hors pi\u00e8ces de commande). Parlez-nous de votre distribution.<\/strong><\/p><p><span style=\"font-style: inherit; font-weight: inherit; background-color: var(--ast-global-color-5);\">Nous avons auditionn\u00e9 il y a plus d\u2019un an. Enfin je n\u2019aime pas vraiment ce terme \u00ab\u00a0audition\u00a0\u00bb. En fait, suite \u00e0 un appel \u00e0 candidature, la compagnie a re\u00e7u 900 vid\u00e9os d\u2019interpr\u00e8tes. Jonathan et moi avons fait une pr\u00e9-s\u00e9lection de 40 artistes que nous avons choisi de rencontrer, pendant deux jours, \u00e0 Paris. Pour v\u00e9rifier que les danseur-se-s pouvaient s\u2019attacher au projet.<\/span><\/p><p>Et puis nous souhaitions un casting vraiment diff\u00e9rent de nos pr\u00e9c\u00e9dentes pi\u00e8ces. Nous connaissons dans notre entourage de nombreux artistes fabuleux mais pour <em>Nos D\u00e9sirs<\/em> nous voulions que la d\u00e9couverte de l\u2019autre fasse partie int\u00e9grante du projet.<\/p><p>Sur les 40 artistes rencontr\u00e9-e-s \u00e0 Paris, 15 ont \u00e9t\u00e9 retenu-e-s. L\u2019id\u00e9e \u00e9tait, \u00e0 l\u2019\u00e9poque, de tous les int\u00e9grer au projet mais le Covid est pass\u00e9 par l\u00e0\u00a0et nous n\u2019avons pas r\u00e9ussi \u00e0 obtenir le budget n\u00e9cessaire. Notre merveilleuse \u00e9quipe compte en son sein le myst\u00e8re et la force de l\u2019Asie \u00e0 travers la cor\u00e9enne <strong>Hea Min Jung<\/strong> qui vit \u00e0 Berlin, <strong>Alexander Miles Standard<\/strong> qui vient de Londres, \u00a0la chilienne <strong>Yasminee Lepe<\/strong> qui vit \u00e0 Paris, <strong>In\u00e8s Hernandez<\/strong> l\u2019espagnole, 3 fran\u00e7ais <strong>Colas Lucat, Sarah Deppe et Vincent Clavaguera<\/strong>\u00a0qui vivent \u00e0 Bruxelles. Sans oublier <strong>Lucille Mansas<\/strong>, vue chez Syst\u00e8me Castafiore et <strong>Marius Moguiba<\/strong> d\u2019une puissance incommensurable qui travaille avec David Bob\u00e9e. <strong>Yohann Baran<\/strong> est le seul danseur que nous connaissions d\u00e9j\u00e0 pour avoir travaill\u00e9 avec lui au Ballet du Nord, quand Olivier Dubois nous avait command\u00e9 une pi\u00e8ce.<\/p><p><strong>L\u2019alchimie a t-elle tout de suite fonctionn\u00e9 au sein de l\u2019\u00e9quipe\u00a0?<\/strong><\/p><p>Lors de la rencontre parisienne, il s\u2019\u00e9tait pass\u00e9 d\u00e9j\u00e0 quelque chose de tr\u00e8s fort\u00a0: en 48h, nous avions cr\u00e9\u00e9 une communaut\u00e9\u00a0! Apr\u00e8s notre frayeur a \u00e9t\u00e9 de se r\u00e9unir en pleine p\u00e9riode de pand\u00e9mie. Un seul cas positif et toute l\u2019aventure se terminait dans la seconde. Fort heureusement tout s\u2019est merveilleusement bien d\u00e9roul\u00e9 et de se quitter \u00e0 la fin de la r\u00e9sidence rochelaise fut une d\u00e9chirure. On vivait tous ensemble dans cette bulle cr\u00e9atrice. Il n\u2019y a pas eu une seule tension. C\u2019est une exp\u00e9rience unique que je n\u2019ai jamais v\u00e9cue dans toute ma carri\u00e8re. C\u2019est \u00e0 la fois jouissif et troublant quand tout se passe aussi bien car on ne peut s\u2019emp\u00eacher de penser que \u00e7a va foirer \u00e0 un moment.<\/p><p><strong><em>Nos d\u00e9sirs font d\u00e9sordre<\/em><\/strong><strong> est aussi l\u2019occasion de travailler avec l\u2019\u00e9tonnant photographe Fabio Motta. Comment l\u2019avez-vous rencontr\u00e9\u00a0?<\/strong><\/p><p>Depuis 2-3 ans, je suivais sur Instagram cet artiste br\u00e9silien dont le travail r\u00e9sonne fortement avec le th\u00e8me du d\u00e9sir. Au moment de penser la sc\u00e9nographie de <em>Nos d\u00e9sirs font d\u00e9sordre<\/em>, j\u2019ai montr\u00e9 \u00e0 Jonathan le travail de Fabio qui a \u00e9t\u00e9 s\u00e9duit par son univers. J\u2019ai donc \u00e9crit \u00e0 Fabio en lui d\u00e9crivant le projet. Il nous a tout de suite r\u00e9pondu, nous expliquant avoir souvent refus\u00e9 de travailler avec des compagnies de danse mais que la mani\u00e8re dont j\u2019avais expos\u00e9 le projet lui donnait envie de nous rencontrer. Ce fut chose fa\u00eete en avril 2019 \u00e0 Londres. Nous avons alors d\u00e9couvert le travail sur le corps qu\u2019op\u00e8re Fabio. Il nous a attach\u00e9, fleuri \u2026 et c\u2019est l\u00e0 qu\u2019on s\u2019est dit\u00a0: <em>\u00ab\u00a0Whoua c\u2019est intense\u00a0\u00bb.\u00a0<\/em><span style=\"font-style: inherit; font-weight: inherit; background-color: var(--ast-global-color-5);\">Cette exp\u00e9rience a aussit\u00f4t enlev\u00e9 toutes les esp\u00e8ces de projections qu\u2019on peut avoir quand on commence \u00e0 parler de shivari. Oubliez le SM, le f\u00e9tichisme\u00a0: quand Fabio vous attache vous \u00e9prouvez des sensations d\u2019un tout autre ordre. On se laisse embarquer. On s\u2019aper\u00e7oit aussi que le corps, m\u00eame attach\u00e9, m\u00eame contraint, va toujours trouver des chemins pour bouger.<\/span><\/p><p>Fabio Motta propose une \u0153uvre \u00e0 la fronti\u00e8re de l\u2019intime et du social, \u00e0 l\u2019instar de la photographe <strong>Nan Goldin<\/strong>. Il d\u00e9barque chez des gens qu\u2019il ne connait pas, il les attache, les b\u00e2illonne, les rend aveugle, les suspend, les fleurit, les prend en photos. Puis il s\u2019en va.\u00a0<span style=\"font-style: inherit; font-weight: inherit; background-color: var(--ast-global-color-5);\">Nous avons fait le maximum pour qu\u2019il soit pr\u00e9sent sur les r\u00e9sidences malgr\u00e9 la fermeture des fronti\u00e8res pour raison sanitaire. Nous avons appel\u00e9 la tourneuse de <\/span><strong style=\"font-style: inherit; background-color: var(--ast-global-color-5);\">Lia Rodrigues<\/strong><span style=\"font-style: inherit; font-weight: inherit; background-color: var(--ast-global-color-5);\">, joint au Br\u00e9sil la Chancellerie, le Consul, l\u2019Ambassadeur \u2026 mais il fut impossible d\u2019obtenir une d\u00e9rogation. Nous avons peu d\u2019espoir de le savoir \u00e0 nos c\u00f4t\u00e9s pour la premi\u00e8re \u00e0 La Coursive mais il sera pr\u00e9sent lors de la tourn\u00e9e la saison prochaine.<\/span><\/p><p><strong>Propos recueillis par C\u00e9dric Chaory<\/strong><\/p>\t\t\t\t\t\t<\/div>\n\t\t\t\t<\/div>\n\t\t\t\t\t<\/div>\n\t\t<\/div>\n\t\t\t\t\t\t\t<\/div>\n\t\t<\/section>\n\t\t\t\t\t\t\t<\/div>\n\t\t","protected":false},"excerpt":{"rendered":"<p>\u00ab il est inenvisageable que tout s\u2019\u00e9croule \u00bb Dans un contexte tout particulier, la compagnie rochelaise Sine Qua Non Art vient de terminer une r\u00e9sidence \u00e0 La Coursive de sa cr\u00e9ation \u00e0 venir Nos d\u00e9sirs vont d\u00e9sordre. Interview de son co-directeur Christophe B\u00e9ranger. Votre compagnie sort d\u2019une r\u00e9sidence de cr\u00e9ation de 15 jours \u00e0 La &hellip;<\/p>\n<p class=\"read-more\"> <a class=\"\" href=\"https:\/\/umoove.art\/index.php\/2022\/12\/14\/sine-qua-non-art\/\"> <span class=\"screen-reader-text\">Sine Qua Non Art<\/span> Lire la suite\u00a0\u00bb<\/a><\/p>\n","protected":false},"author":1,"featured_media":0,"comment_status":"closed","ping_status":"closed","sticky":false,"template":"","format":"standard","meta":{"site-sidebar-layout":"default","site-content-layout":"default","ast-global-header-display":"","ast-banner-title-visibility":"","ast-main-header-display":"","ast-hfb-above-header-display":"","ast-hfb-below-header-display":"","ast-hfb-mobile-header-display":"","site-post-title":"","ast-breadcrumbs-content":"","ast-featured-img":"","footer-sml-layout":"","theme-transparent-header-meta":"","adv-header-id-meta":"","stick-header-meta":"","header-above-stick-meta":"","header-main-stick-meta":"","header-below-stick-meta":"","footnotes":""},"categories":[9],"tags":[],"class_list":["post-3018","post","type-post","status-publish","format-standard","hentry","category-interview-interview"],"aioseo_notices":[],"_links":{"self":[{"href":"https:\/\/umoove.art\/index.php\/wp-json\/wp\/v2\/posts\/3018","targetHints":{"allow":["GET"]}}],"collection":[{"href":"https:\/\/umoove.art\/index.php\/wp-json\/wp\/v2\/posts"}],"about":[{"href":"https:\/\/umoove.art\/index.php\/wp-json\/wp\/v2\/types\/post"}],"author":[{"embeddable":true,"href":"https:\/\/umoove.art\/index.php\/wp-json\/wp\/v2\/users\/1"}],"replies":[{"embeddable":true,"href":"https:\/\/umoove.art\/index.php\/wp-json\/wp\/v2\/comments?post=3018"}],"version-history":[{"count":7,"href":"https:\/\/umoove.art\/index.php\/wp-json\/wp\/v2\/posts\/3018\/revisions"}],"predecessor-version":[{"id":3028,"href":"https:\/\/umoove.art\/index.php\/wp-json\/wp\/v2\/posts\/3018\/revisions\/3028"}],"wp:attachment":[{"href":"https:\/\/umoove.art\/index.php\/wp-json\/wp\/v2\/media?parent=3018"}],"wp:term":[{"taxonomy":"category","embeddable":true,"href":"https:\/\/umoove.art\/index.php\/wp-json\/wp\/v2\/categories?post=3018"},{"taxonomy":"post_tag","embeddable":true,"href":"https:\/\/umoove.art\/index.php\/wp-json\/wp\/v2\/tags?post=3018"}],"curies":[{"name":"wp","href":"https:\/\/api.w.org\/{rel}","templated":true}]}}