{"id":2997,"date":"2022-12-14T10:23:04","date_gmt":"2022-12-14T09:23:04","guid":{"rendered":"http:\/\/umoove.art\/?p=2997"},"modified":"2022-12-14T10:26:20","modified_gmt":"2022-12-14T09:26:20","slug":"m-2","status":"publish","type":"post","link":"https:\/\/umoove.art\/index.php\/2022\/12\/14\/m-2\/","title":{"rendered":"Marion Muzac"},"content":{"rendered":"\t\t<div data-elementor-type=\"wp-post\" data-elementor-id=\"2997\" class=\"elementor elementor-2997\" data-elementor-post-type=\"post\">\n\t\t\t\t\t\t\t\t\t<section class=\"elementor-section elementor-top-section elementor-element elementor-element-44359d4 elementor-section-boxed elementor-section-height-default elementor-section-height-default\" data-id=\"44359d4\" data-element_type=\"section\">\n\t\t\t\t\t\t<div class=\"elementor-container elementor-column-gap-default\">\n\t\t\t\t\t<div class=\"elementor-column elementor-col-100 elementor-top-column elementor-element elementor-element-b9e9e6f\" data-id=\"b9e9e6f\" data-element_type=\"column\">\n\t\t\t<div class=\"elementor-widget-wrap elementor-element-populated\">\n\t\t\t\t\t\t\t\t<div class=\"elementor-element elementor-element-520a2a2 elementor-widget elementor-widget-image\" data-id=\"520a2a2\" data-element_type=\"widget\" data-widget_type=\"image.default\">\n\t\t\t\t<div class=\"elementor-widget-container\">\n\t\t\t<style>\/*! elementor - v3.14.0 - 26-06-2023 *\/\n.elementor-widget-image{text-align:center}.elementor-widget-image a{display:inline-block}.elementor-widget-image a img[src$=\".svg\"]{width:48px}.elementor-widget-image img{vertical-align:middle;display:inline-block}<\/style>\t\t\t\t\t\t\t\t\t\t\t\t<img loading=\"lazy\" decoding=\"async\" width=\"768\" height=\"614\" src=\"https:\/\/umoove.art\/wp-content\/uploads\/2022\/12\/Songook-Yaakaar-Germaine-Acogny-94-1-768x614.png\" class=\"attachment-medium_large size-medium_large wp-image-2855\" alt=\"\" srcset=\"https:\/\/umoove.art\/wp-content\/uploads\/2022\/12\/Songook-Yaakaar-Germaine-Acogny-94-1-768x614.png 768w, https:\/\/umoove.art\/wp-content\/uploads\/2022\/12\/Songook-Yaakaar-Germaine-Acogny-94-1-300x240.png 300w, https:\/\/umoove.art\/wp-content\/uploads\/2022\/12\/Songook-Yaakaar-Germaine-Acogny-94-1-1024x819.png 1024w, https:\/\/umoove.art\/wp-content\/uploads\/2022\/12\/Songook-Yaakaar-Germaine-Acogny-94-1-1536x1229.png 1536w, https:\/\/umoove.art\/wp-content\/uploads\/2022\/12\/Songook-Yaakaar-Germaine-Acogny-94-1.png 2000w\" sizes=\"auto, (max-width: 768px) 100vw, 768px\" \/>\t\t\t\t\t\t\t\t\t\t\t\t\t\t\t<\/div>\n\t\t\t\t<\/div>\n\t\t\t\t\t<\/div>\n\t\t<\/div>\n\t\t\t\t\t\t\t<\/div>\n\t\t<\/section>\n\t\t\t\t<section class=\"elementor-section elementor-top-section elementor-element elementor-element-2bec45a elementor-section-boxed elementor-section-height-default elementor-section-height-default\" data-id=\"2bec45a\" data-element_type=\"section\">\n\t\t\t\t\t\t<div class=\"elementor-container elementor-column-gap-default\">\n\t\t\t\t\t<div class=\"elementor-column elementor-col-100 elementor-top-column elementor-element elementor-element-507082b\" data-id=\"507082b\" data-element_type=\"column\">\n\t\t\t<div class=\"elementor-widget-wrap elementor-element-populated\">\n\t\t\t\t\t\t\t\t<div class=\"elementor-element elementor-element-f0b7bf3 elementor-widget elementor-widget-heading\" data-id=\"f0b7bf3\" data-element_type=\"widget\" data-widget_type=\"heading.default\">\n\t\t\t\t<div class=\"elementor-widget-container\">\n\t\t\t<style>\/*! elementor - v3.14.0 - 26-06-2023 *\/\n.elementor-heading-title{padding:0;margin:0;line-height:1}.elementor-widget-heading .elementor-heading-title[class*=elementor-size-]>a{color:inherit;font-size:inherit;line-height:inherit}.elementor-widget-heading .elementor-heading-title.elementor-size-small{font-size:15px}.elementor-widget-heading .elementor-heading-title.elementor-size-medium{font-size:19px}.elementor-widget-heading .elementor-heading-title.elementor-size-large{font-size:29px}.elementor-widget-heading .elementor-heading-title.elementor-size-xl{font-size:39px}.elementor-widget-heading .elementor-heading-title.elementor-size-xxl{font-size:59px}<\/style><h2 class=\"elementor-heading-title elementor-size-default\">L\u2019\u00e9treinte attendra<\/h2>\t\t<\/div>\n\t\t\t\t<\/div>\n\t\t\t\t\t<\/div>\n\t\t<\/div>\n\t\t\t\t\t\t\t<\/div>\n\t\t<\/section>\n\t\t\t\t<section class=\"elementor-section elementor-top-section elementor-element elementor-element-db67bdb elementor-section-boxed elementor-section-height-default elementor-section-height-default\" data-id=\"db67bdb\" data-element_type=\"section\">\n\t\t\t\t\t\t<div class=\"elementor-container elementor-column-gap-default\">\n\t\t\t\t\t<div class=\"elementor-column elementor-col-100 elementor-top-column elementor-element elementor-element-4f2cc2c\" data-id=\"4f2cc2c\" data-element_type=\"column\">\n\t\t\t<div class=\"elementor-widget-wrap elementor-element-populated\">\n\t\t\t\t\t\t\t\t<div class=\"elementor-element elementor-element-94a25d7 elementor-widget elementor-widget-text-editor\" data-id=\"94a25d7\" data-element_type=\"widget\" data-widget_type=\"text-editor.default\">\n\t\t\t\t<div class=\"elementor-widget-container\">\n\t\t\t<style>\/*! elementor - v3.14.0 - 26-06-2023 *\/\n.elementor-widget-text-editor.elementor-drop-cap-view-stacked .elementor-drop-cap{background-color:#69727d;color:#fff}.elementor-widget-text-editor.elementor-drop-cap-view-framed .elementor-drop-cap{color:#69727d;border:3px solid;background-color:transparent}.elementor-widget-text-editor:not(.elementor-drop-cap-view-default) .elementor-drop-cap{margin-top:8px}.elementor-widget-text-editor:not(.elementor-drop-cap-view-default) .elementor-drop-cap-letter{width:1em;height:1em}.elementor-widget-text-editor .elementor-drop-cap{float:left;text-align:center;line-height:1;font-size:50px}.elementor-widget-text-editor .elementor-drop-cap-letter{display:inline-block}<\/style>\t\t\t\t<h4><strong>Marion Muzac, artiste associ\u00e9e \u00e0 La Coursive, devait pr\u00e9senter la semaine prochaine sa nouvelle cr\u00e9ation <em>\u00c9treinte(s)<\/em> o\u00f9 danseurs professionnels et 8 amateurs rochelais font corps. Le reconfinement en a d\u00e9cid\u00e9 autrement \u2026 <\/strong><strong>\u00a0<\/strong><\/h4><p><strong style=\"font-style: inherit; background-color: var(--ast-global-color-5);\">\u00c9treinte(s)\u00a0: voil\u00e0 un tr\u00e8s beau titre qui annonce d\u2019embl\u00e9e la teneur gestuelle de la pi\u00e8ce. Pouvez-vous cependant nous en dire un peu plus sur cette nouvelle cr\u00e9ation\u00a0?<\/strong><\/p><p>Effectivement c\u2019est un geste un peu prohib\u00e9 en ce moment. Si la pi\u00e8ce trouve aujourd\u2019hui une r\u00e9sonance toute particuli\u00e8re avec la Covid-19, elle n\u2019est en aucun cas anim\u00e9e par elle. <em>\u00c9treinte(s)<\/em> est anim\u00e9e par deux oeuvres singuli\u00e8res\u00a0: un film et ma pr\u00e9c\u00e9dente pi\u00e8ce <em>Let\u2019s Folk<\/em>, autour des f\u00eates populaires. Il y avait un slow collectif dans <em>Let\u2019s Folk<\/em> que j\u2019aimais beaucoup et que j\u2019ai \u00e9toff\u00e9 au fil du temps. Je souhaitais d\u00e9marrer ma cette nouvelle cr\u00e9ation \u00e0 partir de ce moment pr\u00e9cis, comme s\u2019il devenait un lien entre <em>Let\u2019s Folk<\/em> et <em>\u00c9treinte(s).<\/em> Simultan\u00e9ment j\u2019ai revu le film <em>Toute une nuit<\/em> de Chantal Ackerman qui raconte des \u00e9treintes prises sur le fil. Le film, tourn\u00e9 \u00e0 Bruxelles, encha\u00eenent des s\u00e9quences o\u00f9 des personnes s\u2019\u00e9treignent puis se s\u00e9parent. Ou qui sont \u00e0 la lis\u00e8re de l\u2019\u00e9treinte. On y voit des enlacements entre personnes \u00e2g\u00e9es, deux hommes, une femme et un homme. Il y a la notion du temps qui passe, de la fulgurance, du d\u00e9litement. Ce qui est hyper beau dans ce film quasi d\u00e9pourvu de textes, c\u2019est le lien que Chantal Ackerman entretient avec la danse\u00a0:<em>Toute une nuit<\/em> se d\u00e9roule dans une temporalit\u00e9 qui se r\u00e9f\u00e8re plus au spectacle vivant qu\u2019au cin\u00e9ma. C\u2019est le temps qui raconte les corps qui se rapprochent ou s\u2019\u00e9loignent. Ce qui me pla\u00eet aussi par dessus tout c\u2019est que le spectateur ne voit jamais la r\u00e9solution de l\u2019\u00e9treinte. La r\u00e9alisatrice a laiss\u00e9 le champ libre \u00e0 l\u2019imaginaire du spectateur.<\/p><p>Voil\u00e0 pour la dimension sensible du projet <em>\u00c9treinte(s)<\/em>. Puis est venu le questionnement de l\u2019\u00e9treinte en 2021. N\u2019est-on pas entr\u00e9 dans un monde o\u00f9 ce geste n\u2019a plus autant de <em>\u00ab\u00a0valeur\u00a0\u00bb<\/em>\u00a0? O\u00f9 nos relations, guid\u00e9es par le tout num\u00e9rique, sont devenues artificielles\u00a0? Comme tout le monde, j\u2019ai un nombre cons\u00e9quent d\u2019ami-e-s sur les r\u00e9seaux sociaux \u2026 mais physiquement que se passe t-il avec ces suppos\u00e9s nombreux ami-e-s\u00a0?<\/p><p>Enfin, en tout dernier lieu, <em>\u00c9treinte(s)<\/em> questionne aussi le rapport que nous entretenons aujourd\u2019hui avec le corps. Je viens d\u2018une g\u00e9n\u00e9ration post-68 o\u00f9 le corps \u00e9tait v\u00e9cu de mani\u00e8re libre mais nos soci\u00e9t\u00e9s actuelles s\u2019\u00e9chinent \u00e0 cacher les corps, \u00e0 voiler les visages. Le rapport au corps est de plus en plus pudique me semble t-il. Cela m\u2019interroge et m\u2019inqui\u00e8te.<\/p><p><strong>Partant de ces postulats, vous avez r\u00e9uni au plateau des professionnels et amateurs pour la cr\u00e9ation d\u2019\u00c9treinte(s). Pourquoi un tel casting\u00a0?<\/strong><\/p><p>Je voulais effectivement questionner ce geste avec des professionnels de la danse et des personnes qui ne le sont pas. Tout simplement car c\u2019est un geste qui ne s\u2019apprend pas\u00a0: c\u2019est la vie qui vous l\u2019apprend. Il est comme inn\u00e9, instinctif. C\u2019est la raison pour laquelle nous avons 8 amateurs avec nous. Une petite fille de 8 ans, un gar\u00e7on de 9 ans et une dame de 62 ans. Avec eux, c\u2019est une incarnation autour de ce geste qui est propos\u00e9e, sans tout le background technique du danseur.<\/p><p>Apr\u00e8s l\u2019id\u00e9e de cette pi\u00e8ce n\u2019est pas de proposer une oeuvre uniquement autour de l&rsquo;enlacement. Je trouve bien plus po\u00e9tique ce qui pr\u00e9c\u00e8de l\u2019\u00e9treinte comme les pr\u00e9liminaires, les pr\u00e9mices, cet <em>entre-les-corps<\/em> qui souvent est une forme de tension et d\u2019attention que l\u2019on a \u00e0 l\u2019autre et qui peut \u00eatre tr\u00e8s puissante.<\/p><p><strong>Comment retranscrire cette tension au plateau\u00a0?<\/strong><\/p><p>Nous avons travaill\u00e9 sur comment se tissent des liens \u00e0 l\u2019autre. Ces liens peuvent se construire par et dans l\u2019espace qui est entre nous, par les jeux de regards, par la sensation d\u2019\u00eatre avec sans regarder. Ce sont l\u00e0 des notions que la danse travaille depuis toujours et qui sont tr\u00e8s accessibles aux amateurs en fait. Des terrains mall\u00e9ables et abordables par tous qui nous ont permis de d\u00e9velopper une \u00e9criture. L\u2019\u00e9treinte ne se r\u00e9sout qu\u2019\u00e0 la fin de la pi\u00e8ce car pr\u00e9c\u00e9demment nous sommes plus sur un travail du presque. Nous proposons des strates de rencontres de corps qui, au fil de la pi\u00e8ce, deviennent tour \u00e0 tour plus \u00e9tranges, bestiales, sportives. La r\u00e9solution convoque quelque chose de plus intime&#8230; Il y a aussi cette id\u00e9e de spirale infernale dans laquelle les corps sont embarqu\u00e9s en fait. Un peu comme dans la vie\u00a0: vous croisez des corps, vous engagez un discours avec ces corps &#8211; ou pas\u00a0 &#8211; une histoire se cr\u00e9e qui monte en puissance.<\/p><p><strong>Vous disiez que dans le film de Chantal Akerman, le spectateur ne voit jamais la r\u00e9solution des \u00e9treintes film\u00e9es. Votre pi\u00e8ce, elle, offre une conclusion \u00e0 ces rencontres, non\u00a0?<\/strong><\/p><p>Oui et non. <em>\u00c9treinte(s)<\/em> dessine une possible fin \u00e0 ces rencontres mais je laisse la porte ouverte \u00e0 l\u2019imaginaire des spectateurs. Pour qu\u2019ils fassent leur chemin, qu\u2019ils poursuivent leur histoire avec la pi\u00e8ce. Au plateau, la sc\u00e9nographe Emilie Fa\u00eff propose un \u00e9l\u00e9ment rond en forme de spirale qui\u00a0 peut faire penser \u00e0 un coussin pouvant accueillir les corps mais cela sugg\u00e8re aussi l&rsquo;aire du jeu, le terrain, le ring, et aussi l&rsquo;endroit du bal&#8230; Forc\u00e9ment la spirale appelle \u00e0 l\u2019infini, \u00e0 quelque chose qui ne s\u2019arr\u00eate pas et c\u2019est en cela qu\u2019<em>\u00c9treinte(s) <\/em>ne propose pas de conclusion ferme et d\u00e9finitive.<\/p><p><strong>Vous parliez de 8 amateurs pr\u00e9sents au plateau. Comment avez-vous constitu\u00e9 votre distribution\u00a0?<\/strong><\/p><p>Comme pour mes pr\u00e9c\u00e9dentes cr\u00e9ations impliquant des amateurs, j\u2019ai organis\u00e9 un stage ouvert \u00e0 tous, en pr\u00e9cisant aux participants qu\u2019ils pouvaient aller au-del\u00e0 du simple plaisir de partager un stage en rejoignant la distribution de ma pi\u00e8ce \u00e0 venir. Tout en sachant que nous sommes \u00e0 la recherche d\u2019une \u00e9quipe limit\u00e9e avec le souhait de trouver un \u00e9quilibre interg\u00e9n\u00e9rationnel, je ne peux me permettre de prendre 8 supers adolescents, il me faut m\u00e9tisser les \u00e2ges. La version rochelaise d\u2019<em>\u00c9treinte(s) <\/em>propose donc une m\u00e8re et son enfant, un p\u00e8re et son enfant, 2 adolescents, un jeune homme et une personne \u00e2g\u00e9e. Chaque ville que traversera <em>\u00c9treinte(s)<\/em> poss\u00e8dera sa propre distribution locale.<\/p><p>Au-del\u00e0 de la distribution, je veux souligner que je suis entour\u00e9e d\u2019une \u00e9quipe qui est tr\u00e8s impliqu\u00e9e dans le processus de cr\u00e9ation. Particuli\u00e8rement les danseurs et la musicienne Johanna Luz. qui a \u00e9t\u00e9 pr\u00e9sente tout du long des r\u00e9p\u00e9titions Tous ont ce sens de l\u2019adaptabilit\u00e9, du r\u00e9ajustement n\u00e9cessaire lorsqu\u2019on s\u2019embarque dans un projet avec des amateur-e-s.<\/p><p><strong>Comment travaille t-on avec des amateurs sur un temps si resserr\u00e9\u00a0?<\/strong><\/p><p>Ils ont r\u00e9p\u00e9t\u00e9 sur un premier week-end, \u00e0 l\u2019occasion du stage. Un samedi et dimanche tr\u00e8s intenses puis les 8 amateurs pr\u00e9sents nous ont retrouv\u00e9e sur trois longs week-ends, du vendredi \u00e0 dimanche. C\u2019est assez peu au final. En parall\u00e8le de la version rochelaise d\u2019<em>\u00c9treintes nous<\/em> travaillions avec la distribution toulousaine, constitu\u00e9e d\u2019autres amateur-e-s. Avec ces derniers, nous avons quasiment \u00e9crit la moiti\u00e9 de la pi\u00e8ce cet \u00e9t\u00e9, que nous avons transmis aux rochelais. Eux ont particip\u00e9 \u00e0 \u00e9crire la seconde moiti\u00e9 d\u2019<em>\u00c9treinte(s). <\/em><\/p><p><strong>Toutes vos pi\u00e8ces sont inscrites dans une d\u00e9marche participative, f\u00e9d\u00e9ratrice et coop\u00e9rative o\u00f9 les amateurs ont une place centrale. D\u2019o\u00f9 vient cette d\u00e9marche singuli\u00e8re\u00a0?<\/strong><\/p><p>C\u2019est effectivement le fil rouge de mon travail depuis que je chor\u00e9graphie. La raison initiale est l\u2019importance que j\u2019accorde \u00e0 la transmission et la sensibilisation \u00e0 la danse. Peut-\u00eatre parce j\u2019ai manqu\u00e9 de cela dans mon propre parcours dans les ann\u00e9es 80.<\/p><p>Par ailleurs j\u2019enseigne beaucoup, notamment au Conservatoire de Toulouse, et forc\u00e9ment cette activit\u00e9 m\u2019a fait r\u00e9fl\u00e9chir sur les questions de sensibilisation \u00e0 la danse, sur la transmission. Je n\u2019ai de cesse de questionner les \u00e9l\u00e8ves sur leurs r\u00e9elles motivations. Au-del\u00e0 de la d\u00e9pense physique, de la recherche de virtuosit\u00e9, j\u2019aime \u00e0 leur demander\u00a0: \u00ab\u00a0Qu\u2019est-ce qui t\u2019anime dans la pratique de cet art\u00a0?\u00a0\u00bb. Il est me para\u00eet important d&rsquo;\u00e9veiller la question du geste dans son contexte politique et sociale.<\/p><p>Apr\u00e8s travailler avec les amateurs est vraiment int\u00e9ressant. Bien souvent, ils ont une vision bien plus juste du geste. Ils sont vierges de tout questionnement sur le mouvement et de pratiques corporels. Cette puret\u00e9 leur offre une grille de lecture du geste neuve et originale et souvent en totale connexion avec notre actuelle soci\u00e9t\u00e9. Ce qui est s\u00fbr c\u2019est qu\u2019ils me permettent d\u2019avancer et d\u2019\u00eatre raccord avec cette soci\u00e9t\u00e9. \u00c0 leurs c\u00f4t\u00e9s, je ne suis pas en vase clos avec le microcosme de la danse. Je suis pleinement dans le monde et j\u2019entrevois comment il s\u2019organise, comment il agit au contact de la danse.<\/p><p><strong>En 2016, vous avez cr\u00e9\u00e9<em> Ladies First<\/em>, une pi\u00e8ce qui r\u00e9unissait une bande d\u2019adolescentes revisitant les danses des pionni\u00e8res d\u2019autrefois\u00a0: Isadora Duncan, Lo\u00efe Fuller, Ruth Saint-Denis et Jos\u00e9phine Baker. Que sont devenues ces jeunes danseuses amateures ?<\/strong><\/p><p><span style=\"font-style: inherit; font-weight: inherit; background-color: var(--ast-global-color-5);\">Pour beaucoup d\u2019entre elles cette exp\u00e9rience a \u00e9t\u00e9 d\u00e9terminante. Nombreuses sont celles qui ont poursuivies dans la danse, sans \u00eatre n\u00e9cessairement interpr\u00e8tes. Une, apr\u00e8s kh\u00e2gne-hypokh\u00e2gne, a ax\u00e9 ses \u00e9tudes sur la danse et l\u2019\u00e9tude du mouvement dans\u00e9\u00a0; une autre qui venait de la banlieue parisienne a r\u00e9ussit \u00e0 int\u00e9grer Science-Po gr\u00e2ce \u00e0 une lettre de motivation qui mentionnait son exp\u00e9rience <\/span><em style=\"font-weight: inherit; background-color: var(--ast-global-color-5);\">Ladies First<\/em><span style=\"font-style: inherit; font-weight: inherit; background-color: var(--ast-global-color-5);\">. L\u2019\u00e9cole a \u00e9t\u00e9 s\u00e9duite par son profil gr\u00e2ce \u00e0 la pi\u00e8ce\u00a0! D\u2019autres ont int\u00e9gr\u00e9 l\u2019\u00e9cole de danse P.A.R.T.S \u00e0 Bruxelles ou le CDCN de Toulouse \u2026 Je suis toujours en lien avec ces jeunes femmes et \u00e7a me fait vraiment plaisir de voir qu\u2019elles s\u2019\u00e9panouissent \u00e0 travers la danse ou \u00e0 sa p\u00e9riph\u00e9rie.<\/span><\/p><p><strong>\u00c0 quelques jours de la Premi\u00e8re d\u2019<em>\u00c9treinte(s)<\/em>, vous estimez-vous pr\u00eats\u00a0?<\/strong><\/p><p>Euh \u2026 nous sommes presque cal\u00e9s. La semaine derni\u00e8re nous \u00e9tions anxieux \u2013 surtout moi- mais ce week-end nous avons pu tout filer et je me suis dit\u00a0: \u00ab\u00a0<em>\u00e7a y est la pi\u00e8ce prend forme\u00a0<\/em>\u00bb Bien \u00e9videmment que la pi\u00e8ce \u00e9voluera avec le temps. Nous avons encore un week-end de travail pour peaufiner, r\u00e9p\u00e9ter. Nous sommes donc impatients d\u2019y \u00eatre.\u00a0<em style=\"font-weight: inherit; background-color: var(--ast-global-color-5);\">(NDLR)\u00a0: 2 jours apr\u00e8s l\u2019interview, la France se reconfinait. La premi\u00e8re d\u2019\u00c9treinte(s) \u00e0 La Coursive est annul\u00e9e. Esp\u00e9rons qu\u2019elle sera reprogramm\u00e9e tr\u00e8s prochainement.<\/em><\/p><p><strong>Propos recueillis par C\u00e9dric Chaory<\/strong><\/p><p><a style=\"font-style: inherit; font-weight: inherit;\" href=\"https:\/\/www.marionmuzac.com\/\"><strong>https:\/\/www.marionmuzac.com\/<\/strong><\/a><\/p><p><strong>\u00a0<\/strong><\/p>\t\t\t\t\t\t<\/div>\n\t\t\t\t<\/div>\n\t\t\t\t\t<\/div>\n\t\t<\/div>\n\t\t\t\t\t\t\t<\/div>\n\t\t<\/section>\n\t\t\t\t\t\t\t<\/div>\n\t\t","protected":false},"excerpt":{"rendered":"<p>L\u2019\u00e9treinte attendra Marion Muzac, artiste associ\u00e9e \u00e0 La Coursive, devait pr\u00e9senter la semaine prochaine sa nouvelle cr\u00e9ation \u00c9treinte(s) o\u00f9 danseurs professionnels et 8 amateurs rochelais font corps. Le reconfinement en a d\u00e9cid\u00e9 autrement \u2026 \u00a0 \u00c9treinte(s)\u00a0: voil\u00e0 un tr\u00e8s beau titre qui annonce d\u2019embl\u00e9e la teneur gestuelle de la pi\u00e8ce. Pouvez-vous cependant nous en dire &hellip;<\/p>\n<p class=\"read-more\"> <a class=\"\" href=\"https:\/\/umoove.art\/index.php\/2022\/12\/14\/m-2\/\"> <span class=\"screen-reader-text\">Marion Muzac<\/span> Lire la suite\u00a0\u00bb<\/a><\/p>\n","protected":false},"author":1,"featured_media":0,"comment_status":"closed","ping_status":"closed","sticky":false,"template":"","format":"standard","meta":{"site-sidebar-layout":"default","site-content-layout":"default","ast-global-header-display":"","ast-banner-title-visibility":"","ast-main-header-display":"","ast-hfb-above-header-display":"","ast-hfb-below-header-display":"","ast-hfb-mobile-header-display":"","site-post-title":"","ast-breadcrumbs-content":"","ast-featured-img":"","footer-sml-layout":"","theme-transparent-header-meta":"","adv-header-id-meta":"","stick-header-meta":"","header-above-stick-meta":"","header-main-stick-meta":"","header-below-stick-meta":"","footnotes":""},"categories":[9],"tags":[],"class_list":["post-2997","post","type-post","status-publish","format-standard","hentry","category-interview-interview"],"aioseo_notices":[],"_links":{"self":[{"href":"https:\/\/umoove.art\/index.php\/wp-json\/wp\/v2\/posts\/2997","targetHints":{"allow":["GET"]}}],"collection":[{"href":"https:\/\/umoove.art\/index.php\/wp-json\/wp\/v2\/posts"}],"about":[{"href":"https:\/\/umoove.art\/index.php\/wp-json\/wp\/v2\/types\/post"}],"author":[{"embeddable":true,"href":"https:\/\/umoove.art\/index.php\/wp-json\/wp\/v2\/users\/1"}],"replies":[{"embeddable":true,"href":"https:\/\/umoove.art\/index.php\/wp-json\/wp\/v2\/comments?post=2997"}],"version-history":[{"count":8,"href":"https:\/\/umoove.art\/index.php\/wp-json\/wp\/v2\/posts\/2997\/revisions"}],"predecessor-version":[{"id":3009,"href":"https:\/\/umoove.art\/index.php\/wp-json\/wp\/v2\/posts\/2997\/revisions\/3009"}],"wp:attachment":[{"href":"https:\/\/umoove.art\/index.php\/wp-json\/wp\/v2\/media?parent=2997"}],"wp:term":[{"taxonomy":"category","embeddable":true,"href":"https:\/\/umoove.art\/index.php\/wp-json\/wp\/v2\/categories?post=2997"},{"taxonomy":"post_tag","embeddable":true,"href":"https:\/\/umoove.art\/index.php\/wp-json\/wp\/v2\/tags?post=2997"}],"curies":[{"name":"wp","href":"https:\/\/api.w.org\/{rel}","templated":true}]}}