{"id":2763,"date":"2022-12-13T13:55:42","date_gmt":"2022-12-13T12:55:42","guid":{"rendered":"http:\/\/umoove.art\/?p=2763"},"modified":"2022-12-13T14:00:27","modified_gmt":"2022-12-13T13:00:27","slug":"kader-attou","status":"publish","type":"post","link":"https:\/\/umoove.art\/index.php\/2022\/12\/13\/kader-attou\/","title":{"rendered":"Kader Attou"},"content":{"rendered":"\t\t<div data-elementor-type=\"wp-post\" data-elementor-id=\"2763\" class=\"elementor elementor-2763\" data-elementor-post-type=\"post\">\n\t\t\t\t\t\t\t\t\t<section class=\"elementor-section elementor-top-section elementor-element elementor-element-f5ccdda elementor-section-boxed elementor-section-height-default elementor-section-height-default\" data-id=\"f5ccdda\" data-element_type=\"section\">\n\t\t\t\t\t\t<div class=\"elementor-container elementor-column-gap-default\">\n\t\t\t\t\t<div class=\"elementor-column elementor-col-100 elementor-top-column elementor-element elementor-element-20d7ad3\" data-id=\"20d7ad3\" data-element_type=\"column\">\n\t\t\t<div class=\"elementor-widget-wrap elementor-element-populated\">\n\t\t\t\t\t\t\t\t<div class=\"elementor-element elementor-element-9eba485 elementor-widget elementor-widget-image\" data-id=\"9eba485\" data-element_type=\"widget\" data-widget_type=\"image.default\">\n\t\t\t\t<div class=\"elementor-widget-container\">\n\t\t\t<style>\/*! elementor - v3.14.0 - 26-06-2023 *\/\n.elementor-widget-image{text-align:center}.elementor-widget-image a{display:inline-block}.elementor-widget-image a img[src$=\".svg\"]{width:48px}.elementor-widget-image img{vertical-align:middle;display:inline-block}<\/style>\t\t\t\t\t\t\t\t\t\t\t\t<img loading=\"lazy\" decoding=\"async\" width=\"768\" height=\"614\" src=\"https:\/\/umoove.art\/wp-content\/uploads\/2022\/12\/Songook-Yaakaar-Germaine-Acogny-87-1-768x614.png\" class=\"attachment-medium_large size-medium_large wp-image-2678\" alt=\"\" srcset=\"https:\/\/umoove.art\/wp-content\/uploads\/2022\/12\/Songook-Yaakaar-Germaine-Acogny-87-1-768x614.png 768w, https:\/\/umoove.art\/wp-content\/uploads\/2022\/12\/Songook-Yaakaar-Germaine-Acogny-87-1-300x240.png 300w, https:\/\/umoove.art\/wp-content\/uploads\/2022\/12\/Songook-Yaakaar-Germaine-Acogny-87-1-1024x819.png 1024w, https:\/\/umoove.art\/wp-content\/uploads\/2022\/12\/Songook-Yaakaar-Germaine-Acogny-87-1-1536x1229.png 1536w, https:\/\/umoove.art\/wp-content\/uploads\/2022\/12\/Songook-Yaakaar-Germaine-Acogny-87-1.png 2000w\" sizes=\"auto, (max-width: 768px) 100vw, 768px\" \/>\t\t\t\t\t\t\t\t\t\t\t\t\t\t\t<\/div>\n\t\t\t\t<\/div>\n\t\t\t\t\t<\/div>\n\t\t<\/div>\n\t\t\t\t\t\t\t<\/div>\n\t\t<\/section>\n\t\t\t\t<section class=\"elementor-section elementor-top-section elementor-element elementor-element-10a2601 elementor-section-boxed elementor-section-height-default elementor-section-height-default\" data-id=\"10a2601\" data-element_type=\"section\">\n\t\t\t\t\t\t<div class=\"elementor-container elementor-column-gap-default\">\n\t\t\t\t\t<div class=\"elementor-column elementor-col-100 elementor-top-column elementor-element elementor-element-b60d3a5\" data-id=\"b60d3a5\" data-element_type=\"column\">\n\t\t\t<div class=\"elementor-widget-wrap elementor-element-populated\">\n\t\t\t\t\t\t\t\t<div class=\"elementor-element elementor-element-6c715a3 elementor-widget elementor-widget-text-editor\" data-id=\"6c715a3\" data-element_type=\"widget\" data-widget_type=\"text-editor.default\">\n\t\t\t\t<div class=\"elementor-widget-container\">\n\t\t\t<style>\/*! elementor - v3.14.0 - 26-06-2023 *\/\n.elementor-widget-text-editor.elementor-drop-cap-view-stacked .elementor-drop-cap{background-color:#69727d;color:#fff}.elementor-widget-text-editor.elementor-drop-cap-view-framed .elementor-drop-cap{color:#69727d;border:3px solid;background-color:transparent}.elementor-widget-text-editor:not(.elementor-drop-cap-view-default) .elementor-drop-cap{margin-top:8px}.elementor-widget-text-editor:not(.elementor-drop-cap-view-default) .elementor-drop-cap-letter{width:1em;height:1em}.elementor-widget-text-editor .elementor-drop-cap{float:left;text-align:center;line-height:1;font-size:50px}.elementor-widget-text-editor .elementor-drop-cap-letter{display:inline-block}<\/style>\t\t\t\t<h4><strong>Grosse actualit\u00e9 pour Kader Attou, directeur du CCN de La Rochelle. Entre la tourn\u00e9e de sa nouvelle cr\u00e9ation <em>Danser Casa<\/em> et son festival rochelais SHAKE LA ROCHELLE, il trouve le temps de r\u00e9pondre \u00e0 Umoove.<\/strong><\/h4><p><strong style=\"font-style: inherit; background-color: var(--ast-global-color-5);\"><em>Danser Casa<\/em><\/strong><strong style=\"font-style: inherit; background-color: var(--ast-global-color-5);\">, votre pi\u00e8ce co-sign\u00e9e avec Mourad Merzouki, ouvre le festival \u00e0 La Coursive et cr\u00e9\u00e9 en m\u00eame temps l\u2019\u00e9v\u00e9nement. Quelle en est son histoire\u00a0?<\/strong><\/p><p>C\u2019est une aventure n\u00e9e il y a deux ans. \u00c0 l\u2019origine de ce projet se trouve Anne Sophie Dupoux ancienne administratrice du Th\u00e9\u00e2tre de Suresnes et aujourd\u2019hui \u00e0 la t\u00eate d\u2019Etat d\u2019Esprit Productions. Elle conna\u00eet tr\u00e8s bien la danse hip-hop et lorsqu\u2019elle est partie vivre \u00e0 Casablanca, elle s\u2019est vite rendue compte de l\u2019\u00e9nergie cr\u00e9atrice de cette ville. Elle y a retrouv\u00e9 ce potentiel que nous avions nous-m\u00eames, Mourad et moi, quand nous \u00e9tions \u00e0 la t\u00eate de jeunes compagnies hip hop. Elle nous a donc contact\u00e9 et demand\u00e9 d\u2019imaginer un projet autour des jeunes danseurs de cette ville.<\/p><p>Lors de l\u2019audition, ce sont 280 artistes talentueux qui se sont pr\u00e9sent\u00e9s. Nous devions en retenir que 8. Ce jour-l\u00e0 nous aussi, nous nous sommes rendus compte de l\u2019\u00e9nergie, de la jeunesse, de la g\u00e9n\u00e9rosit\u00e9 de la ville. Ces jeunes sont autodidactes, form\u00e9s aux battles, sans exp\u00e9rience artistique proprement dite. L\u2019enjeu pour Mourad et moi \u00e9tait donc de donner de la profondeur \u00e0 ces danseurs peu aguerris \u00e0 la sc\u00e8ne. Ce fut une v\u00e9ritable aventure humaine. <em>Danser Casa<\/em> est emprunt de ce qu\u2019est cette ville\u00a0: foisonnante, \u00e9nergique, violente dans tout ce que ce mot peut contenir. Cela donne une pi\u00e8ce dense, g\u00e9n\u00e9reuse, virtuose et chacun des danseurs raconte une part de son histoire, de sa ville. Je pense que nous avons r\u00e9ussi \u00e0 leur donner cette profondeur que nous attendons de nos danseurs professionnels. On a cru en eux et inversement m\u00eame si cela n\u2019a pas \u00e9t\u00e9 facile tous les jours car ils ont d\u00e9couvert le monde professionnel au fil des r\u00e9p\u00e9titions. Forts de cette exp\u00e9rience, certains danseurs se voient diff\u00e9remment, s\u2019imaginent ais\u00e9ment embrasser une carri\u00e8re artistique.<\/p><p><strong>Le m\u00eame soir est d\u00e9voil\u00e9e, \u00e0 la Chapelle Fromentin, la nouvelle cr\u00e9ation d\u2019Hamid Ben Mahi\u00a0: <em>Yellel<\/em> \u2026<\/strong><\/p><p><span style=\"font-style: inherit; font-weight: inherit; background-color: var(--ast-global-color-5);\">Rassurez-vous, le public pourra voir et <\/span><em style=\"font-weight: inherit; background-color: var(--ast-global-color-5);\">Yellel<\/em><span style=\"font-style: inherit; font-weight: inherit; background-color: var(--ast-global-color-5);\"> et <\/span><em style=\"font-weight: inherit; background-color: var(--ast-global-color-5);\">Danser Casa<\/em><span style=\"font-style: inherit; font-weight: inherit; background-color: var(--ast-global-color-5);\"> car ces deux pi\u00e8ces inaugurales sont jou\u00e9es \u00e0 plusieurs reprises. Nous suivons depuis longtemps le travail d\u2019Hamid. Avec <\/span><em style=\"font-weight: inherit; background-color: var(--ast-global-color-5);\">Yellel<\/em><span style=\"font-style: inherit; font-weight: inherit; background-color: var(--ast-global-color-5);\">, il propose une pi\u00e8ce qui parle de la M\u00e9diterran\u00e9e. Comme <\/span><em style=\"font-weight: inherit; background-color: var(--ast-global-color-5);\">Danser Casa<\/em><span style=\"font-style: inherit; font-weight: inherit; background-color: var(--ast-global-color-5);\"> et la pi\u00e8ce d\u2019<\/span><strong style=\"font-style: inherit; background-color: var(--ast-global-color-5);\">Herv\u00e9 Koubi <\/strong><span style=\"font-style: inherit; font-weight: inherit; background-color: var(--ast-global-color-5);\">mais je pr\u00e9cise qu\u2019il s\u2019agit d\u2019un pur hasard de la programmation. Nous ne souhaitons en aucun cas faire un focus M\u00e9diterran\u00e9e mais nous sommes tr\u00e8s heureux de proposer trois regards singuliers sur cette r\u00e9gion du monde. <\/span><em style=\"font-weight: inherit; background-color: var(--ast-global-color-5);\">Yellel <\/em><span style=\"font-style: inherit; font-weight: inherit; background-color: var(--ast-global-color-5);\">est une cr\u00e9ation <\/span><em style=\"font-weight: inherit; background-color: var(--ast-global-color-5);\">Shake La Rochelle<\/em><span style=\"font-style: inherit; font-weight: inherit; background-color: var(--ast-global-color-5);\"> et \u00e7a me ravit. <\/span><em style=\"font-weight: inherit; background-color: var(--ast-global-color-5);\">La g\u00e9ographie du danger<\/em><span style=\"font-style: inherit; font-weight: inherit; background-color: var(--ast-global-color-5);\">, autre pi\u00e8ce d\u2019Hamid fut cr\u00e9\u00e9e ici \u00e9galement, avec le succ\u00e8s qu\u2019on lui conna\u00eet. Ici, Hamid revient sur ses origines alg\u00e9riennes. Il avait d\u00e9j\u00e0 esquiss\u00e9 la question dans son solo <\/span><em style=\"font-weight: inherit; background-color: var(--ast-global-color-5);\">Chronic(s)<strong>.<\/strong><\/em><span style=\"font-style: inherit; font-weight: inherit; background-color: var(--ast-global-color-5);\"> Au plateau, il y aura 5 danseurs. L\u2019ann\u00e9e derni\u00e8re d\u00e9j\u00e0 les spectateurs avaient pu appr\u00e9cier \u00e0 La Sir\u00e8ne 15 mn de ce projet alors en cours, d\u00e9j\u00e0 touchant et puissant.<\/span><\/p><p><strong>Autre t\u00eate d\u2019affiche tr\u00e8s attendue\u00a0: Herv\u00e9 Koubi avec <em>Les Nuits barbares ou les premiers matins du monde<\/em>.<\/strong><\/p><p>Herv\u00e9 Koubi revient lui aussi sur son histoire alg\u00e9rienne. Il s\u2019agit de sa deuxi\u00e8me pi\u00e8ce qui traite de cette question. La premi\u00e8re \u00e9tait son grand succ\u00e8s <em>Ce que le jour doit \u00e0 la nuit<\/em>, cr\u00e9\u00e9e en 2013 et adapt\u00e9e du roman de <strong>Yasmina Khadra<\/strong>. Ceux qui ont aim\u00e9 cette pi\u00e8ce, appr\u00e9cieront de retrouver la m\u00eame \u00e9quipe de danseurs hip hop alg\u00e9riens. Moi j\u2019aime l\u2019\u00e9criture et l\u2019esth\u00e9tique d\u2019Herv\u00e9\u00a0: il sait allier la puissance des corps de ses danseurs \u00e0 une ind\u00e9niable sensualit\u00e9 et gr\u00e2ce.<\/p><p><strong>La sensualit\u00e9 du hip hop \u2026 on la retrouvera aussi dans les pi\u00e8ces pr\u00e9sent\u00e9es par des chor\u00e9graphes-femmes, nombreuses dans le festival. Il y a aura m\u00eame une table ronde consacr\u00e9e aux \u00ab\u00a0corps de femmes en danse hip hop\u00a0\u00bb. O\u00f9 en est le hip hop f\u00e9minin en France\u00a0?<\/strong><\/p><p>Le p\u00f4le recherche du CCN porte une r\u00e9flexion sur cette danse\u00a0: son histoire, ses \u00e9critures \u2026 Nous avons d\u2019ailleurs publi\u00e9 quelques ouvrages sur le th\u00e8me et r\u00e9alis\u00e9 quelques vid\u00e9os. J\u2019ai envie, sur les trois ans \u00e0 venir, de mettre l\u2019accent sur la femme dans la danse hip hop. Quelle soit chor\u00e9graphe ou interpr\u00e8te. C\u2019est bien pour cela que nous avons une artiste en compagnonnage, <strong>Nach <\/strong>pour les 3 ans \u00e0 venir. C\u2019est une artiste formidable, qui monte.\u00a0<span style=\"font-style: inherit; font-weight: inherit; background-color: var(--ast-global-color-5);\">Cette histoire du hip hop f\u00e9minin est riche et elle est l\u00e0 d\u00e8s le d\u00e9but du hip hop en France, il y a une trentaine d\u2019ann\u00e9es. Je pense notamment \u00e0 <\/span><strong style=\"font-style: inherit; background-color: var(--ast-global-color-5);\">Christine Coudin<\/strong><span style=\"font-style: inherit; font-weight: inherit; background-color: var(--ast-global-color-5);\">. Apr\u00e8s cette histoire est m\u00e9connue car tout est contexte et repr\u00e9sentations \u2026 Avec le p\u00f4le recherche, nous questionnons ce qui fait trace, date, quels ont \u00e9t\u00e9 les moments pr\u00e9cis de cette histoire \u2026\u00a0<\/span><strong style=\"font-style: inherit; background-color: var(--ast-global-color-5);\">Agn\u00e8s Izrine<\/strong><span style=\"font-style: inherit; font-weight: inherit; background-color: var(--ast-global-color-5);\">, r\u00e9dactrice en chef du site DANSERCANALHISTORIQUE va mod\u00e9rer notre table ronde o\u00f9 seront pr\u00e9sents Nach, <\/span><strong style=\"font-style: inherit; background-color: var(--ast-global-color-5);\">Mellina Soubetra, Linda Hayford<\/strong><span style=\"font-style: inherit; font-weight: inherit; background-color: var(--ast-global-color-5);\"> mais aussi <\/span><strong style=\"font-style: inherit; background-color: var(--ast-global-color-5);\">Mathias Rassin<\/strong><span style=\"font-style: inherit; font-weight: inherit; background-color: var(--ast-global-color-5);\">, danseur du CCN qui transmet \u00e0 des interpr\u00e8tes-femmes.<\/span><\/p><p><strong><em>Shake La Rochelle<\/em><\/strong><strong> programme aussi des artistes venus de l\u2019\u00e9tranger. Je pense notamment \u00e0 Andrew Skeels et son <em>Finding Now<\/em>. Que vaut ce Grand Prix de la critique 2018, cat\u00e9gorie danse\u00a0?<\/strong><\/p><p><span style=\"font-style: inherit; font-weight: inherit; background-color: var(--ast-global-color-5);\">C\u2019est une totale d\u00e9couverte pour moi. Cette production <\/span><strong style=\"font-style: inherit; background-color: var(--ast-global-color-5);\">Suresnes Cit\u00e9 Danse<\/strong><span style=\"font-style: inherit; font-weight: inherit; background-color: var(--ast-global-color-5);\"> va \u00eatre autant une surprise pour moi que pour le public. Bien \u00e9videmment j\u2019ai aper\u00e7u des bribes de la pi\u00e8ce \u2026 et j\u2019ai \u00e9t\u00e9 souffl\u00e9 par ce travail autour du hip hop et de la musique baroque. Cette rencontre est \u00e9tonnante. La pi\u00e8ce a d\u00e9j\u00e0 beaucoup tourn\u00e9 et, comme chaque pi\u00e8ce, elle arrive \u00e0 une fin de cycle. Il m\u2019appara\u00eet important que le public rochelais la d\u00e9couvre avant que son auteur, que j\u2019ai par ailleurs rencontr\u00e9 et que je trouve incroyablement intelligent, ne passe \u00e0 autre chose \u2026<\/span><\/p><p><strong style=\"font-style: inherit; background-color: var(--ast-global-color-5);\"><em>Shake La Rochelle<\/em><\/strong><strong style=\"font-style: inherit; background-color: var(--ast-global-color-5);\"> s\u2019ouvre grand \u00e0 l\u2019international cette ann\u00e9e, non\u00a0?<\/strong><\/p><p>Effectivement nous programmons aussi les canadiens <strong>Tentacle Tribe<\/strong> le 14 novembre avec <em>Threesixnine. <\/em>Nous travaillons avec des structures \u00e9trang\u00e8res qui nous conseillent leur coup de c\u0153ur, leurs artistes-compagnons. Il s\u2019agit de mettre en synergie les diff\u00e9rents festivals hip hop europ\u00e9ens tels le <em>Hop<\/em> de Barcelone, le <em>Summer Dance Forever<\/em> d\u2019Amsterdam, <em>Breaking Convention<\/em> de Londres \u2026 ce r\u00e9seau s\u2019\u00e9largit au fil des ans. Nous nous r\u00e9unissons chaque ann\u00e9e pour \u00e9changer sur les artistes, pour cr\u00e9er des passerelles de diffusion aussi.\u00a0<span style=\"font-style: inherit; font-weight: inherit; background-color: var(--ast-global-color-5);\">Dans notre <\/span><em style=\"font-weight: inherit; background-color: var(--ast-global-color-5);\">Hip Hop Day<\/em><span style=\"font-style: inherit; font-weight: inherit; background-color: var(--ast-global-color-5);\"> du dimanche 17 novembre, nous accueillons \u00e9galement la compagnie espagnole <\/span><strong style=\"font-style: inherit; background-color: var(--ast-global-color-5);\">In Motus.<\/strong><\/p><p><strong style=\"font-style: inherit; background-color: var(--ast-global-color-5);\">Comment vous est venue l\u2019id\u00e9e de programmer Youssoupha en version acoustique\u00a0?<\/strong><\/p><p>David Fourrier, directeur de notre partenaire La Sir\u00e8ne, nous a soumis cette id\u00e9e. \u00c0 l\u2019origine le concert devait se d\u00e9rouler dans la salle de la Pallice mais finalement il a migr\u00e9 dans cet \u00e9crin privil\u00e9gi\u00e9 qu\u2019est la chapelle Fromentin. David voulait un format intime pour ce concert piano-violoncelle-voix. Je suis tr\u00e8s heureux que la Chapelle renoue avec la musique car dans le pass\u00e9 le CCN a accueilli, dans le cadre des Francos et de leur Folie Matinale, des artistes comme Christine and the Queens alors inconnue ou Camille \u2026\u00a0<span style=\"font-style: inherit; font-weight: inherit; background-color: var(--ast-global-color-5);\">Je tenais aussi pr\u00e9ciser que le festival se d\u00e9ploie partout dans la ville, via notre programmation jeune public mais pas seulement. \u00c0 L\u2019Agora le public pourra d\u00e9couvrir <\/span><em style=\"font-weight: inherit; background-color: var(--ast-global-color-5);\">Fli <\/em><span style=\"font-style: inherit; font-weight: inherit; background-color: var(--ast-global-color-5);\">d\u2019<\/span><strong style=\"font-style: inherit; background-color: var(--ast-global-color-5);\">Art Move Concept <\/strong><span style=\"font-style: inherit; font-weight: inherit; background-color: var(--ast-global-color-5);\">ou encore <\/span><em style=\"font-weight: inherit; background-color: var(--ast-global-color-5);\">Zoom Dada<\/em><span style=\"font-style: inherit; font-weight: inherit; background-color: var(--ast-global-color-5);\"> du <\/span><strong style=\"font-style: inherit; background-color: var(--ast-global-color-5);\">Th\u00e9\u00e2tre Bascule<\/strong><span style=\"font-style: inherit; font-weight: inherit; background-color: var(--ast-global-color-5);\">, une pi\u00e8ce tout public d\u00e8s 3 ans. <\/span><em style=\"font-weight: inherit; background-color: var(--ast-global-color-5);\">MontETSouris<\/em><span style=\"font-style: inherit; font-weight: inherit; background-color: var(--ast-global-color-5);\"> de <\/span><strong style=\"font-style: inherit; background-color: var(--ast-global-color-5);\">Racine Carr\u00e9es<\/strong><span style=\"font-style: inherit; font-weight: inherit; background-color: var(--ast-global-color-5);\"> va lui tourner dans les diff\u00e9rents centres socio-culturels et m\u00e9diath\u00e8ques de quartiers de Villeneuve, Mireuil, Le Pertuis ou encore La Pallice.<\/span><\/p><p><strong>Et le final de <em>Shake La Rochelle\u00a0<\/em>: quel sera t-il\u00a0?<\/strong><\/p><p>Il est assez explosif et se d\u00e9roulera en plusieurs temps \u00e0 La Sir\u00e8ne. Tout d\u2019abord nous allons proposer une <strong>Battle all Style 1 vs 1<\/strong>. Il est ouvert \u00e0 toutes les esth\u00e9tiques\u00a0; 4 danseurs hip hop et 4 danseurs d\u2019autres esth\u00e9tiques. Ils s\u2019affronteront dans un vrai ring et seront jug\u00e9s par 3 artistes \u00e9galement issus d\u2019univers diff\u00e9rents ! J\u2019imagine un univers dans l\u2019esprit boxe dans la bande son, dans le d\u00e9corum \u2026 Cette battle sera ponctu\u00e9e d\u2019extraits de pi\u00e8ces, notamment celles de <em>Boxe Boxe<\/em> de Mourad Merzouki ou encore <em>Raging Bull<\/em> de <strong>Caliband Th\u00e9\u00e2tre<\/strong>. Cette compagnie proposera \u00e9galement sa nouvelle cr\u00e9ation autour de Martin Luther King et de son assassin\u00a0: <em>MLKING 360<\/em> le vendredi 29 novembre.<\/p><p>Enfin pour cl\u00f4turer en musique et toute en iconoclastie ce festival, on propose un concert live des <strong>PuppetMastaz<\/strong>, le seul groupe rap de marionnettes. C\u2019est assez dingue ce projet\u00a0: ce sont de vrais chanteurs cach\u00e9s sous un castelet qui manipulent leurs marionnettes-rappeurs. On essaye de surprendre notre public jusqu\u2019\u00e0 la fin (le tout avec une politique tarifaire vraiment bien pens\u00e9e\u00a0: le plus cher des spectacles doit \u00eatre \u00e0 10 euros\u00a0!).<\/p><p><strong>Propos recueillis par C\u00e9dric Chaory<\/strong><\/p><p><strong style=\"font-style: inherit; background-color: var(--ast-global-color-5);\">\u00a9<\/strong><span style=\"font-style: inherit; font-weight: inherit; background-color: var(--ast-global-color-5);\">STEPHANE DE SAKUTIN<\/span><\/p>\t\t\t\t\t\t<\/div>\n\t\t\t\t<\/div>\n\t\t\t\t\t<\/div>\n\t\t<\/div>\n\t\t\t\t\t\t\t<\/div>\n\t\t<\/section>\n\t\t\t\t\t\t\t<\/div>\n\t\t","protected":false},"excerpt":{"rendered":"<p>Grosse actualit\u00e9 pour Kader Attou, directeur du CCN de La Rochelle. Entre la tourn\u00e9e de sa nouvelle cr\u00e9ation Danser Casa et son festival rochelais SHAKE LA ROCHELLE, il trouve le temps de r\u00e9pondre \u00e0 Umoove. Danser Casa, votre pi\u00e8ce co-sign\u00e9e avec Mourad Merzouki, ouvre le festival \u00e0 La Coursive et cr\u00e9\u00e9 en m\u00eame temps l\u2019\u00e9v\u00e9nement. &hellip;<\/p>\n<p class=\"read-more\"> <a class=\"\" href=\"https:\/\/umoove.art\/index.php\/2022\/12\/13\/kader-attou\/\"> <span class=\"screen-reader-text\">Kader Attou<\/span> Lire la suite\u00a0\u00bb<\/a><\/p>\n","protected":false},"author":1,"featured_media":0,"comment_status":"closed","ping_status":"closed","sticky":false,"template":"","format":"standard","meta":{"site-sidebar-layout":"default","site-content-layout":"default","ast-global-header-display":"","ast-banner-title-visibility":"","ast-main-header-display":"","ast-hfb-above-header-display":"","ast-hfb-below-header-display":"","ast-hfb-mobile-header-display":"","site-post-title":"","ast-breadcrumbs-content":"","ast-featured-img":"","footer-sml-layout":"","theme-transparent-header-meta":"","adv-header-id-meta":"","stick-header-meta":"","header-above-stick-meta":"","header-main-stick-meta":"","header-below-stick-meta":"","footnotes":""},"categories":[9],"tags":[],"class_list":["post-2763","post","type-post","status-publish","format-standard","hentry","category-interview-interview"],"aioseo_notices":[],"_links":{"self":[{"href":"https:\/\/umoove.art\/index.php\/wp-json\/wp\/v2\/posts\/2763","targetHints":{"allow":["GET"]}}],"collection":[{"href":"https:\/\/umoove.art\/index.php\/wp-json\/wp\/v2\/posts"}],"about":[{"href":"https:\/\/umoove.art\/index.php\/wp-json\/wp\/v2\/types\/post"}],"author":[{"embeddable":true,"href":"https:\/\/umoove.art\/index.php\/wp-json\/wp\/v2\/users\/1"}],"replies":[{"embeddable":true,"href":"https:\/\/umoove.art\/index.php\/wp-json\/wp\/v2\/comments?post=2763"}],"version-history":[{"count":7,"href":"https:\/\/umoove.art\/index.php\/wp-json\/wp\/v2\/posts\/2763\/revisions"}],"predecessor-version":[{"id":2774,"href":"https:\/\/umoove.art\/index.php\/wp-json\/wp\/v2\/posts\/2763\/revisions\/2774"}],"wp:attachment":[{"href":"https:\/\/umoove.art\/index.php\/wp-json\/wp\/v2\/media?parent=2763"}],"wp:term":[{"taxonomy":"category","embeddable":true,"href":"https:\/\/umoove.art\/index.php\/wp-json\/wp\/v2\/categories?post=2763"},{"taxonomy":"post_tag","embeddable":true,"href":"https:\/\/umoove.art\/index.php\/wp-json\/wp\/v2\/tags?post=2763"}],"curies":[{"name":"wp","href":"https:\/\/api.w.org\/{rel}","templated":true}]}}