{"id":2755,"date":"2022-12-13T13:50:21","date_gmt":"2022-12-13T12:50:21","guid":{"rendered":"http:\/\/umoove.art\/?p=2755"},"modified":"2022-12-13T13:53:21","modified_gmt":"2022-12-13T12:53:21","slug":"chr","status":"publish","type":"post","link":"https:\/\/umoove.art\/index.php\/2022\/12\/13\/chr\/","title":{"rendered":"Christophe B\u00e9ranger et Jonathan Pranlas-Descours"},"content":{"rendered":"\t\t<div data-elementor-type=\"wp-post\" data-elementor-id=\"2755\" class=\"elementor elementor-2755\" data-elementor-post-type=\"post\">\n\t\t\t\t\t\t\t\t\t<section class=\"elementor-section elementor-top-section elementor-element elementor-element-82a9a47 elementor-section-boxed elementor-section-height-default elementor-section-height-default\" data-id=\"82a9a47\" data-element_type=\"section\">\n\t\t\t\t\t\t<div class=\"elementor-container elementor-column-gap-default\">\n\t\t\t\t\t<div class=\"elementor-column elementor-col-100 elementor-top-column elementor-element elementor-element-33392e1\" data-id=\"33392e1\" data-element_type=\"column\">\n\t\t\t<div class=\"elementor-widget-wrap elementor-element-populated\">\n\t\t\t\t\t\t\t\t<div class=\"elementor-element elementor-element-5b79efd elementor-widget elementor-widget-image\" data-id=\"5b79efd\" data-element_type=\"widget\" data-widget_type=\"image.default\">\n\t\t\t\t<div class=\"elementor-widget-container\">\n\t\t\t<style>\/*! elementor - v3.14.0 - 26-06-2023 *\/\n.elementor-widget-image{text-align:center}.elementor-widget-image a{display:inline-block}.elementor-widget-image a img[src$=\".svg\"]{width:48px}.elementor-widget-image img{vertical-align:middle;display:inline-block}<\/style>\t\t\t\t\t\t\t\t\t\t\t\t<img loading=\"lazy\" decoding=\"async\" width=\"768\" height=\"614\" src=\"https:\/\/umoove.art\/wp-content\/uploads\/2022\/12\/Songook-Yaakaar-Germaine-Acogny-91-768x614.png\" class=\"attachment-medium_large size-medium_large wp-image-2688\" alt=\"\" srcset=\"https:\/\/umoove.art\/wp-content\/uploads\/2022\/12\/Songook-Yaakaar-Germaine-Acogny-91-768x614.png 768w, https:\/\/umoove.art\/wp-content\/uploads\/2022\/12\/Songook-Yaakaar-Germaine-Acogny-91-300x240.png 300w, https:\/\/umoove.art\/wp-content\/uploads\/2022\/12\/Songook-Yaakaar-Germaine-Acogny-91-1024x819.png 1024w, https:\/\/umoove.art\/wp-content\/uploads\/2022\/12\/Songook-Yaakaar-Germaine-Acogny-91-1536x1229.png 1536w, https:\/\/umoove.art\/wp-content\/uploads\/2022\/12\/Songook-Yaakaar-Germaine-Acogny-91.png 2000w\" sizes=\"auto, (max-width: 768px) 100vw, 768px\" \/>\t\t\t\t\t\t\t\t\t\t\t\t\t\t\t<\/div>\n\t\t\t\t<\/div>\n\t\t\t\t\t<\/div>\n\t\t<\/div>\n\t\t\t\t\t\t\t<\/div>\n\t\t<\/section>\n\t\t\t\t<section class=\"elementor-section elementor-top-section elementor-element elementor-element-2483b06 elementor-section-boxed elementor-section-height-default elementor-section-height-default\" data-id=\"2483b06\" data-element_type=\"section\">\n\t\t\t\t\t\t<div class=\"elementor-container elementor-column-gap-default\">\n\t\t\t\t\t<div class=\"elementor-column elementor-col-100 elementor-top-column elementor-element elementor-element-e75300b\" data-id=\"e75300b\" data-element_type=\"column\">\n\t\t\t<div class=\"elementor-widget-wrap elementor-element-populated\">\n\t\t\t\t\t\t\t\t<div class=\"elementor-element elementor-element-99c89c0 elementor-widget elementor-widget-text-editor\" data-id=\"99c89c0\" data-element_type=\"widget\" data-widget_type=\"text-editor.default\">\n\t\t\t\t<div class=\"elementor-widget-container\">\n\t\t\t<style>\/*! elementor - v3.14.0 - 26-06-2023 *\/\n.elementor-widget-text-editor.elementor-drop-cap-view-stacked .elementor-drop-cap{background-color:#69727d;color:#fff}.elementor-widget-text-editor.elementor-drop-cap-view-framed .elementor-drop-cap{color:#69727d;border:3px solid;background-color:transparent}.elementor-widget-text-editor:not(.elementor-drop-cap-view-default) .elementor-drop-cap{margin-top:8px}.elementor-widget-text-editor:not(.elementor-drop-cap-view-default) .elementor-drop-cap-letter{width:1em;height:1em}.elementor-widget-text-editor .elementor-drop-cap{float:left;text-align:center;line-height:1;font-size:50px}.elementor-widget-text-editor .elementor-drop-cap-letter{display:inline-block}<\/style>\t\t\t\t<h4><strong>Le couple de chor\u00e9graphes Sine Qua Non Art \u2013 Christophe B\u00e9ranger et Jonathan Pranlas-Descours &#8211; signe pour <\/strong><strong>la <\/strong><strong>Danza contemporanea de Cuba un <em>Sacre du Printemps<\/em>. Une premi\u00e8re pour l\u2019ile communiste qui a toujours craint le souffre de la contestation de cette \u0153uvre embl\u00e9matique. Rencontre avec le duo rochelais.<\/strong><\/h4><p><strong style=\"font-style: inherit; background-color: var(--ast-global-color-5);\">Vous signez un <em>Sacre du printemps<\/em> pour la <\/strong><strong style=\"font-style: inherit; background-color: var(--ast-global-color-5);\">Danza contemporanea de Cuba. Une \u0153uvre culte mais \u00e9tonnamment jamais jou\u00e9e sur l\u2019\u00eele\u2026<\/strong><\/p><p><strong>Jonathan Pranlas-Descours\u00a0<\/strong>: Effectivement <em>Le Sacre du Printemps<\/em> n\u2019a \u00e9t\u00e9 dans\u00e9 qu\u2019une seule fois dans les ann\u00e9es 80-90 par la compagnie de <strong>Maurice B\u00e9jart<\/strong> mais jamais jou\u00e9 en tant qu\u2019\u0153uvre musicale. Au tout d\u00e9but du r\u00e9gime castriste elle a \u00e9t\u00e9 interdite car jug\u00e9e trop licencieuse. Cette censure n\u2019a cependant pas emp\u00each\u00e9 un des plus grands \u00e9crivains cubains &#8211; <strong>Alejo Carpentier<\/strong>, une des rares personnes qui a eu une double nationalit\u00e9 sur l\u2019\u00eele, en l\u2019occurrence franco-cubaine &#8211; de s\u2019inspirer du <em>Sacre<\/em> pour \u00e9crire un roman, aujourd\u2019hui vrai classique\u00a0: \u00a0<em>La Consagraci\u00f3n de la Primavera<\/em> vaste fresque historique, id\u00e9ologique et humaine et v\u00e9ritable somme des engagements, de l\u2019humanisme horrifi\u00e9 par les pr\u00e9jug\u00e9s sociaux et raciaux, des identit\u00e9s europ\u00e9ennes et latino-am\u00e9ricaine de l\u2019auteur.<\/p><p><strong>Christophe B\u00e9ranger\u00a0<\/strong>: Alejo Carpentier \u00e9tait tr\u00e8s ami avec <strong>Igor Stravinski<\/strong>. En visitant la Maison Alejo Carpentier, \u00e0 la Havane, Jonathan a d\u00e9couvert que ce musicien a fait 2-3 voyages \u00e0 Cuba et que la musique de cette \u00eele l\u2019a fortement influenc\u00e9e dans la composition de son <em>Sacre<\/em>. On peut m\u00eame y entendre un instrument cubain dans le <em>Cort\u00e8ge du Sage<\/em>. Au moment o\u00f9 nous avons fait ce choix, nous tombions en amour avec la danse afro-cubaine qui est un mode d\u2019\u00e9chauffement de cette compagnie de danse contemporaine. L\u2019id\u00e9e de travailler autour de cette danse sp\u00e9cifique et de la confronter au <em>Sacre<\/em> s\u2019est alors impos\u00e9e comme une \u00e9vidence.<\/p><p><strong>Et pourquoi l\u2019\u0153uvre est aujourd\u2019hui diffus\u00e9e dans les th\u00e9\u00e2tres cubains\u00a0?<\/strong><\/p><p><strong>Christophe<\/strong>\u00a0: Myst\u00e8re\u00a0! Comme vous le savez le r\u00e9gime a commenc\u00e9 \u00e0 s\u2019assouplir et puis je pense qu\u2019<strong>Alicia Alonso <\/strong>a beaucoup \u0153uvr\u00e9 pour cela. La prima ballerina assoluta, d\u00e9c\u00e9d\u00e9e r\u00e9cemment <em>(NDLR\u00a0: le 17 octobre 2019)<\/em> a \u00e9norm\u00e9ment fait bouger les lignes. Nous savons tous qu\u2019elle \u00e9tait tr\u00e8s proche du parti mais aussi qu\u2019elle a permit que l\u2019\u00e9mancipation se fasse \u00e0 travers les arts. Elle \u00e9tait une grande amie de B\u00e9jart. Gr\u00e2ce \u00e0 elle, sa compagnie a jou\u00e9 sur l\u2019\u00eele mais, malgr\u00e9 tout le pouvoir qu\u2019elle avait, elle n\u2019a pas r\u00e9ussi \u00e0 faire danser le <em>Sacre<\/em> aux compagnies cubaines. Vous ne pouvez pas imaginer la joie de la Danza quand nous leur avons annonc\u00e9 que leur compagnie serait la premi\u00e8re \u00e0 danser un <em>Sacre<\/em> cubain\u2026<\/p><p><strong>Depuis 1913, ann\u00e9e de la cr\u00e9ation du <em>Sacre<\/em> originel, des centaines de versions ont \u00e9t\u00e9 propos\u00e9es au public. Quelle est la sp\u00e9cificit\u00e9 du votre ?<\/strong><\/p><p><strong>Jonathan<\/strong>\u00a0: Il n\u2019y a pas un ou une \u00e9lu-e\u00a0: toute la troupe est \u00e9lue. Face au niveau incroyablement \u00e9lev\u00e9 des 25 interpr\u00e8tes de la pi\u00e8ce (sur les 47 artistes que compte la compagnie), nous avons \u00e9t\u00e9 incapables de choisir un seul \u00e9lu. Ils sont 25, tout simplement car c\u2019est la configuration de la compagnie quand elle part en tourn\u00e9e.<\/p><p><strong>Christophe\u00a0<\/strong>: Moi qui est \u00e9volu\u00e9 dans plusieurs corps de ballet en France, je peux affirmer qu\u2019il y a toujours un noyau dur, \u00e0 la technique plus avanc\u00e9e mais, eux, les Cubains, ont fait montre d\u2019une homog\u00e9n\u00e9it\u00e9 incroyable dans leur niveau. Nous avons donc con\u00e7u \u00e0 chacun un solo.<\/p><p><strong>Jonathan<\/strong>\u00a0: Ce qui est assez dr\u00f4le in fine avec cette id\u00e9e que toute la troupe soit l\u2019\u00c9lu-e\u00a0c\u2019est que l\u2019humain fasse sa part de sacrifice pour le bien de la communaut\u00e9, pour un bien commun. Du coup c\u2019est tr\u00e8s communiste dans le concept \u2026<\/p><p><a href=\"https:\/\/www.sinequanonart.com\/shows\/consagracion-13\/\"><strong><em>CONSAGRACI\u00d3N<\/em><\/strong><\/a><strong><em>\u00a0<\/em><\/strong><strong>ne pr\u00e9sente donc pas d\u2019ensemble\u00a0?<\/strong><\/p><p><strong style=\"font-style: inherit; background-color: var(--ast-global-color-5);\">Jonathan<\/strong><span style=\"font-style: inherit; font-weight: inherit; background-color: var(--ast-global-color-5);\">\u00a0: Si en fait, il n\u2019y a que des ensembles. Les interpr\u00e8tes dansent \u00e0 deux reprises leur solo \u00a0sans que le spectateur s\u2019aper\u00e7oive que c\u2019en est un. \u00c0 la fin du sacrifice, les solos sont redonn\u00e9s \u00e0 voir\u2026 mais tous d\u00e9form\u00e9s. La danse afro-cubaine, est, elle aussi, d\u00e9form\u00e9e. Nous avons demand\u00e9 aux danseurs de nous d\u2019\u00e9crire 2-3 modules afro-cubains que nous avons retravaill\u00e9 en les ralentissant.<\/span><\/p><p><strong style=\"font-style: inherit; background-color: var(--ast-global-color-5);\">Vous \u00eates familiers de travaux de commandes pour des compagnies \u00e9trang\u00e8res de renom. Comment avez-vous approch\u00e9 la Danza\u00a0?<\/strong><\/p><p><strong style=\"font-style: inherit; background-color: var(--ast-global-color-5);\">Christophe<\/strong><span style=\"font-style: inherit; font-weight: inherit; background-color: var(--ast-global-color-5);\">\u00a0: Jonathan a toujours adress\u00e9 des mails de pr\u00e9sentation de SQNA et de sollicitation aux compagnies \u00e9trang\u00e8res. Partout o\u00f9 nous passons \u00e0 l\u2019\u00e9tranger nous souhaitons rencontrer les artistes, les chor\u00e9graphes.<\/span><\/p><p><strong>Jonathan<\/strong>\u00a0: Apr\u00e8s avoir travaill\u00e9 avec la Compa\u00f1\u00eda\u00a0<strong>Rosario C\u00e1rdenas\u00a0<\/strong>de La Havane &#8211; pr\u00e9sent\u00e9e par <strong>Edouard Mornaud &#8211;<\/strong> avec qui nous avions travaill\u00e9 15 jours et donn\u00e9 une d\u00e9ambulation \u00e0 l\u2019Alliance fran\u00e7aise, nous souhaitions, forts de cette belle exp\u00e9rience, \u00a0travailler avec la Danza. L\u00e0 encore Edouard a fait le lien.<\/p><p><strong>Qu\u2019est-ce qui vous pla\u00eet tant dans ces collaborations\u00a0?<\/strong><\/p><p><strong>Jonathan<\/strong>\u00a0: La rencontre\u00a0! D\u2019\u00eatre aussi au croisement du travail social, artistique et politique. Je repense \u00e0 notre collaboration avec le Ballet national du Kosovo. Quand le ballet a jou\u00e9 <em>Recomposed<\/em>, en juin 2018, \u00e0 Paris, le public fran\u00e7ais s\u2019est rendu compte de la r\u00e9alit\u00e9 de ce jeune pays. Pays qui fut longtemps en exil, pays qui a ensuite vu le retour de ces habitants, ex-r\u00e9fugi\u00e9s malmen\u00e9s. Forc\u00e9ment l\u2019histoire de ce pays nous pose question. <em>Recomposed <\/em>\u00e9mane de notre d\u00e9couverte de ce pays, de nos \u00e9changes avec les danseurs, de nos r\u00e9flexions sur l\u2019actuelle politique du pays. L\u2019esth\u00e9tique te met en perspective sur des valeurs politiques. Valeurs que nous sommes oblig\u00e9s de comprendre, d\u2019\u00e9couter, d\u2019appr\u00e9hender. C\u2019est \u00e7a qui est int\u00e9ressant car on doit s\u2019impr\u00e9gner de la culture et la respecter.<\/p><p><strong>Christophe<\/strong>\u00a0: Pour le Kosovo, nous avions demand\u00e9 aux danseurs de la troupe de mettre des jupes. C\u2019\u00e9tait inconcevable au premier abord pour eux, issus d\u2019une soci\u00e9t\u00e9 ultra-machiste. Nous y sommes parvenus car je pense que quand on arrive dans les studios des compagnies \u00e9trang\u00e8res, nous n\u2019avons pas la posture de chor\u00e9graphes-d\u00e9miurges, s\u00fbrs de ce que leur talent va imposer aux artistes \u2026 qui n\u2019auront d\u2019autre choix que de s\u2019adapter. On doit s\u2019impr\u00e9gner du contexte et distiller des choses. Nous sommes pour les m\u00e9decines douces plut\u00f4t que le scud antibiotique.\u00a0<span style=\"font-style: inherit; font-weight: inherit; background-color: var(--ast-global-color-5);\">\u00c0 Cuba, nous avons \u00e9t\u00e9 tr\u00e8s surpris que la question du genre que nous abordons de front dans la pi\u00e8ce ne soit pas discut\u00e9e. Par contre, il a \u00e9t\u00e9 compliqu\u00e9 de jouer avec le vocabulaire de la danse afro-cubaine. Certains mouvements sont attribu\u00e9s exclusivement aux femmes ou aux hommes. Nous souhaitions que les hommes ex\u00e9cutent un mouvement f\u00e9minin \u2026 \u00c7a a coinc\u00e9 mais \u00e0 force de dialogue, nous avons d\u00e9gripp\u00e9 tout cela et depuis les danseurs s\u2019\u00e9clatent \u00e0 danser cette partie de <\/span><a style=\"font-style: inherit; font-weight: inherit;\" href=\"https:\/\/www.sinequanonart.com\/shows\/consagracion-13\/\"><em>CONSAGRACI\u00d3N<\/em><\/a><em style=\"font-weight: inherit; background-color: var(--ast-global-color-5);\">.\u00a0<\/em><\/p><p><strong>Quel souvenir gardez-vous de votre passage \u00e0 Cuba\u00a0?<\/strong><\/p><p><strong>Jonathan<\/strong>\u00a0: C\u2019est incontestablement le plus beau projet que nous ayons fait. Travailler sur la musique du <em>Sacre,<\/em> c\u2019est tellement incroyable\u00a0! Et encore plus \u00e0 Cuba, dans ces studios entour\u00e9s de palmiers, avec des danseurs ultra motiv\u00e9s, c\u2019\u00e9tait un vrai plaisir. Nous \u00e9tions loin de tout notamment d\u2019Internet donc tr\u00e8s concentr\u00e9s. Les danseurs, eux, \u00e9taient tr\u00e8s curieux. L\u00e0 encore sans doute car loin d\u2019Internet donc du monde. C\u2019est l\u2019endroit id\u00e9al pour cr\u00e9er car rien ne vient interf\u00e9rer \u00e0 la concentration.<\/p><p><strong>Aimeriez-vous aujourd\u2019hui cr\u00e9er pour les grandes troupes fran\u00e7aises\u00a0 ou europ\u00e9ennes ?<\/strong><\/p><p><strong style=\"font-style: inherit; background-color: var(--ast-global-color-5);\">Christophe<\/strong><span style=\"font-style: inherit; font-weight: inherit; background-color: var(--ast-global-color-5);\">\u00a0: Bien s\u00fbr \u2026 mais il nous est tr\u00e8s compliqu\u00e9 de signer des travaux de commandes pour ce genre de compagnies. Elles exigent un style, une \u00e9tiquette \u00ab\u00a0danse isra\u00e9lienne\u00a0\u00bb, \u00ab\u00a0danse flamande\u00a0\u00bb ou autre \u2026 Quelque chose qui \u00e9vite la prise de risque et qui rassure le public. D\u00e9finitivement nous ne poss\u00e9dons pas d\u2019\u00e9tiquettes et encore moins de recettes. Nous ne sommes jamais l\u00e0 o\u00f9 l\u2019on nous attend. Cela d\u00e9route les programmateurs \u2026 tout en ravissant le public. Nous revenons de Chine o\u00f9 nous avons donn\u00e9 des master-Class chez <\/span><strong style=\"font-style: inherit; background-color: var(--ast-global-color-5);\">Jin Xing<\/strong> <em style=\"font-weight: inherit; background-color: var(--ast-global-color-5);\">(NDLR\u00a0: Tour \u00e0 tour colonel et danseur \u00e9toile dans l&rsquo;arm\u00e9e chinoise, puis animatrice de talk shows aux 100 millions de t\u00e9l\u00e9spectateurs,\u00a0elle est la chor\u00e9graphe chinoise la plus connue au monde).<\/em><span style=\"font-style: inherit; font-weight: inherit; background-color: var(--ast-global-color-5);\"> Notre travail autour de la d\u00e9construction du langage classique lui a plu et nous allons cr\u00e9er un ballet pour sa compagnie dans les mois \u00e0 venir. Tout s\u2019est d\u00e9roul\u00e9 naturellement avec elle \u2026 En France cela aurait \u00e9t\u00e9 tellement plus complexe.<\/span><\/p><p><strong>Jonathan<\/strong>\u00a0: Le fait d\u2019\u00eatre un duo de chor\u00e9graphes ne nous aide pas vraiment aux yeux des directeurs de compagnies, je crois. Pourtant, notre fa\u00e7on de travailler est tr\u00e8s efficace. Christophe a une connaissance parfaite de la danse classique, sa technique, son histoire, etc. Moi, de par ma formation \u00e0 P.A.R.T.S chez <strong>De Keersmaeker<\/strong>, je compose l\u2019espace tr\u00e8s facilement. J\u2019arrive \u00e0 traduire aussi beaucoup d\u2019id\u00e9es de Christophe\u2026 Travailler seul face \u00e0 une troupe \u00e9puise \u00e9norm\u00e9ment. Or nous, nous avons cette force d\u2019avoir &#8211; pour le coup &#8211; \u00a0une recette tr\u00e8s pragmatique de travail au plateau. Pour les filages, chacun regarde un point particulier.<\/p><p><strong style=\"font-style: inherit; background-color: var(--ast-global-color-5);\">Christophe<\/strong><span style=\"font-style: inherit; font-weight: inherit; background-color: var(--ast-global-color-5);\">\u00a0: Moi je suis certain d\u2019avoir encore plein de Sacre en t\u00eate pour les compagnies fran\u00e7aises que sont celles de Marseille, de l\u2019Op\u00e9ra de Paris, du Rhin ou de Lorraine\u2026 et je vous promets qu\u2019ils seront \u00e0 mille lieux de <\/span><a style=\"font-style: inherit; font-weight: inherit;\" href=\"https:\/\/www.sinequanonart.com\/shows\/consagracion-13\/\"><em>CONSAGRACI\u00d3N<\/em><\/a><em style=\"font-weight: inherit; background-color: var(--ast-global-color-5);\">\u00a0<\/em><\/p><p><strong>Propos recueillis par C\u00e9dric Chaory.<\/strong><\/p><p><strong style=\"font-style: inherit; background-color: var(--ast-global-color-5);\">INFORMATIONS PRATIQUES\u00a0<\/strong><span style=\"font-style: inherit; font-weight: inherit; background-color: var(--ast-global-color-5);\">: <\/span><a style=\"font-style: inherit; font-weight: inherit;\" href=\"https:\/\/www.sinequanonart.com\/\">https:\/\/www.sinequanonart.com\/<\/a><\/p><p><span style=\"font-style: inherit; font-weight: inherit; background-color: var(--ast-global-color-5);\">\u00a9Joerg Letz<\/span><\/p>\t\t\t\t\t\t<\/div>\n\t\t\t\t<\/div>\n\t\t\t\t\t<\/div>\n\t\t<\/div>\n\t\t\t\t\t\t\t<\/div>\n\t\t<\/section>\n\t\t\t\t\t\t\t<\/div>\n\t\t","protected":false},"excerpt":{"rendered":"<p>Le couple de chor\u00e9graphes Sine Qua Non Art \u2013 Christophe B\u00e9ranger et Jonathan Pranlas-Descours &#8211; signe pour la Danza contemporanea de Cuba un Sacre du Printemps. Une premi\u00e8re pour l\u2019ile communiste qui a toujours craint le souffre de la contestation de cette \u0153uvre embl\u00e9matique. Rencontre avec le duo rochelais. Vous signez un Sacre du printemps &hellip;<\/p>\n<p class=\"read-more\"> <a class=\"\" href=\"https:\/\/umoove.art\/index.php\/2022\/12\/13\/chr\/\"> <span class=\"screen-reader-text\">Christophe B\u00e9ranger et Jonathan Pranlas-Descours<\/span> Lire la suite\u00a0\u00bb<\/a><\/p>\n","protected":false},"author":1,"featured_media":0,"comment_status":"closed","ping_status":"closed","sticky":false,"template":"","format":"standard","meta":{"site-sidebar-layout":"default","site-content-layout":"default","ast-global-header-display":"","ast-banner-title-visibility":"","ast-main-header-display":"","ast-hfb-above-header-display":"","ast-hfb-below-header-display":"","ast-hfb-mobile-header-display":"","site-post-title":"","ast-breadcrumbs-content":"","ast-featured-img":"","footer-sml-layout":"","theme-transparent-header-meta":"","adv-header-id-meta":"","stick-header-meta":"","header-above-stick-meta":"","header-main-stick-meta":"","header-below-stick-meta":"","footnotes":""},"categories":[9],"tags":[],"class_list":["post-2755","post","type-post","status-publish","format-standard","hentry","category-interview-interview"],"aioseo_notices":[],"_links":{"self":[{"href":"https:\/\/umoove.art\/index.php\/wp-json\/wp\/v2\/posts\/2755","targetHints":{"allow":["GET"]}}],"collection":[{"href":"https:\/\/umoove.art\/index.php\/wp-json\/wp\/v2\/posts"}],"about":[{"href":"https:\/\/umoove.art\/index.php\/wp-json\/wp\/v2\/types\/post"}],"author":[{"embeddable":true,"href":"https:\/\/umoove.art\/index.php\/wp-json\/wp\/v2\/users\/1"}],"replies":[{"embeddable":true,"href":"https:\/\/umoove.art\/index.php\/wp-json\/wp\/v2\/comments?post=2755"}],"version-history":[{"count":4,"href":"https:\/\/umoove.art\/index.php\/wp-json\/wp\/v2\/posts\/2755\/revisions"}],"predecessor-version":[{"id":2762,"href":"https:\/\/umoove.art\/index.php\/wp-json\/wp\/v2\/posts\/2755\/revisions\/2762"}],"wp:attachment":[{"href":"https:\/\/umoove.art\/index.php\/wp-json\/wp\/v2\/media?parent=2755"}],"wp:term":[{"taxonomy":"category","embeddable":true,"href":"https:\/\/umoove.art\/index.php\/wp-json\/wp\/v2\/categories?post=2755"},{"taxonomy":"post_tag","embeddable":true,"href":"https:\/\/umoove.art\/index.php\/wp-json\/wp\/v2\/tags?post=2755"}],"curies":[{"name":"wp","href":"https:\/\/api.w.org\/{rel}","templated":true}]}}