{"id":2747,"date":"2022-12-13T13:40:44","date_gmt":"2022-12-13T12:40:44","guid":{"rendered":"http:\/\/umoove.art\/?p=2747"},"modified":"2022-12-13T13:46:49","modified_gmt":"2022-12-13T12:46:49","slug":"lisa","status":"publish","type":"post","link":"https:\/\/umoove.art\/index.php\/2022\/12\/13\/lisa\/","title":{"rendered":"Stephan Lauret et Lise Saladain"},"content":{"rendered":"\t\t<div data-elementor-type=\"wp-post\" data-elementor-id=\"2747\" class=\"elementor elementor-2747\" data-elementor-post-type=\"post\">\n\t\t\t\t\t\t\t\t\t<section class=\"elementor-section elementor-top-section elementor-element elementor-element-5a7bde0 elementor-section-boxed elementor-section-height-default elementor-section-height-default\" data-id=\"5a7bde0\" data-element_type=\"section\">\n\t\t\t\t\t\t<div class=\"elementor-container elementor-column-gap-default\">\n\t\t\t\t\t<div class=\"elementor-column elementor-col-100 elementor-top-column elementor-element elementor-element-549d043\" data-id=\"549d043\" data-element_type=\"column\">\n\t\t\t<div class=\"elementor-widget-wrap elementor-element-populated\">\n\t\t\t\t\t\t\t\t<div class=\"elementor-element elementor-element-92bb3a8 elementor-widget elementor-widget-image\" data-id=\"92bb3a8\" data-element_type=\"widget\" data-widget_type=\"image.default\">\n\t\t\t\t<div class=\"elementor-widget-container\">\n\t\t\t<style>\/*! elementor - v3.14.0 - 26-06-2023 *\/\n.elementor-widget-image{text-align:center}.elementor-widget-image a{display:inline-block}.elementor-widget-image a img[src$=\".svg\"]{width:48px}.elementor-widget-image img{vertical-align:middle;display:inline-block}<\/style>\t\t\t\t\t\t\t\t\t\t\t\t<img loading=\"lazy\" decoding=\"async\" width=\"768\" height=\"614\" src=\"https:\/\/umoove.art\/wp-content\/uploads\/2022\/12\/Songook-Yaakaar-Germaine-Acogny-86-1-768x614.png\" class=\"attachment-medium_large size-medium_large wp-image-2679\" alt=\"\" srcset=\"https:\/\/umoove.art\/wp-content\/uploads\/2022\/12\/Songook-Yaakaar-Germaine-Acogny-86-1-768x614.png 768w, https:\/\/umoove.art\/wp-content\/uploads\/2022\/12\/Songook-Yaakaar-Germaine-Acogny-86-1-300x240.png 300w, https:\/\/umoove.art\/wp-content\/uploads\/2022\/12\/Songook-Yaakaar-Germaine-Acogny-86-1-1024x819.png 1024w, https:\/\/umoove.art\/wp-content\/uploads\/2022\/12\/Songook-Yaakaar-Germaine-Acogny-86-1-1536x1229.png 1536w, https:\/\/umoove.art\/wp-content\/uploads\/2022\/12\/Songook-Yaakaar-Germaine-Acogny-86-1.png 2000w\" sizes=\"auto, (max-width: 768px) 100vw, 768px\" \/>\t\t\t\t\t\t\t\t\t\t\t\t\t\t\t<\/div>\n\t\t\t\t<\/div>\n\t\t\t\t\t<\/div>\n\t\t<\/div>\n\t\t\t\t\t\t\t<\/div>\n\t\t<\/section>\n\t\t\t\t<section class=\"elementor-section elementor-top-section elementor-element elementor-element-89172d8 elementor-section-boxed elementor-section-height-default elementor-section-height-default\" data-id=\"89172d8\" data-element_type=\"section\">\n\t\t\t\t\t\t<div class=\"elementor-container elementor-column-gap-default\">\n\t\t\t\t\t<div class=\"elementor-column elementor-col-100 elementor-top-column elementor-element elementor-element-324897f\" data-id=\"324897f\" data-element_type=\"column\">\n\t\t\t<div class=\"elementor-widget-wrap elementor-element-populated\">\n\t\t\t\t\t\t\t\t<div class=\"elementor-element elementor-element-310a264 elementor-widget elementor-widget-heading\" data-id=\"310a264\" data-element_type=\"widget\" data-widget_type=\"heading.default\">\n\t\t\t\t<div class=\"elementor-widget-container\">\n\t\t\t<style>\/*! elementor - v3.14.0 - 26-06-2023 *\/\n.elementor-heading-title{padding:0;margin:0;line-height:1}.elementor-widget-heading .elementor-heading-title[class*=elementor-size-]>a{color:inherit;font-size:inherit;line-height:inherit}.elementor-widget-heading .elementor-heading-title.elementor-size-small{font-size:15px}.elementor-widget-heading .elementor-heading-title.elementor-size-medium{font-size:19px}.elementor-widget-heading .elementor-heading-title.elementor-size-large{font-size:29px}.elementor-widget-heading .elementor-heading-title.elementor-size-xl{font-size:39px}.elementor-widget-heading .elementor-heading-title.elementor-size-xxl{font-size:59px}<\/style><h2 class=\"elementor-heading-title elementor-size-default\">Bordeaux et La Rochelle, un duo de danse<\/h2>\t\t<\/div>\n\t\t\t\t<\/div>\n\t\t\t\t\t<\/div>\n\t\t<\/div>\n\t\t\t\t\t\t\t<\/div>\n\t\t<\/section>\n\t\t\t\t<section class=\"elementor-section elementor-top-section elementor-element elementor-element-3f8eb7c elementor-section-boxed elementor-section-height-default elementor-section-height-default\" data-id=\"3f8eb7c\" data-element_type=\"section\">\n\t\t\t\t\t\t<div class=\"elementor-container elementor-column-gap-default\">\n\t\t\t\t\t<div class=\"elementor-column elementor-col-100 elementor-top-column elementor-element elementor-element-8463a91\" data-id=\"8463a91\" data-element_type=\"column\">\n\t\t\t<div class=\"elementor-widget-wrap elementor-element-populated\">\n\t\t\t\t\t\t\t\t<div class=\"elementor-element elementor-element-db52a5c elementor-widget elementor-widget-text-editor\" data-id=\"db52a5c\" data-element_type=\"widget\" data-widget_type=\"text-editor.default\">\n\t\t\t\t<div class=\"elementor-widget-container\">\n\t\t\t<style>\/*! elementor - v3.14.0 - 26-06-2023 *\/\n.elementor-widget-text-editor.elementor-drop-cap-view-stacked .elementor-drop-cap{background-color:#69727d;color:#fff}.elementor-widget-text-editor.elementor-drop-cap-view-framed .elementor-drop-cap{color:#69727d;border:3px solid;background-color:transparent}.elementor-widget-text-editor:not(.elementor-drop-cap-view-default) .elementor-drop-cap{margin-top:8px}.elementor-widget-text-editor:not(.elementor-drop-cap-view-default) .elementor-drop-cap-letter{width:1em;height:1em}.elementor-widget-text-editor .elementor-drop-cap{float:left;text-align:center;line-height:1;font-size:50px}.elementor-widget-text-editor .elementor-drop-cap-letter{display:inline-block}<\/style>\t\t\t\t<h4><strong>La Manufacture CDCN pose ses valises \u00e0 La Rochelle et devient le premier des CDCN a poss\u00e9der deux antennes en r\u00e9gion. Une exp\u00e9rimentation salvatrice pour la Nouvelle-Aquitaine immense territoire qui voit souvent les propositions danse se concentrer dans la seuel m\u00e9tropole bordelaise. Rencontre avec la direction du Centre de d\u00e9veloppement chor\u00e9graphique nationale.<\/strong><\/h4><p><strong style=\"font-style: inherit; background-color: var(--ast-global-color-5);\">Pouvez-vous nous en dire plus sur la fusion des \u00c9clats et de La Manufacture CDCN\u00a0?<\/strong><\/p><p><strong style=\"font-style: inherit; background-color: var(--ast-global-color-5);\">Lise Saladain\u00a0(directrice d\u00e9l\u00e9gu\u00e9e du CDCN) <\/strong><span style=\"font-style: inherit; font-weight: inherit; background-color: var(--ast-global-color-5);\">: D\u2019un point de vue juridique, nous parlons d\u2019un transfert partiel d\u2019activit\u00e9s, c\u2019est-\u00e0-dire une reprise de certaines activit\u00e9s des \u00c9clats mais pas toutes. Nous valorisons aujourd\u2019hui les activit\u00e9s rochelaises li\u00e9es aux cahiers des charges des CDCN*. En 2017 d\u00e9j\u00e0, nous avions op\u00e9r\u00e9 une fusion-absorption avec un ancien projet lorsque nous nous sommes<\/span>\u00a0install\u00e9s<span style=\"font-style: inherit; font-weight: inherit; background-color: var(--ast-global-color-5);\"> \u00e0 La Manufacture de chaussures, cela fut un gros travail juridique pour mettre en place<\/span><span style=\"font-style: inherit; font-weight: inherit; background-color: var(--ast-global-color-5);\">\u00a0une nouvelle gouvernance de l\u2019Association Esprit de Corps qui a \u00e9t\u00e9 d\u00e9cid\u00e9e d\u2019un commun accord avec nos tutelles.<\/span><\/p><p><strong>Qui vous a command\u00e9 ce transfert d\u2019activit\u00e9s\u00a0?<\/strong><\/p><p><strong style=\"font-style: inherit; background-color: var(--ast-global-color-5);\">Stephan Lauret\u00a0(directeur du CDCN)<\/strong><span style=\"font-style: inherit; font-weight: inherit; background-color: var(--ast-global-color-5);\"> : Cette demande a \u00e9t\u00e9 formul\u00e9e par la r\u00e9gion Nouvelle-Aquitaine. Les \u00c9clats \u00e9taient financ\u00e9s d\u2019abord par la R\u00e9gion, l\u2019\u00c9tat, <\/span>ainsi que par<span style=\"font-style: inherit; background-color: var(--ast-global-color-5);\"> le d\u00e9partement de la Charente-Maritime et la ville de La Rochelle. <\/span>La <span style=\"font-style: inherit; background-color: var(--ast-global-color-5);\">r\u00e9gion, changeant son r\u00e8glement d\u2019intervention, n\u2019avait plus les cadres adapt\u00e9s pour financer cette structure. Ils se sont donc retourn<\/span>\u00e9s<span style=\"font-style: inherit; background-color: var(--ast-global-color-5);\"> vers elle et le CDCN pour imaginer un nouveau projet. Je pense que les \u00c9clats \u00e9taient arriv\u00e9s \u00e0 une forme d\u2019\u00e9puisement et que les tutelles voulaient renouveler les contenus, les discours, les interlocuteurs. Nous avons donc imagin\u00e9 ce transfert <\/span>partiel d\u2019activit\u00e9s<span style=\"font-style: inherit; background-color: var(--ast-global-color-5);\"> car il nous apparaissait comme le plus pratique. On ne reprenait ni le passif, ni l\u2019actif de l\u2019association des Eclats, qui existe toujours mais est en sommeil. Nous nous sommes donc concentr\u00e9s essentiellement sur le personnel.<\/span> Charlotte Audigier<span style=\"font-style: inherit; background-color: var(--ast-global-color-5);\"> est devenue cheffe de projet \u00e0 la Rochelle de La Manufacture CDCN et <\/span>Cl\u00e9mence Dheilles, <span style=\"font-style: inherit; background-color: var(--ast-global-color-5);\">charg\u00e9e des relations avec les publics, va voir ses comp\u00e9tences se d\u00e9velopper en m\u00e9diation en fonction du renforcement des activit\u00e9s de la Chapelle.\u00a0<\/span><span style=\"font-style: inherit; background-color: var(--ast-global-color-5);\">La ligne artistique est trac\u00e9e par la direction tout en \u00e9tant attentifs des propositions formul\u00e9es par la cheffe de projet de La Rochelle.<\/span><\/p><p><strong>Vous attendiez-vous \u00e0 une telle demande de la R\u00e9gion ?<\/strong><\/p><p><strong style=\"font-style: inherit; background-color: var(--ast-global-color-5);\">Lise<\/strong><span style=\"font-style: inherit; font-weight: inherit; background-color: var(--ast-global-color-5);\">\u00a0: Pas n\u00e9cessairement non car nous menions, \u00e0 ce moment-l\u00e0 et de mani\u00e8re r\u00e9cente, nos propres aventures sur un territoire \u00e0 reconqu\u00e9rir. Lors de cette demande des tutelles, nous \u00e9tions en effet d\u00e9j\u00e0 dans une r\u00e9elle probl\u00e9matique car nous venions de quitter le Cuvier d\u2019Artigues-pr\u00e8s-Bordeaux pour investir la Manufacture de chaussures. Le CDCN voyait <\/span>alors son<span style=\"font-style: inherit; background-color: var(--ast-global-color-5);\"> \u00e9quipe <\/span>renouvel\u00e9e<span style=\"font-style: inherit; background-color: var(--ast-global-color-5);\"> \u00e0 50%. Alors m\u00eame que nous d\u00e9veloppions et rodions notre nouveau projet <\/span>toujours d\u00e9di\u00e9 \u00e0 la production et la diffusion de la danse, et \u00e0 la rencontre entre les \u0153uvres et les publics et personnes mais avec<span style=\"font-style: inherit; background-color: var(--ast-global-color-5);\"> un <\/span>nouvel<span style=\"font-style: inherit; background-color: var(--ast-global-color-5);\"> axe <\/span>de travail li\u00e9<span style=\"font-style: inherit; background-color: var(--ast-global-color-5);\"> aux nouvelles \u00e9critures th\u00e9\u00e2trales et pluridisciplinaires <\/span>et \u00e0 l\u2019animation de la communaut\u00e9 artistique<span style=\"font-style: inherit; background-color: var(--ast-global-color-5);\">, la demande <\/span>d\u2019implication sur le territoire<span style=\"font-style: inherit; background-color: var(--ast-global-color-5);\"> rochelais<\/span><span style=\"font-style: inherit; background-color: var(--ast-global-color-5); text-decoration-line: line-through;\">e<\/span> et nord n\u00e9o-aquitaine<span style=\"font-style: inherit; background-color: var(--ast-global-color-5);\"> est intervenue 2-3 mois plus tard. Il y a donc eu deux <\/span>transformations<span style=\"font-style: inherit; background-color: var(--ast-global-color-5);\"> cons\u00e9cutives pour cr\u00e9er un tout nouveau CDCN en Nouvelle-Aquitaine mais cette demande nous a sembl\u00e9, tr\u00e8s int\u00e9ressante pour la danse avec l\u2019id\u00e9e d\u2019une meilleure circulation de cette discipline en r\u00e9gion, en lui impulsant une nouvelle dimension.<\/span><\/p><p><strong>Concernant la Chapelle, il y a donc un renforcement de la diffusion-production mais quid du festival Les \u00c9clats\u00a0?<\/strong><\/p><p><strong style=\"font-style: inherit; background-color: var(--ast-global-color-5);\">Stephan<\/strong><span style=\"font-style: inherit; font-weight: inherit; background-color: var(--ast-global-color-5);\">\u00a0: Comme nous l\u2019avons dit, la forme juridique nous a invit\u00e9<\/span><strong style=\"font-style: inherit; background-color: var(--ast-global-color-5);\">s<\/strong><span style=\"font-style: inherit; font-weight: inherit; background-color: var(--ast-global-color-5);\"> \u00e0 faire une s\u00e9lection des activit\u00e9s des Eclats, et le festival n\u2019a pas \u00e9t\u00e9 retenu dans le transfert partiel des activit\u00e9s. La question \u00e9tait\u00a0: qu\u2019est-ce qui est efficient ou pas aux \u00c9clats\u00a0?\u00a0et le festival n\u2019est pas apparu aupr\u00e8s des tutelles comme une priorit\u00e9.<\/span><\/p><p><strong>Lise<\/strong>\u00a0: A contrario les Premiers Regards ont \u00e9t\u00e9 conserv\u00e9s. Nous sommes venus avec Stephan assister \u00e0 ces sorties de r\u00e9sidence et y avons observ\u00e9 le vrai int\u00e9r\u00eat du public pour ces moments de partage artistique. Nous avons not\u00e9 cependant que ces moments de r\u00e9sidence n\u2019\u00e9taient pas assez solides pour les chor\u00e9graphes. Le CDCN va donc les renforcer\u00a0avec notamment un accompagnement financier des artistes. Trouver un espace de r\u00e9sidence est aujourd\u2019hui relativement ais\u00e9 pour un chor\u00e9graphe mais un accompagnement financier l\u2019est beaucoup moins. La Chapelle Saint-Vincent proposera d\u00e9sormais des temps de travail de 10 \u00e0 15 jours et non plus une semaine. Les r\u00e9sidences seront \u00e9galement r\u00e9mun\u00e9r\u00e9es. Des co-productions pourront \u00eatre envisag\u00e9es. Il y aura certes moins de premiers regards mais ils seront mieux <span style=\"text-decoration: line-through;\">\u00a0<\/span>accompagn\u00e9s.<\/p><p><strong>Tr\u00e8s bien mais le festival des \u00c9clats rayonnait bien au-del\u00e0 de La Rochelle en insufflant de la danse contemporaine dans tout le Nord de la Nouvelle-Aquitaine\u00a0?<\/strong><\/p><p><strong style=\"font-style: inherit; background-color: var(--ast-global-color-5);\">Lise<\/strong><span style=\"font-style: inherit; font-weight: inherit; background-color: var(--ast-global-color-5);\">\u00a0: Il faut comprendre que notre projet est toujours en cours <\/span>de construction<span style=\"font-style: inherit; background-color: var(--ast-global-color-5);\">. Nous avons commenc\u00e9 \u00e0 rencontrer les partenaires historiques des \u00c9clats, situ\u00e9s essentiellement dans le nord de la Rochelle mais c\u2019est encore en travail\u00a0et cela m\u00e9rite quelques r\u00e9flexions <\/span>et concertations<span style=\"font-style: inherit; background-color: var(--ast-global-color-5);\"> suppl\u00e9mentaires. L\u2019axe premier de notre travail reste le renforcement des r\u00e9sidences \u00e0 la Chapelle. \u00c0 Bordeaux, nous d\u00e9veloppons depuis quelques ann\u00e9es un festival <\/span>de danse d\u00e9di\u00e9 au<span style=\"font-style: inherit; background-color: var(--ast-global-color-5);\"> jeune public intitul\u00e9 <\/span><em>POUCE\u00a0!<\/em><span style=\"font-style: inherit; background-color: var(--ast-global-color-5);\"> et qui rayonne dans <\/span>la m\u00e9tropole bordelaise<span style=\"font-style: inherit; background-color: var(--ast-global-color-5);\">. Quelques propositions \u00a0viendront aussi sur La Rochelle et alentours. Je pense notamment \u00e0 <\/span><em style=\"font-weight: inherit; background-color: var(--ast-global-color-5);\">Blablaba <\/em><span style=\"font-style: inherit; background-color: var(--ast-global-color-5);\">d\u2019<\/span>Emmanuelle Lafon <span style=\"font-style: inherit; background-color: var(--ast-global-color-5);\">programm\u00e9 au Carr\u00e9 Amelot, avec qui nous nous sommes entendus esth\u00e9tiquement et artistiquement sur cette proposition<\/span>,<span style=\"font-style: inherit; background-color: var(--ast-global-color-5);\"> et \u00e0 <\/span><em style=\"font-weight: inherit; background-color: var(--ast-global-color-5);\">La serpilli\u00e8re de Mr Mutt<\/em><span style=\"font-style: inherit; background-color: var(--ast-global-color-5);\"> de <\/span>Marc Lacourt<span style=\"font-style: inherit; background-color: var(--ast-global-color-5);\"> qui lui sera diffus\u00e9 \u00e0 la Salle de spectacle de l\u2019Arsenal au Ch\u00e2teau d\u2019Ol\u00e9ron et \u00e0 la Chapelle Saint-Vincent.<\/span><\/p><p><strong style=\"font-style: inherit; background-color: var(--ast-global-color-5);\">Allez-vous poursuivre la collaboration avec le CCN de Kader Attou\u00a0?<\/strong><\/p><p><strong>Lise<\/strong>\u00a0: Bien s\u00fbr. La chapelle a toujours collabor\u00e9 avec le CCN de La Rochelle et cette histoire va perdurer. Nous avons \u00e9chang\u00e9 avec Kader Attou et avons d\u00e9cid\u00e9 dans le cadre de notre collaboration de soutenir leur artiste compagnonne : Nach. Cette artiste sera accueillie \u00e0 la chapelle Saint-Vincent \u00e0 La Rochelle le 10 mars avec une performance in\u00e9dite, <em>Nulle part est un endroit,<\/em> et \u00e0 Bordeaux le 24 mars avec sa cr\u00e9ation <em>Beloved shadws<\/em> d\u00e9voil\u00e9e \u00e0 la Chapelle Fromentin en novembre prochain. D\u2019ailleurs nous suivons Nach depuis pas mal d\u2019ann\u00e9es puisque nous l\u2019avions rep\u00e9r\u00e9e d\u00e8s 2012 en tant qu\u2019interpr\u00e8te chez Heddy Maalem dans <em>l\u2019\u00c9loge du puissant royaume<\/em>.<\/p><p><strong>Votre saison rochelaise s\u2019ouvre d\u00e8s le 2 octobre avec une double programmation. Pouvez-vous nous la pr\u00e9senter\u00a0?<\/strong><\/p><p><strong style=\"font-style: inherit; background-color: var(--ast-global-color-5);\">Stephan\u00a0:<\/strong> <span style=\"font-style: inherit; font-weight: inherit; background-color: var(--ast-global-color-5);\">Ce sont des formats particuliers qui seront propos\u00e9s car la Chapelle n\u2019est pas un espace de diffusion \u00e0 proprement parler donc nous avons pens\u00e9 \u00e0 ces deux pi\u00e8ces des artistes <\/span>Claudia Catarzi<span style=\"font-style: inherit; font-weight: inherit; background-color: var(--ast-global-color-5);\"> et <\/span>Marcela Santander Corvalan<span style=\"font-style: inherit; font-weight: inherit; background-color: var(--ast-global-color-5);\">. Elles seront sur\u00e9lev\u00e9es sur des plateformes et nous inviterons le public \u00e0 une forme d\u2019itin\u00e9rance. Nous voulions marquer notre arriv\u00e9e par un geste fort, signifiant et c\u2019est le cas avec <\/span>Claudia <span style=\"font-style: inherit; font-weight: inherit; background-color: var(--ast-global-color-5);\">et <\/span>Marcela, d<span style=\"font-style: inherit; font-weight: inherit; background-color: var(--ast-global-color-5);\">eux fortes personnalit\u00e9s aux gestes tr\u00e8s pr\u00e9cis et pr\u00e9sents.\u00a0 Nous sommes l\u00e0 dans une autre nature de programmation qui illustre parfaitement notre prise d\u2019exposition esth\u00e9tique.<\/span><\/p><p><strong style=\"font-style: inherit; background-color: var(--ast-global-color-5);\">Lise\u00a0: <\/strong><span style=\"font-style: inherit; background-color: var(--ast-global-color-5);\">L\u2019espace de diffusion \u00e0 La Chapelle pose question car comme le dit Stephan ce lieu n\u2019est pas propice \u00e0 la programmation de spectacle<\/span>s<span style=\"font-style: inherit; background-color: var(--ast-global-color-5);\"> mais cependant nous ne souhaitons pas pr\u00e9senter au public que des Premiers Regards, des <\/span><em style=\"font-weight: inherit; background-color: var(--ast-global-color-5);\">work in progress<\/em><span style=\"font-style: inherit; background-color: var(--ast-global-color-5);\"> car la danse contemporaine n\u2019est pas qu\u2019\u00e9tat de recherche. Le public a besoin de voir une pi\u00e8ce <\/span>dans son int\u00e9gralit\u00e9<span style=\"font-style: inherit; background-color: var(--ast-global-color-5);\">, l\u2019\u0153uvre <\/span>achev\u00e9e<span style=\"font-style: inherit; background-color: var(--ast-global-color-5);\">. Aussi, il y aura dans la saison 4 ou 5 \u0153uvres pi\u00e8ces programm\u00e9es dans la Chapelle. Concernant celles du 2 octobre, <\/span><em style=\"font-weight: inherit; background-color: var(--ast-global-color-5);\">40 000 cm2<\/em><span style=\"font-style: inherit; background-color: var(--ast-global-color-5);\">, qui a lanc\u00e9 Claudia, est un petit bijou de danse contemporaine et <\/span><em style=\"font-weight: inherit; background-color: var(--ast-global-color-5);\">Disparue<\/em><span style=\"font-style: inherit; background-color: var(--ast-global-color-5);\"> de Marcel<\/span><span style=\"font-style: inherit; background-color: var(--ast-global-color-5); text-decoration-line: line-through;\">l<\/span><span style=\"font-style: inherit; background-color: var(--ast-global-color-5);\">a travaille de mani\u00e8re tr\u00e8s marquante et avec une puissante adresse au public sur la <\/span>th\u00e9matique de la<span style=\"font-style: inherit; background-color: var(--ast-global-color-5);\"> position accroupie.<\/span><\/p><p><strong>Un dernier mot sur le travail de m\u00e9diation \u00e0 La Rochelle\u00a0?<\/strong><\/p><p><strong style=\"font-style: inherit; background-color: var(--ast-global-color-5);\">Lise\u00a0<\/strong><span style=\"font-style: inherit; font-weight: inherit; background-color: var(--ast-global-color-5);\">: Cette question est tr\u00e8s importante et sera d\u00e9velopp\u00e9e sur le territoire de la Charente-Maritime. Nous avons imagin\u00e9 tout un travail de formation des artistes, des interpr\u00e8tes, des professionnels de la culture via des Master-class. Sur les 13 propos\u00e9es par le CDCN, 2 se d\u00e9rouleront cette ann\u00e9e \u00e0 La Rochelle notamment avec Claudia Catarzi e<strong>t <\/strong><\/span><strong style=\"font-style: inherit; background-color: var(--ast-global-color-5);\">La Tierce<\/strong><span style=\"font-style: inherit; font-weight: inherit; background-color: var(--ast-global-color-5);\"><strong>.<\/strong>\u00a0<\/span>Nous allons \u00e9galement diffuser sur ce territoire notre savoir-faire en mati\u00e8re de m\u00e9diation, d\u2019\u00e9ducation artistique et culturelle et de production de ressources. Dans un premier temps en mettant \u00e0 disposition nos outils ressources et en d\u00e9veloppant, si les conditions pratiques sont r\u00e9unies, de plus en plus d\u2019actions en direction des publics et des personnes. <span style=\"font-style: inherit; font-weight: inherit; background-color: var(--ast-global-color-5);\">\u00a0<\/span><\/p><p><strong>Propos recueillis par C\u00e9dric Chaory<\/strong><\/p><p><strong>\u00a0<\/strong><\/p><p><strong>*Centre de d\u00e9veloppement chor\u00e9graphique national<\/strong><\/p><p><strong>\u00a0<\/strong><\/p><p><strong>INFORMATIONS PRATIQUES\u00a0: <\/strong><a href=\"https:\/\/www.lamanufacture-cdcn.org\/\">https:\/\/www.lamanufacture-cdcn.org\/<\/a><\/p><p><strong>\u00a9Madeleine Lemaire<\/strong><\/p>\t\t\t\t\t\t<\/div>\n\t\t\t\t<\/div>\n\t\t\t\t\t<\/div>\n\t\t<\/div>\n\t\t\t\t\t\t\t<\/div>\n\t\t<\/section>\n\t\t\t\t\t\t\t<\/div>\n\t\t","protected":false},"excerpt":{"rendered":"<p>Bordeaux et La Rochelle, un duo de danse La Manufacture CDCN pose ses valises \u00e0 La Rochelle et devient le premier des CDCN a poss\u00e9der deux antennes en r\u00e9gion. Une exp\u00e9rimentation salvatrice pour la Nouvelle-Aquitaine immense territoire qui voit souvent les propositions danse se concentrer dans la seuel m\u00e9tropole bordelaise. Rencontre avec la direction du &hellip;<\/p>\n<p class=\"read-more\"> <a class=\"\" href=\"https:\/\/umoove.art\/index.php\/2022\/12\/13\/lisa\/\"> <span class=\"screen-reader-text\">Stephan Lauret et Lise Saladain<\/span> Lire la suite\u00a0\u00bb<\/a><\/p>\n","protected":false},"author":1,"featured_media":0,"comment_status":"closed","ping_status":"closed","sticky":false,"template":"","format":"standard","meta":{"site-sidebar-layout":"default","site-content-layout":"default","ast-global-header-display":"","ast-banner-title-visibility":"","ast-main-header-display":"","ast-hfb-above-header-display":"","ast-hfb-below-header-display":"","ast-hfb-mobile-header-display":"","site-post-title":"","ast-breadcrumbs-content":"","ast-featured-img":"","footer-sml-layout":"","theme-transparent-header-meta":"","adv-header-id-meta":"","stick-header-meta":"","header-above-stick-meta":"","header-main-stick-meta":"","header-below-stick-meta":"","footnotes":""},"categories":[9],"tags":[],"class_list":["post-2747","post","type-post","status-publish","format-standard","hentry","category-interview-interview"],"aioseo_notices":[],"_links":{"self":[{"href":"https:\/\/umoove.art\/index.php\/wp-json\/wp\/v2\/posts\/2747","targetHints":{"allow":["GET"]}}],"collection":[{"href":"https:\/\/umoove.art\/index.php\/wp-json\/wp\/v2\/posts"}],"about":[{"href":"https:\/\/umoove.art\/index.php\/wp-json\/wp\/v2\/types\/post"}],"author":[{"embeddable":true,"href":"https:\/\/umoove.art\/index.php\/wp-json\/wp\/v2\/users\/1"}],"replies":[{"embeddable":true,"href":"https:\/\/umoove.art\/index.php\/wp-json\/wp\/v2\/comments?post=2747"}],"version-history":[{"count":4,"href":"https:\/\/umoove.art\/index.php\/wp-json\/wp\/v2\/posts\/2747\/revisions"}],"predecessor-version":[{"id":2754,"href":"https:\/\/umoove.art\/index.php\/wp-json\/wp\/v2\/posts\/2747\/revisions\/2754"}],"wp:attachment":[{"href":"https:\/\/umoove.art\/index.php\/wp-json\/wp\/v2\/media?parent=2747"}],"wp:term":[{"taxonomy":"category","embeddable":true,"href":"https:\/\/umoove.art\/index.php\/wp-json\/wp\/v2\/categories?post=2747"},{"taxonomy":"post_tag","embeddable":true,"href":"https:\/\/umoove.art\/index.php\/wp-json\/wp\/v2\/tags?post=2747"}],"curies":[{"name":"wp","href":"https:\/\/api.w.org\/{rel}","templated":true}]}}