{"id":2739,"date":"2022-12-13T13:31:38","date_gmt":"2022-12-13T12:31:38","guid":{"rendered":"http:\/\/umoove.art\/?p=2739"},"modified":"2022-12-13T13:36:50","modified_gmt":"2022-12-13T12:36:50","slug":"thierry-malandain","status":"publish","type":"post","link":"https:\/\/umoove.art\/index.php\/2022\/12\/13\/thierry-malandain\/","title":{"rendered":"Thierry Malandain"},"content":{"rendered":"\t\t<div data-elementor-type=\"wp-post\" data-elementor-id=\"2739\" class=\"elementor elementor-2739\" data-elementor-post-type=\"post\">\n\t\t\t\t\t\t\t\t\t<section class=\"elementor-section elementor-top-section elementor-element elementor-element-546d687 elementor-section-boxed elementor-section-height-default elementor-section-height-default\" data-id=\"546d687\" data-element_type=\"section\">\n\t\t\t\t\t\t<div class=\"elementor-container elementor-column-gap-default\">\n\t\t\t\t\t<div class=\"elementor-column elementor-col-100 elementor-top-column elementor-element elementor-element-814b9c9\" data-id=\"814b9c9\" data-element_type=\"column\">\n\t\t\t<div class=\"elementor-widget-wrap elementor-element-populated\">\n\t\t\t\t\t\t\t\t<div class=\"elementor-element elementor-element-eb93d23 elementor-widget elementor-widget-image\" data-id=\"eb93d23\" data-element_type=\"widget\" data-widget_type=\"image.default\">\n\t\t\t\t<div class=\"elementor-widget-container\">\n\t\t\t<style>\/*! elementor - v3.14.0 - 26-06-2023 *\/\n.elementor-widget-image{text-align:center}.elementor-widget-image a{display:inline-block}.elementor-widget-image a img[src$=\".svg\"]{width:48px}.elementor-widget-image img{vertical-align:middle;display:inline-block}<\/style>\t\t\t\t\t\t\t\t\t\t\t\t<img loading=\"lazy\" decoding=\"async\" width=\"768\" height=\"614\" src=\"https:\/\/umoove.art\/wp-content\/uploads\/2022\/12\/Songook-Yaakaar-Germaine-Acogny-71-1-768x614.png\" class=\"attachment-medium_large size-medium_large wp-image-2525\" alt=\"\" srcset=\"https:\/\/umoove.art\/wp-content\/uploads\/2022\/12\/Songook-Yaakaar-Germaine-Acogny-71-1-768x614.png 768w, https:\/\/umoove.art\/wp-content\/uploads\/2022\/12\/Songook-Yaakaar-Germaine-Acogny-71-1-300x240.png 300w, https:\/\/umoove.art\/wp-content\/uploads\/2022\/12\/Songook-Yaakaar-Germaine-Acogny-71-1-1024x819.png 1024w, https:\/\/umoove.art\/wp-content\/uploads\/2022\/12\/Songook-Yaakaar-Germaine-Acogny-71-1-1536x1229.png 1536w, https:\/\/umoove.art\/wp-content\/uploads\/2022\/12\/Songook-Yaakaar-Germaine-Acogny-71-1.png 2000w\" sizes=\"auto, (max-width: 768px) 100vw, 768px\" \/>\t\t\t\t\t\t\t\t\t\t\t\t\t\t\t<\/div>\n\t\t\t\t<\/div>\n\t\t\t\t\t<\/div>\n\t\t<\/div>\n\t\t\t\t\t\t\t<\/div>\n\t\t<\/section>\n\t\t\t\t<section class=\"elementor-section elementor-top-section elementor-element elementor-element-357f4a9 elementor-section-boxed elementor-section-height-default elementor-section-height-default\" data-id=\"357f4a9\" data-element_type=\"section\">\n\t\t\t\t\t\t<div class=\"elementor-container elementor-column-gap-default\">\n\t\t\t\t\t<div class=\"elementor-column elementor-col-100 elementor-top-column elementor-element elementor-element-94d4aeb\" data-id=\"94d4aeb\" data-element_type=\"column\">\n\t\t\t<div class=\"elementor-widget-wrap elementor-element-populated\">\n\t\t\t\t\t\t\t\t<div class=\"elementor-element elementor-element-863213e elementor-widget elementor-widget-heading\" data-id=\"863213e\" data-element_type=\"widget\" data-widget_type=\"heading.default\">\n\t\t\t\t<div class=\"elementor-widget-container\">\n\t\t\t<style>\/*! elementor - v3.14.0 - 26-06-2023 *\/\n.elementor-heading-title{padding:0;margin:0;line-height:1}.elementor-widget-heading .elementor-heading-title[class*=elementor-size-]>a{color:inherit;font-size:inherit;line-height:inherit}.elementor-widget-heading .elementor-heading-title.elementor-size-small{font-size:15px}.elementor-widget-heading .elementor-heading-title.elementor-size-medium{font-size:19px}.elementor-widget-heading .elementor-heading-title.elementor-size-large{font-size:29px}.elementor-widget-heading .elementor-heading-title.elementor-size-xl{font-size:39px}.elementor-widget-heading .elementor-heading-title.elementor-size-xxl{font-size:59px}<\/style><h2 class=\"elementor-heading-title elementor-size-default\">Le Temps d\u2019aimer la danse 2018 <\/h2>\t\t<\/div>\n\t\t\t\t<\/div>\n\t\t\t\t\t<\/div>\n\t\t<\/div>\n\t\t\t\t\t\t\t<\/div>\n\t\t<\/section>\n\t\t\t\t<section class=\"elementor-section elementor-top-section elementor-element elementor-element-0f39fe6 elementor-section-boxed elementor-section-height-default elementor-section-height-default\" data-id=\"0f39fe6\" data-element_type=\"section\">\n\t\t\t\t\t\t<div class=\"elementor-container elementor-column-gap-default\">\n\t\t\t\t\t<div class=\"elementor-column elementor-col-100 elementor-top-column elementor-element elementor-element-1b1e43e\" data-id=\"1b1e43e\" data-element_type=\"column\">\n\t\t\t<div class=\"elementor-widget-wrap elementor-element-populated\">\n\t\t\t\t\t\t\t\t<div class=\"elementor-element elementor-element-c06466a elementor-widget elementor-widget-text-editor\" data-id=\"c06466a\" data-element_type=\"widget\" data-widget_type=\"text-editor.default\">\n\t\t\t\t<div class=\"elementor-widget-container\">\n\t\t\t<style>\/*! elementor - v3.14.0 - 26-06-2023 *\/\n.elementor-widget-text-editor.elementor-drop-cap-view-stacked .elementor-drop-cap{background-color:#69727d;color:#fff}.elementor-widget-text-editor.elementor-drop-cap-view-framed .elementor-drop-cap{color:#69727d;border:3px solid;background-color:transparent}.elementor-widget-text-editor:not(.elementor-drop-cap-view-default) .elementor-drop-cap{margin-top:8px}.elementor-widget-text-editor:not(.elementor-drop-cap-view-default) .elementor-drop-cap-letter{width:1em;height:1em}.elementor-widget-text-editor .elementor-drop-cap{float:left;text-align:center;line-height:1;font-size:50px}.elementor-widget-text-editor .elementor-drop-cap-letter{display:inline-block}<\/style>\t\t\t\t<p><strong>Durant une dizaine de jours, Biarritz va aimer la danse \u00e0 travers la 28<sup>\u00e8me<\/sup> \u00e9dition de son embl\u00e9matique festival. <\/strong><strong>18 pi\u00e8ces, 4 cr\u00e9ations dont une premi\u00e8re mondiale fort attendue. Le tout concoct\u00e9 par Thierry Malandain, directeur artistique. Interview.<\/strong><\/p>\n<p><strong style=\"font-style: inherit; background-color: var(--ast-global-color-5);\">L\u2019ouverture du festival en impose&nbsp;: la premi\u00e8re mondiale d\u2019<em>Embers to Embers <\/em>qui r\u00e9unit les deux stars Marie-Agn\u00e8s Gillot et Carolyn Carlson. Comment avez-vous r\u00e9ussi ce tour de force de programmation&nbsp;?<\/strong><\/p>\n<p><\/p>\n<p>J\u2019ai tout simplement appel\u00e9 Marie-Agn\u00e8s&nbsp;! (rires) Elle a pour habitude de venir \u00e0 Biarritz mais n\u2019y a jamais dans\u00e9. Maintenant qu\u2019elle a pris sa retraite de l\u2019Op\u00e9ra de Paris, elle est plus disponible. Pour tout vous dire nous avons d\u00fb annuler le spectacle d\u2019ouverture du festival et il me fallait donc le remplacer. C\u2019est l\u00e0 que Marie-Agn\u00e8s est intervenue. Je lui ai propos\u00e9 en premier lieu une carte blanche mais finalement <em>Embers to Embers<\/em> s\u2019est impos\u00e9. Il est compos\u00e9 d\u2019une succession de soli et duos de Marie-Agn\u00e8s et Carolyn. Un des soli a \u00e9t\u00e9 r\u00e9gl\u00e9 il y a bien longtemps mais n\u2019a jamais \u00e9t\u00e9 dans\u00e9.<\/p>\n<p><\/p>\n<p><strong><em>Le temps d\u2019aimer<\/em><\/strong><strong> est aussi l\u2019occasion de d\u00e9couvrir de jeunes talents. Je pense \u00e0 Stephen Shropshire et Oona Doherty \u2026<\/strong><\/p>\n<p><span style=\"background-color: var(--ast-global-color-5); font-style: inherit; font-weight: inherit;\">Bien s\u00fbr, j\u2019accorde beaucoup d\u2019importance \u00e0 l\u2019\u00e9mergence. Nous recevons tout au long de l\u2019ann\u00e9e de nombreuses sollicitations et il est tr\u00e8s compliqu\u00e9 de concevoir une programmation qui se tient. Les param\u00e8tres financiers, techniques, les formats propos\u00e9s, les disponibilit\u00e9s des compagnies, la prise en compte du public, la place fa\u00eete aussi des compagnies du territoire de la Nouvelle-Aquitaine\u2026 toutes ces \u00ab&nbsp;contraintes&nbsp;\u00bb m\u2019obligent \u00e0 faire des choix donc \u00e0 dire beaucoup non ce qui est toujours difficile. Puis finalement advient l\u2019alchimie de la programmation au terme d\u2019un processus laborieux o\u00f9 j\u2019aurai plus ou moins impos\u00e9, apr\u00e8s d\u00e9bats, mes choix artistiques.<\/span><\/p>\n<p>Concernant l\u2019\u00e9mergence, il m\u2019appara\u00eet primordial de la soutenir. Nous savons tous que les financements des compagnies sont de plus en plus t\u00e9nus. Les jeunes chor\u00e9graphes ont encore pour eux cette chance d\u2019attirer l\u2019attention&nbsp;: l\u2019attrait de la nouveaut\u00e9 sans doute\u2026 Mais pour les chor\u00e9graphes plus \u00e9tablis, qui voient eux aussi leur subvention fondre, c\u2019est souvent plus dur.<\/p>\n<p><\/p>\n<p><strong>L\u2019Aspen Santa Fe Ballet, pour qui vous avez chor\u00e9graphi\u00e9 un <em>Apr\u00e8s-Midi d\u2019un Faune<\/em> est \u00e9galement au programme. Un coup de c\u0153ur pour cette troupe am\u00e9ricaine&nbsp;?<\/strong><\/p>\n<p><span style=\"background-color: var(--ast-global-color-5); font-style: inherit; font-weight: inherit;\">Il me semble que j\u2019ai travaill\u00e9 \u00e0 2-3 reprises pour eux. Je connais bien le directeur artistique du ballet &#8211; Jean-Philippe&nbsp;Malaty &#8211; natif de Biarritz. L\u2019Aspen a cette incroyable chance, comme bon nombre de compagnies am\u00e9ricaines, d\u2019avoir de g\u00e9n\u00e9reux m\u00e9c\u00e8nes. Aussi, la venue de la compagnie en France nous a quasi \u00e9t\u00e9 offerte. C\u2019est un incroyable cadeau&nbsp;!<\/span><\/p>\n<p>En France, je d\u00e9plore que le m\u00e9c\u00e9nat ne s\u2019en tienne qu\u2019au sport et ce qui rapporte un rapide retour sur investissement. Pour moi le vrai m\u00e9c\u00e9nat est un acte philanthropique. Au vu des nombreux abattements fiscaux en cours, on serait en droit d\u2019esp\u00e9rer bien plus. Le CCN de Biarritz est toutefois l\u2019un des centres qui b\u00e9n\u00e9ficie le plus de ce genre d\u2019aides, mais c\u2019est sans commune mesure avec l\u2019Op\u00e9ra Garnier ou la Com\u00e9die-Fran\u00e7aise \u00e0 l\u2019aura plus m\u00e9diatique.&nbsp;<span style=\"font-style: inherit; font-weight: inherit; background-color: var(--ast-global-color-5);\">Nous avons tiss\u00e9 des liens tr\u00e8s particuliers avec la maison Repetto qui a ses ateliers en Nouvelle-Aquitaine. Son directeur aime mon travail et me le rend bien.<\/span><\/p>\n<p><\/p>\n<p><strong>Le festival propose toutes les couleurs de la danse mais c\u2019est un <em>Giselle <\/em>par le Ballet du Capitole qui le cl\u00f4ture. Mani\u00e8re d\u2019affirmer votre pr\u00e9f\u00e9rence pour la danse classique&nbsp;?<\/strong><\/p>\n<p><span style=\"font-style: inherit; font-weight: inherit; background-color: var(--ast-global-color-5);\">Pas du tout. Il n\u2019y a rien de \u00ab&nbsp;politique&nbsp;\u00bb ici. La raison de la programmation de <\/span><em style=\"font-weight: inherit; background-color: var(--ast-global-color-5);\">Giselle<\/em><span style=\"font-style: inherit; font-weight: inherit; background-color: var(--ast-global-color-5);\"> en cl\u00f4ture est que la troupe de Kader Belarbi a besoin d\u2019une bonne quinzaine de jours de r\u00e9p\u00e9tition pour &nbsp;\u00eatre en jambe. Toute sa troupe, une quarantaine de personnes, est actuellement en vacances. Vacances m\u00e9rit\u00e9es car le ballet tourne beaucoup. Kader a d\u00fb n\u00e9gocier avec son \u00e9quipe pour qu\u2019elle soit op\u00e9rationnelle au plus tard le 16 septembre, soit le jour de cl\u00f4ture du festival.<\/span><\/p>\n<p><\/p>\n<p><strong>Comment se porte la danse basque, encore une fois particuli\u00e8rement bien repr\u00e9sent\u00e9e dans votre festival&nbsp;?<\/strong><\/p>\n<p><\/p>\n<p>Elle va parfaitement bien. Il y a 2 aspects dans la danse basque. La contemporaine que nous soutenons beaucoup au CCN via des accueils-studio et la traditionnelle. Elles sont toutes les deux aussi vivaces. Le public est toujours \u00e9tonn\u00e9 de d\u00e9couvrir combien la danse basque traditionnelle est formidable et c\u2019est une belle erreur de la part des programmateurs de ne pas la diffuser dans leur th\u00e9\u00e2tre, la jugeant h\u00e2tivement \u00ab&nbsp;folklorique&nbsp;\u00bb. La danse traditionnelle est multi-g\u00e9n\u00e9rationnelle et loin d\u2019\u00eatre une danse morte. Chor\u00e9graphiquement, elle est extr\u00eamement riche. Nous avons accueilli il y a quelques ann\u00e9es l\u2019Acad\u00e9mie Bournonville au CCN. Parmi les nombreux cours de danse, il y avait une classe de danse traditionnelle basque. Les participants ont \u00e9t\u00e9 surpris de voir au combien elle se rapproche de l\u2019exigence et de la richesse de la danse classique.<\/p>\n<p><\/p>\n<p><strong>Cette ann\u00e9e vous f\u00eatez vos 20 ans \u00e0 la t\u00eate du CCN Ballet Biarritz. 20 ann\u00e9es o\u00f9 vous avez r\u00e9ussi \u00e0 imposer un regard neuf sur le n\u00e9o-classique. \u00cates-vous toujours aussi enthousiaste \u00e0 l\u2019id\u00e9e de diriger une telle structure&nbsp;?<\/strong><\/p>\n<p><span style=\"font-style: inherit; font-weight: inherit; background-color: var(--ast-global-color-5);\">Je reconnais que c\u2019est un travail \u00e9prouvant qui parfois peut lasser. Rien n\u2019est jamais gagn\u00e9&nbsp;: chaque nouveau spectacle est un d\u00e9fi et qu\u2019importe que le pr\u00e9c\u00e9dent ait remport\u00e9 des prix, un succ\u00e8s public et critique. Chaque jour, je compose avec un danseur bless\u00e9, un budget \u00e0 boucler. La pression, le doute, la fatigue s\u2019accumulent ann\u00e9e apr\u00e8s ann\u00e9e.<\/span><\/p>\n<p>Je suis un \u00e9ternel anxieux et depuis 32 ans que je fais ce m\u00e9tier je dois composer avec ce trait de caract\u00e8re. Je devais quitter la direction du CCN en 2019. Cette annonce de d\u00e9part a occasionn\u00e9 \u00e9norm\u00e9ment de stress dans mes \u00e9quipes, tellement investies, mais finalement on m\u2019a propos\u00e9 de rester jusqu\u2019en 2022. Pass\u00e9e cette date, je n\u2019ai aucune id\u00e9e de ce que je vais faire. Poursuivre si on me le propose nouveau ou passer \u00e0 tout autre chose. C\u2019est toujours d\u00e9licat les fins\u2026<\/p>\n<p><\/p>\n<p><strong>Pour l\u2019heure, vous \u00eates tout \u00e0 la cr\u00e9ation de <em>Marie-Antoinette<\/em>.<\/strong><\/p>\n<p><span style=\"font-style: inherit; font-weight: inherit; background-color: var(--ast-global-color-5);\">Laurent&nbsp;Brunner, le directeur de Ch\u00e2teau de&nbsp;Versailles&nbsp;m\u2019a \u00e0 nouveau sollicit\u00e9. Pour lui et son Op\u00e9ra de Versailles j\u2019ai sign\u00e9 <\/span><em style=\"font-weight: inherit; background-color: var(--ast-global-color-5);\">Cendrillon<\/em><span style=\"font-style: inherit; font-weight: inherit; background-color: var(--ast-global-color-5);\"> et <\/span><em style=\"font-weight: inherit; background-color: var(--ast-global-color-5);\">La Belle et la B\u00eate<\/em><span style=\"font-style: inherit; font-weight: inherit; background-color: var(--ast-global-color-5);\">. L\u00e0, il me propose non pas un conte mais un portrait de la fameuse reine. C\u2019est un sujet compliqu\u00e9 sur lequel je ne me serais pas pench\u00e9. Les attentes sont \u00e9normes. La pi\u00e8ce est d\u00e9j\u00e0 achet\u00e9e dans de nombreux pays, dont les USA qui semblent particuli\u00e8rement enthousiastes \u00e0 l\u2019id\u00e9e.<\/span><\/p>\n<p>Cela me d\u00e9range (et me stresse) d\u2019ailleurs&nbsp;: adh\u00e9rer \u00e0 l\u2019avance \u00e0 un projet qui n\u2019est m\u00eame pas finalis\u00e9. J\u2019ai chor\u00e9graphi\u00e9 40 mn \u00e0 ce jour et nous pr\u00e9senterons une avant-premi\u00e8re \u00e0 Biarritz en novembre. J\u2019i beaucoup lu pour ce projet et chaque page me faisait prendre conscience du d\u00e9fi \u00e0 relever.&nbsp;<span style=\"font-style: inherit; font-weight: inherit; background-color: var(--ast-global-color-5);\">\u00c0 mon avis, un sujet comme Marie-Antoinette n\u00e9cessite de gros moyens que seule une importante compagnie du type Garnier poss\u00e8derait mais j\u2019y vais tout de m\u00eame&nbsp;!<\/span><\/p>\n<p>Au d\u00e9part je souhaitais pour bande son des concertos du Russe Alfred Schnittke. J\u2019aime son \u0153uvre aux teintes baroques, myst\u00e9rieuse et noire. Cela cr\u00e9ait un vrai d\u00e9calage pour un ballet en costumes d\u2019\u00e9poque. Mais tr\u00e8s rapidement je me suis rendu compte que sa musique n\u00e9cessite la pr\u00e9sence de nombreux solistes, ce qui augmente consid\u00e9rablement le co\u00fbt de la pi\u00e8ce \u2026 sans parler des droits exorbitants qui me furent demand\u00e9s. Et puis les programmateurs ne semblaient pas vouloir acheter la pi\u00e8ce avec ce compositeur.<\/p>\n<p>Je me suis donc rabattu sur Joseph Haydn. Son oeuvre n\u2019a aucune texture dramatique, comme d\u2019ailleurs toute la musique classique du 18<sup>\u00e8me<\/sup>&nbsp; mais \u00e7a fonctionne tout de m\u00eame. C\u2019est \u00e9tonnant comment chacun de mes projets mis en musique par un compositeur contemporain sont contrari\u00e9s, n\u2019aboutissent pas. Niveau diffusion j\u2019entends.&nbsp;<span style=\"font-style: inherit; font-weight: inherit; background-color: var(--ast-global-color-5);\">\u00c0 la mani\u00e8re d\u2019une Sofia Coppola, nous ne verrons pas Marie-Antoinette en route pour la guillotine, Place de la Concorde. Nous ne verrons pas Vienne non plus. Toute l\u2019action se situera \u00e0 Versailles. Chor\u00e9graphier des \u00e9v\u00e8nements politiques n\u2019est pas ais\u00e9 d\u2019un point de vue de mise en sc\u00e8ne. Il m\u2019a fallu faire ses premiers choix. Nous retournons prochainement en studio. \u00c0 suivre donc.<\/span><\/p>\n<p><\/p>\n<p><strong>Propos recueillis par C\u00e9dric Chaory<\/strong><\/p>\n<p><span style=\"font-style: inherit; font-weight: inherit; background-color: var(--ast-global-color-5);\">\u00a9<\/span><strong style=\"font-style: inherit; background-color: var(--ast-global-color-5);\">St\u00e9phane Lartigue<\/strong><\/p>\t\t\t\t\t\t<\/div>\n\t\t\t\t<\/div>\n\t\t\t\t\t<\/div>\n\t\t<\/div>\n\t\t\t\t\t\t\t<\/div>\n\t\t<\/section>\n\t\t\t\t\t\t\t<\/div>\n\t\t","protected":false},"excerpt":{"rendered":"<p>Le Temps d\u2019aimer la danse 2018 Durant une dizaine de jours, Biarritz va aimer la danse \u00e0 travers la 28\u00e8me \u00e9dition de son embl\u00e9matique festival. 18 pi\u00e8ces, 4 cr\u00e9ations dont une premi\u00e8re mondiale fort attendue. Le tout concoct\u00e9 par Thierry Malandain, directeur artistique. Interview. L\u2019ouverture du festival en impose&nbsp;: la premi\u00e8re mondiale d\u2019Embers to Embers &hellip;<\/p>\n<p class=\"read-more\"> <a class=\"\" href=\"https:\/\/umoove.art\/index.php\/2022\/12\/13\/thierry-malandain\/\"> <span class=\"screen-reader-text\">Thierry Malandain<\/span> Lire la suite\u00a0\u00bb<\/a><\/p>\n","protected":false},"author":1,"featured_media":0,"comment_status":"closed","ping_status":"closed","sticky":false,"template":"","format":"standard","meta":{"site-sidebar-layout":"default","site-content-layout":"default","ast-global-header-display":"","ast-banner-title-visibility":"","ast-main-header-display":"","ast-hfb-above-header-display":"","ast-hfb-below-header-display":"","ast-hfb-mobile-header-display":"","site-post-title":"","ast-breadcrumbs-content":"","ast-featured-img":"","footer-sml-layout":"","theme-transparent-header-meta":"","adv-header-id-meta":"","stick-header-meta":"","header-above-stick-meta":"","header-main-stick-meta":"","header-below-stick-meta":"","footnotes":""},"categories":[9],"tags":[],"class_list":["post-2739","post","type-post","status-publish","format-standard","hentry","category-interview-interview"],"aioseo_notices":[],"_links":{"self":[{"href":"https:\/\/umoove.art\/index.php\/wp-json\/wp\/v2\/posts\/2739","targetHints":{"allow":["GET"]}}],"collection":[{"href":"https:\/\/umoove.art\/index.php\/wp-json\/wp\/v2\/posts"}],"about":[{"href":"https:\/\/umoove.art\/index.php\/wp-json\/wp\/v2\/types\/post"}],"author":[{"embeddable":true,"href":"https:\/\/umoove.art\/index.php\/wp-json\/wp\/v2\/users\/1"}],"replies":[{"embeddable":true,"href":"https:\/\/umoove.art\/index.php\/wp-json\/wp\/v2\/comments?post=2739"}],"version-history":[{"count":4,"href":"https:\/\/umoove.art\/index.php\/wp-json\/wp\/v2\/posts\/2739\/revisions"}],"predecessor-version":[{"id":2743,"href":"https:\/\/umoove.art\/index.php\/wp-json\/wp\/v2\/posts\/2739\/revisions\/2743"}],"wp:attachment":[{"href":"https:\/\/umoove.art\/index.php\/wp-json\/wp\/v2\/media?parent=2739"}],"wp:term":[{"taxonomy":"category","embeddable":true,"href":"https:\/\/umoove.art\/index.php\/wp-json\/wp\/v2\/categories?post=2739"},{"taxonomy":"post_tag","embeddable":true,"href":"https:\/\/umoove.art\/index.php\/wp-json\/wp\/v2\/tags?post=2739"}],"curies":[{"name":"wp","href":"https:\/\/api.w.org\/{rel}","templated":true}]}}