{"id":11641,"date":"2026-08-30T15:44:35","date_gmt":"2026-08-30T13:44:35","guid":{"rendered":"https:\/\/umoove.art\/?p=11641"},"modified":"2026-08-30T15:52:04","modified_gmt":"2026-08-30T13:52:04","slug":"les-immanquables-de-lautomne-danse-en-nouvelle-aquitaine","status":"publish","type":"post","link":"https:\/\/umoove.art\/index.php\/2026\/08\/30\/les-immanquables-de-lautomne-danse-en-nouvelle-aquitaine\/","title":{"rendered":"Les immanquables de l\u2019automne \u2014 Danse en Nouvelle-Aquitaine"},"content":{"rendered":"\n<figure class=\"wp-block-image size-large\"><img loading=\"lazy\" decoding=\"async\" width=\"1024\" height=\"819\" src=\"https:\/\/umoove.art\/wp-content\/uploads\/2026\/08\/Umoove-site-internet-2-1024x819.jpg\" alt=\"\" class=\"wp-image-11642\" srcset=\"https:\/\/umoove.art\/wp-content\/uploads\/2026\/08\/Umoove-site-internet-2-1024x819.jpg 1024w, https:\/\/umoove.art\/wp-content\/uploads\/2026\/08\/Umoove-site-internet-2-300x240.jpg 300w, https:\/\/umoove.art\/wp-content\/uploads\/2026\/08\/Umoove-site-internet-2-768x614.jpg 768w, https:\/\/umoove.art\/wp-content\/uploads\/2026\/08\/Umoove-site-internet-2-1536x1229.jpg 1536w, https:\/\/umoove.art\/wp-content\/uploads\/2026\/08\/Umoove-site-internet-2.jpg 2000w\" sizes=\"auto, (max-width: 1024px) 100vw, 1024px\" \/><\/figure>\n\n\n\n<h2 class=\"wp-block-heading\"><strong>De Bordeaux au Pays basque, la danse investit les sc\u00e8nes de Nouvelle-Aquitaine cet automne avec des spectacles aussi singuliers qu\u2019engag\u00e9s. Du temps aux questions de genre, de la r\u00e9p\u00e9tition aux m\u00e9canismes de l\u2019uniformit\u00e9, chor\u00e9graphes confirm\u00e9s et artistes d\u2019aujourd\u2019hui explorent nos gestes, nos corps et notre \u00e9poque. Voici notre s\u00e9lection des rendez-vous \u00e0 ne pas manquer.<\/strong><\/h2>\n\n\n\n<h3 class=\"wp-block-heading\"><strong><em>Entre-temps<\/em> \u2013 Philippe Decoufl\u00e9<\/strong><\/h3>\n\n\n\n<p class=\"wp-block-paragraph\">Le temps est cette vieille tyrannie \u00e0 laquelle nous ob\u00e9issons avec une ponctualit\u00e9 remarquable. Nous le mesurons, le r\u00e9p\u00e9tons, le d\u00e9corons d\u2019horloges et de souvenirs, comme si cela pouvait l\u2019emp\u00eacher de nous d\u00e9vorer. Philippe Decoufl\u00e9 pr\u00e9f\u00e8re lui danser dessus. Entre fant\u00f4mes de la danse, gestes recycl\u00e9s, corps de tous \u00e2ges et chansons ressuscit\u00e9es, le pass\u00e9 revient hanter le pr\u00e9sent. Une f\u00eate m\u00e9lancolique o\u00f9 le temps, pour une fois, semble perdre la mesure.<\/p>\n\n\n\n<p class=\"wp-block-paragraph\"><strong>Du\u00a028\u00a0au\u00a030 septembre <a href=\"https:\/\/www.tap-poitiers.com\/spectacle\/entre-temps\/\" target=\"_blank\" rel=\"noopener\">TAP, sc\u00e8ne nationale<\/a> (Poitiers); Du\u00a018\u00a0au\u00a020 novembre <a href=\"https:\/\/www.la-coursive.com\/projects\/philippe-decoufle-26-27\/?pr=61246&amp;gr=1&amp;post=projects&amp;sa=2367\" target=\"_blank\" rel=\"noopener\">La Coursive, sc\u00e8ne nationale<\/a> de La Rochelle ; Du\u00a025\u00a0au\u00a026 novembre <a href=\"https:\/\/www.theatre-angouleme.org\/\" target=\"_blank\" rel=\"noopener\">Th\u00e9\u00e2tre d&rsquo;Angoul\u00eame<\/a><\/strong><\/p>\n\n\n\n<h3 class=\"wp-block-heading\"><strong><em>En m\u00eame temps<\/em> \u2013 Olivia Grandville<\/strong><\/h3>\n\n\n\n<p class=\"wp-block-paragraph\">L\u2019uniformit\u00e9 commence rarement par un coup de feu. Elle pr\u00e9f\u00e8re les chemises bien repass\u00e9es, les slogans inoffensifs et les mouvements ex\u00e9cut\u00e9s \u00ab en m\u00eame temps \u00bb. Dans <em>En m\u00eame temps<\/em>, Olivia Grandville observe comment l\u2019unisson, cette aimable vertu collective, peut devenir une machine \u00e0 effacer les individus. Huit temps, neuf corps, puis les uniformes, les ombres et la m\u00e9canique totalitaire. Une d\u00e9monstration brillante : il suffit parfois de danser ensemble pour d\u00e9couvrir \u00e0 quel point nous sommes pr\u00eats \u00e0 ob\u00e9ir.<\/p>\n\n\n\n<p class=\"wp-block-paragraph\"><strong><a href=\"https:\/\/www.milleplateauxlarochelle.com\/tournees\">Vendredi 2 octobre \u00a0Festival Cadences d&rsquo;Arcachon, Le Miroir Gujan-Mestras<\/a> ; <a href=\"https:\/\/www.milleplateauxlarochelle.com\/tournees\">Du 13 au 15 octobre 2026\u2014\u00a0tnba, Bordeaux &#8211; avec l\u2019OARA et La Manufacture CDCN; vendredi 6 novembre\u00a0Sc\u00e8ne nationale du Sud-Aquitain, Bayonne; mardi 24 Novembre\u00a0Espaces pluriels, Pau<\/a>; <a href=\"https:\/\/www.milleplateauxlarochelle.com\/tournees\">Du 1 au 2 d\u00e9cembre\u00a0La Coursive, sc\u00e8ne nationale de La Rochelle<\/a><\/strong><\/p>\n\n\n\n<h3 class=\"wp-block-heading\"><strong><em>Je badine avec l&rsquo;amour (PARCE QUE TOUS LES HOMMES SONT SI IMPARFAITS ET SI AFFREUX) <\/em>\u2013 Sylvain Riejou<\/strong><\/h3>\n\n\n\n<p class=\"wp-block-paragraph\">L\u2019amour, cette vieille invention occidentale qui permet de faire croire que nos n\u00e9vroses ont une destin\u00e9e. Dans <em>Je badine avec l\u2019amour<\/em>, Sylvain Ri\u00e9jou d\u00e9monte avec tendresse les grands mythes romantiques : <em>Dirty Dancing<\/em>, Gainsbourg, <em>La Sylphide<\/em>, les \u00e9treintes, les ruptures et les poses de cin\u00e9ma. Entre danse et th\u00e9\u00e2tre, le chor\u00e9graphe expose aussi les coulisses de la fabrication artistique, l\u00e0 o\u00f9 l\u2019on transpire, doute et recommence. Une com\u00e9die sur l\u2019amour, donc, mais surtout sur notre besoin d\u00e9sesp\u00e9r\u00e9 d\u2019en raconter l\u2019histoire.<strong><br>jeu. 8 octobre<\/strong> <a href=\"https:\/\/www.centredebeaulieu.fr\/\" target=\"_blank\" rel=\"noopener\"><strong>Centre de Beaulieu<\/strong><\/a> (Poitiers)<\/p>\n\n\n\n<h3 class=\"wp-block-heading\"><strong><em>Sous les fleurs<\/em> \u2013 Thomas Lebrun<\/strong><\/h3>\n\n\n\n<p class=\"wp-block-paragraph\">L\u2019homme moderne aime les cat\u00e9gories : elles \u00e9vitent de penser. Thomas Lebrun pr\u00e9f\u00e8re les fleurs. Avec <em>Sous les fleurs<\/em>, cinq danseurs inspir\u00e9s des muxes mexicains brouillent joyeusement les fronti\u00e8res entre masculin et f\u00e9minin. Robes brod\u00e9es, gestes domestiques, sensualit\u00e9 et transes solitaires composent un tableau aussi splendide qu\u2019inqui\u00e9tant. Car derri\u00e8re la f\u00eate, une question demeure : pourquoi la f\u00e9minit\u00e9 chez un homme continue-t-elle de d\u00e9ranger ? Une pi\u00e8ce qui rappelle que le genre est peut-\u00eatre moins une v\u00e9rit\u00e9 qu\u2019une habitude particuli\u00e8rement bien gard\u00e9e.<\/p>\n\n\n\n<p class=\"wp-block-paragraph\"><strong>7 octobre Les Montreurs d\u2019images,\u00a0Agen; 12 et 13 novembre Th\u00e9\u00e2tre Le Liburnia,\u00a0Libourne<\/strong><\/p>\n\n\n\n<h3 class=\"wp-block-heading\"><strong><em>Rosas danst rosas<\/em> \u2013 Anne Teresa de Keersmaeker<\/strong><\/h3>\n\n\n\n<p class=\"wp-block-paragraph\">Quatre femmes assises sur des chaises, quatre corps pris dans la r\u00e9p\u00e9tition, et soudain toute une civilisation semble prise en flagrant d\u00e9lit d\u2019habitude. Avec <em>Rosas danst Rosas<\/em>, Anne Teresa De Keersmaeker transforme les gestes ordinaires en m\u00e9canique chor\u00e9graphique : secouer la t\u00eate, croiser les jambes, se recoiffer, attendre. Rien de spectaculaire, donc \u2014 seulement la fascinante brutalit\u00e9 du quotidien. Cr\u00e9\u00e9e en 1983, la pi\u00e8ce d\u00e9montre avec une \u00e9l\u00e9gance implacable que la libert\u00e9 peut parfois commencer par refuser de faire semblant que nos gestes sont innocents.<\/p>\n\n\n\n<p class=\"wp-block-paragraph\"><strong>12 novembre Gallia Theatre (Saintes);  14 novembre Th\u00e9\u00e2tre d\u2019Angouleme<\/strong><\/p>\n\n\n\n<h3 class=\"wp-block-heading\"><strong><em>Close up<\/em> &#8211; No\u00e9 Soulier<\/strong><\/h3>\n\n\n\n<p class=\"wp-block-paragraph\">Dans <em>Close Up<\/em>, No\u00e9 Soulier fait subir \u00e0 la danse ce qu\u2019Hollywood fait subir au visage : un gros plan. Les gestes, d\u00e9barrass\u00e9s de leur contexte, deviennent suspects. Une main qui cherche, un corps qui esquive, une intention qui s\u2019\u00e9gare avant m\u00eame d\u2019avoir trouv\u00e9 son objet. Soulier d\u00e9monte ainsi notre manie de vouloir donner un sens \u00e0 tout mouvement. Ici, le corps ne raconte pas une histoire : il fabrique du doute. Une pi\u00e8ce brillante o\u00f9 la chor\u00e9graphie devient une enqu\u00eate sur nos propres illusions.<\/p>\n\n\n\n<p class=\"wp-block-paragraph\"><strong>3 d\u00e9cembre Op\u00e9ra de Limoges<\/strong><\/p>\n\n\n\n<p class=\"wp-block-paragraph\"><strong>C\u00e9dric Chaory<\/strong><\/p>\n\n\n\n<p class=\"wp-block-paragraph\"><strong>Visuel<\/strong> : <em>Rosas danst Rosas-2026<\/em> <strong>Anne Van Aerschot<\/strong><\/p>\n\n\n\n<p class=\"wp-block-paragraph\"><\/p>\n","protected":false},"excerpt":{"rendered":"<p>De Bordeaux au Pays basque, la danse investit les sc\u00e8nes de Nouvelle-Aquitaine cet automne avec des spectacles aussi singuliers qu\u2019engag\u00e9s. Du temps aux questions de genre, de la r\u00e9p\u00e9tition aux m\u00e9canismes de l\u2019uniformit\u00e9, chor\u00e9graphes confirm\u00e9s et artistes d\u2019aujourd\u2019hui explorent nos gestes, nos corps et notre \u00e9poque. Voici notre s\u00e9lection des rendez-vous \u00e0 ne pas manquer. &hellip;<\/p>\n<p class=\"read-more\"> <a class=\"\" href=\"https:\/\/umoove.art\/index.php\/2026\/08\/30\/les-immanquables-de-lautomne-danse-en-nouvelle-aquitaine\/\"> <span class=\"screen-reader-text\">Les immanquables de l\u2019automne \u2014 Danse en Nouvelle-Aquitaine<\/span> Lire la suite\u00a0\u00bb<\/a><\/p>\n","protected":false},"author":1,"featured_media":0,"comment_status":"closed","ping_status":"closed","sticky":false,"template":"","format":"standard","meta":{"site-sidebar-layout":"default","site-content-layout":"default","ast-global-header-display":"","ast-banner-title-visibility":"","ast-main-header-display":"","ast-hfb-above-header-display":"","ast-hfb-below-header-display":"","ast-hfb-mobile-header-display":"","site-post-title":"","ast-breadcrumbs-content":"","ast-featured-img":"","footer-sml-layout":"","theme-transparent-header-meta":"","adv-header-id-meta":"","stick-header-meta":"","header-above-stick-meta":"","header-main-stick-meta":"","header-below-stick-meta":"","footnotes":""},"categories":[52],"tags":[45,39,225,36,525,529,31],"class_list":["post-11641","post","type-post","status-publish","format-standard","hentry","category-annonce","tag-la-coursive","tag-la-manufacture-cdcn-nouvelle-aquitaine","tag-noe-soulier","tag-olivia-grandville","tag-philippe-decoufle","tag-sylvain","tag-tap-poitiers"],"aioseo_notices":[],"aioseo_head":"\n\t\t<!-- All in One SEO 5.0.1.1 - aioseo.com -->\n\t<meta name=\"description\" content=\"De Bordeaux au Pays basque, la danse investit les sc\u00e8nes de Nouvelle-Aquitaine cet automne avec des spectacles aussi singuliers qu\u2019engag\u00e9s. Du temps aux questions de genre, de la r\u00e9p\u00e9tition aux m\u00e9canismes de l\u2019uniformit\u00e9, chor\u00e9graphes confirm\u00e9s et artistes d\u2019aujourd\u2019hui explorent nos gestes, nos corps et notre \u00e9poque. Voici notre s\u00e9lection des rendez-vous \u00e0 ne pas manquer.\" \/>\n\t<meta name=\"robots\" content=\"max-image-preview:large\" \/>\n\t<meta name=\"author\" content=\"La r\u00e9daction\"\/>\n\t<meta name=\"google-site-verification\" content=\"M3HxnUDlunxFkT-zREaE_yui8cvPg_uQ9ep5Az7MAQ8\" \/>\n\t<link rel=\"canonical\" href=\"https:\/\/umoove.art\/index.php\/2026\/08\/30\/les-immanquables-de-lautomne-danse-en-nouvelle-aquitaine\/\" \/>\n\t<meta name=\"generator\" content=\"All in One SEO (AIOSEO) 5.0.1.1\" \/>\n\t\t<meta property=\"og:locale\" content=\"fr_FR\" \/>\n\t\t<meta property=\"og:site_name\" content=\"- Umoove, le site de l&#039;actu-danse : interview, critique, reportage, annonce, agenda ...\" \/>\n\t\t<meta property=\"og:type\" content=\"article\" \/>\n\t\t<meta property=\"og:title\" content=\"Les immanquables de l\u2019automne \u2014 Danse en Nouvelle-Aquitaine -\" \/>\n\t\t<meta property=\"og:description\" content=\"De Bordeaux au Pays basque, la danse investit les sc\u00e8nes de Nouvelle-Aquitaine cet automne avec des spectacles aussi singuliers qu\u2019engag\u00e9s. Du temps aux questions de genre, de la r\u00e9p\u00e9tition aux m\u00e9canismes de l\u2019uniformit\u00e9, chor\u00e9graphes confirm\u00e9s et artistes d\u2019aujourd\u2019hui explorent nos gestes, nos corps et notre \u00e9poque. Voici notre s\u00e9lection des rendez-vous \u00e0 ne pas manquer.\" \/>\n\t\t<meta property=\"og:url\" content=\"https:\/\/umoove.art\/index.php\/2026\/08\/30\/les-immanquables-de-lautomne-danse-en-nouvelle-aquitaine\/\" \/>\n\t\t<meta property=\"og:image\" content=\"https:\/\/umoove.art\/wp-content\/uploads\/2022\/12\/Logo-Umoove-1.png\" \/>\n\t\t<meta property=\"og:image:secure_url\" content=\"https:\/\/umoove.art\/wp-content\/uploads\/2022\/12\/Logo-Umoove-1.png\" \/>\n\t\t<meta property=\"og:image:width\" content=\"500\" \/>\n\t\t<meta property=\"og:image:height\" content=\"500\" \/>\n\t\t<meta property=\"article:published_time\" content=\"2026-08-30T13:44:35+00:00\" \/>\n\t\t<meta property=\"article:modified_time\" content=\"2026-08-30T13:52:04+00:00\" \/>\n\t\t<meta property=\"article:publisher\" content=\"https:\/\/www.facebook.com\/profile.php?id=100088454361007\" \/>\n\t\t<meta name=\"twitter:card\" content=\"summary_large_image\" \/>\n\t\t<meta name=\"twitter:title\" content=\"Les immanquables de l\u2019automne \u2014 Danse en Nouvelle-Aquitaine -\" \/>\n\t\t<meta name=\"twitter:description\" content=\"De Bordeaux au Pays basque, la danse investit les sc\u00e8nes de Nouvelle-Aquitaine cet automne avec des spectacles aussi singuliers qu\u2019engag\u00e9s. Du temps aux questions de genre, de la r\u00e9p\u00e9tition aux m\u00e9canismes de l\u2019uniformit\u00e9, chor\u00e9graphes confirm\u00e9s et artistes d\u2019aujourd\u2019hui explorent nos gestes, nos corps et notre \u00e9poque. Voici notre s\u00e9lection des rendez-vous \u00e0 ne pas manquer.\" \/>\n\t\t<meta name=\"twitter:image\" content=\"https:\/\/umoove.art\/wp-content\/uploads\/2022\/12\/Logo-Umoove-1.png\" \/>\n\t\t<script type=\"application\/ld+json\" class=\"aioseo-schema\">\n\t\t\t{\"@context\":\"https:\\\/\\\/schema.org\",\"@graph\":[{\"@type\":\"BlogPosting\",\"@id\":\"https:\\\/\\\/umoove.art\\\/index.php\\\/2026\\\/08\\\/30\\\/les-immanquables-de-lautomne-danse-en-nouvelle-aquitaine\\\/#blogposting\",\"name\":\"Les immanquables de l\\u2019automne \\u2014 Danse en Nouvelle-Aquitaine -\",\"headline\":\"Les immanquables de l\\u2019automne \\u2014 Danse en Nouvelle-Aquitaine\",\"author\":{\"@id\":\"https:\\\/\\\/umoove.art\\\/index.php\\\/author\\\/admin9537\\\/#author\"},\"publisher\":{\"@id\":\"https:\\\/\\\/umoove.art\\\/#person\"},\"image\":{\"@type\":\"ImageObject\",\"url\":\"https:\\\/\\\/umoove.art\\\/wp-content\\\/uploads\\\/2026\\\/08\\\/Umoove-site-internet-2-1024x819.jpg\",\"@id\":\"https:\\\/\\\/umoove.art\\\/index.php\\\/2026\\\/08\\\/30\\\/les-immanquables-de-lautomne-danse-en-nouvelle-aquitaine\\\/#articleImage\"},\"datePublished\":\"2026-08-30T15:44:35+02:00\",\"dateModified\":\"2026-08-30T15:52:04+02:00\",\"inLanguage\":\"fr-FR\",\"mainEntityOfPage\":{\"@id\":\"https:\\\/\\\/umoove.art\\\/index.php\\\/2026\\\/08\\\/30\\\/les-immanquables-de-lautomne-danse-en-nouvelle-aquitaine\\\/#webpage\"},\"isPartOf\":{\"@id\":\"https:\\\/\\\/umoove.art\\\/index.php\\\/2026\\\/08\\\/30\\\/les-immanquables-de-lautomne-danse-en-nouvelle-aquitaine\\\/#webpage\"},\"articleSection\":\"ANNONCE, La Coursive, La Manufacture CDCN Nouvelle Aquitaine, No\\u00e9 Soulier, Olivia Grandville, Philippe Decoufl\\u00e9, Sylvain, TAP Poitiers\"},{\"@type\":\"BreadcrumbList\",\"@id\":\"https:\\\/\\\/umoove.art\\\/index.php\\\/2026\\\/08\\\/30\\\/les-immanquables-de-lautomne-danse-en-nouvelle-aquitaine\\\/#breadcrumblist\",\"itemListElement\":[{\"@type\":\"ListItem\",\"@id\":\"https:\\\/\\\/umoove.art#listItem\",\"position\":1,\"name\":\"Accueil\",\"item\":\"https:\\\/\\\/umoove.art\",\"nextItem\":{\"@type\":\"ListItem\",\"@id\":\"https:\\\/\\\/umoove.art\\\/index.php\\\/category\\\/annonce\\\/#listItem\",\"name\":\"ANNONCE\"}},{\"@type\":\"ListItem\",\"@id\":\"https:\\\/\\\/umoove.art\\\/index.php\\\/category\\\/annonce\\\/#listItem\",\"position\":2,\"name\":\"ANNONCE\",\"item\":\"https:\\\/\\\/umoove.art\\\/index.php\\\/category\\\/annonce\\\/\",\"nextItem\":{\"@type\":\"ListItem\",\"@id\":\"https:\\\/\\\/umoove.art\\\/index.php\\\/2026\\\/08\\\/30\\\/les-immanquables-de-lautomne-danse-en-nouvelle-aquitaine\\\/#listItem\",\"name\":\"Les immanquables de l\\u2019automne \\u2014 Danse en Nouvelle-Aquitaine\"},\"previousItem\":{\"@type\":\"ListItem\",\"@id\":\"https:\\\/\\\/umoove.art#listItem\",\"name\":\"Accueil\"}},{\"@type\":\"ListItem\",\"@id\":\"https:\\\/\\\/umoove.art\\\/index.php\\\/2026\\\/08\\\/30\\\/les-immanquables-de-lautomne-danse-en-nouvelle-aquitaine\\\/#listItem\",\"position\":3,\"name\":\"Les immanquables de l\\u2019automne \\u2014 Danse en Nouvelle-Aquitaine\",\"previousItem\":{\"@type\":\"ListItem\",\"@id\":\"https:\\\/\\\/umoove.art\\\/index.php\\\/category\\\/annonce\\\/#listItem\",\"name\":\"ANNONCE\"}}]},{\"@type\":\"Person\",\"@id\":\"https:\\\/\\\/umoove.art\\\/#person\",\"name\":\"La r\\u00e9daction\",\"image\":{\"@type\":\"ImageObject\",\"@id\":\"https:\\\/\\\/umoove.art\\\/index.php\\\/2026\\\/08\\\/30\\\/les-immanquables-de-lautomne-danse-en-nouvelle-aquitaine\\\/#personImage\",\"url\":\"https:\\\/\\\/secure.gravatar.com\\\/avatar\\\/d82cad15eb1c4f047d24efd7d3820b017e66ad6b9d2abe352867ccbb07c33383?s=96&d=mm&r=g\",\"width\":96,\"height\":96,\"caption\":\"La r\\u00e9daction\"}},{\"@type\":\"Person\",\"@id\":\"https:\\\/\\\/umoove.art\\\/index.php\\\/author\\\/admin9537\\\/#author\",\"url\":\"https:\\\/\\\/umoove.art\\\/index.php\\\/author\\\/admin9537\\\/\",\"name\":\"La r\\u00e9daction\",\"image\":{\"@type\":\"ImageObject\",\"@id\":\"https:\\\/\\\/umoove.art\\\/index.php\\\/2026\\\/08\\\/30\\\/les-immanquables-de-lautomne-danse-en-nouvelle-aquitaine\\\/#authorImage\",\"url\":\"https:\\\/\\\/secure.gravatar.com\\\/avatar\\\/d82cad15eb1c4f047d24efd7d3820b017e66ad6b9d2abe352867ccbb07c33383?s=96&d=mm&r=g\",\"width\":96,\"height\":96,\"caption\":\"La r\\u00e9daction\"}},{\"@type\":\"WebPage\",\"@id\":\"https:\\\/\\\/umoove.art\\\/index.php\\\/2026\\\/08\\\/30\\\/les-immanquables-de-lautomne-danse-en-nouvelle-aquitaine\\\/#webpage\",\"url\":\"https:\\\/\\\/umoove.art\\\/index.php\\\/2026\\\/08\\\/30\\\/les-immanquables-de-lautomne-danse-en-nouvelle-aquitaine\\\/\",\"name\":\"Les immanquables de l\\u2019automne \\u2014 Danse en Nouvelle-Aquitaine -\",\"description\":\"De Bordeaux au Pays basque, la danse investit les sc\\u00e8nes de Nouvelle-Aquitaine cet automne avec des spectacles aussi singuliers qu\\u2019engag\\u00e9s. Du temps aux questions de genre, de la r\\u00e9p\\u00e9tition aux m\\u00e9canismes de l\\u2019uniformit\\u00e9, chor\\u00e9graphes confirm\\u00e9s et artistes d\\u2019aujourd\\u2019hui explorent nos gestes, nos corps et notre \\u00e9poque. Voici notre s\\u00e9lection des rendez-vous \\u00e0 ne pas manquer.\",\"inLanguage\":\"fr-FR\",\"isPartOf\":{\"@id\":\"https:\\\/\\\/umoove.art\\\/#website\"},\"breadcrumb\":{\"@id\":\"https:\\\/\\\/umoove.art\\\/index.php\\\/2026\\\/08\\\/30\\\/les-immanquables-de-lautomne-danse-en-nouvelle-aquitaine\\\/#breadcrumblist\"},\"author\":{\"@id\":\"https:\\\/\\\/umoove.art\\\/index.php\\\/author\\\/admin9537\\\/#author\"},\"creator\":{\"@id\":\"https:\\\/\\\/umoove.art\\\/index.php\\\/author\\\/admin9537\\\/#author\"},\"datePublished\":\"2026-08-30T15:44:35+02:00\",\"dateModified\":\"2026-08-30T15:52:04+02:00\"},{\"@type\":\"WebSite\",\"@id\":\"https:\\\/\\\/umoove.art\\\/#website\",\"url\":\"https:\\\/\\\/umoove.art\\\/\",\"name\":\"Umoove, le site de l'actu-danse\",\"alternateName\":\"umoove, actualit\\u00e9 de la danse\",\"description\":\"Umoove, le site de l'actu-danse : interview, critique, reportage, annonce, agenda ...\",\"inLanguage\":\"fr-FR\",\"publisher\":{\"@id\":\"https:\\\/\\\/umoove.art\\\/#person\"}}]}\n\t\t<\/script>\n\t\t<!-- All in One SEO -->\n\n","aioseo_head_json":{"title":"Les immanquables de l\u2019automne \u2014 Danse en Nouvelle-Aquitaine -","description":"De Bordeaux au Pays basque, la danse investit les sc\u00e8nes de Nouvelle-Aquitaine cet automne avec des spectacles aussi singuliers qu\u2019engag\u00e9s. Du temps aux questions de genre, de la r\u00e9p\u00e9tition aux m\u00e9canismes de l\u2019uniformit\u00e9, chor\u00e9graphes confirm\u00e9s et artistes d\u2019aujourd\u2019hui explorent nos gestes, nos corps et notre \u00e9poque. Voici notre s\u00e9lection des rendez-vous \u00e0 ne pas manquer.","canonical_url":"https:\/\/umoove.art\/index.php\/2026\/08\/30\/les-immanquables-de-lautomne-danse-en-nouvelle-aquitaine\/","robots":"max-image-preview:large","keywords":"","webmasterTools":{"google-site-verification":"M3HxnUDlunxFkT-zREaE_yui8cvPg_uQ9ep5Az7MAQ8","miscellaneous":""},"schema":{"@context":"https:\/\/schema.org","@graph":[{"@type":"BlogPosting","@id":"https:\/\/umoove.art\/index.php\/2026\/08\/30\/les-immanquables-de-lautomne-danse-en-nouvelle-aquitaine\/#blogposting","name":"Les immanquables de l\u2019automne \u2014 Danse en Nouvelle-Aquitaine -","headline":"Les immanquables de l\u2019automne \u2014 Danse en Nouvelle-Aquitaine","author":{"@id":"https:\/\/umoove.art\/index.php\/author\/admin9537\/#author"},"publisher":{"@id":"https:\/\/umoove.art\/#person"},"image":{"@type":"ImageObject","url":"https:\/\/umoove.art\/wp-content\/uploads\/2026\/08\/Umoove-site-internet-2-1024x819.jpg","@id":"https:\/\/umoove.art\/index.php\/2026\/08\/30\/les-immanquables-de-lautomne-danse-en-nouvelle-aquitaine\/#articleImage"},"datePublished":"2026-08-30T15:44:35+02:00","dateModified":"2026-08-30T15:52:04+02:00","inLanguage":"fr-FR","mainEntityOfPage":{"@id":"https:\/\/umoove.art\/index.php\/2026\/08\/30\/les-immanquables-de-lautomne-danse-en-nouvelle-aquitaine\/#webpage"},"isPartOf":{"@id":"https:\/\/umoove.art\/index.php\/2026\/08\/30\/les-immanquables-de-lautomne-danse-en-nouvelle-aquitaine\/#webpage"},"articleSection":"ANNONCE, La Coursive, La Manufacture CDCN Nouvelle Aquitaine, No\u00e9 Soulier, Olivia Grandville, Philippe Decoufl\u00e9, Sylvain, TAP Poitiers"},{"@type":"BreadcrumbList","@id":"https:\/\/umoove.art\/index.php\/2026\/08\/30\/les-immanquables-de-lautomne-danse-en-nouvelle-aquitaine\/#breadcrumblist","itemListElement":[{"@type":"ListItem","@id":"https:\/\/umoove.art#listItem","position":1,"name":"Accueil","item":"https:\/\/umoove.art","nextItem":{"@type":"ListItem","@id":"https:\/\/umoove.art\/index.php\/category\/annonce\/#listItem","name":"ANNONCE"}},{"@type":"ListItem","@id":"https:\/\/umoove.art\/index.php\/category\/annonce\/#listItem","position":2,"name":"ANNONCE","item":"https:\/\/umoove.art\/index.php\/category\/annonce\/","nextItem":{"@type":"ListItem","@id":"https:\/\/umoove.art\/index.php\/2026\/08\/30\/les-immanquables-de-lautomne-danse-en-nouvelle-aquitaine\/#listItem","name":"Les immanquables de l\u2019automne \u2014 Danse en Nouvelle-Aquitaine"},"previousItem":{"@type":"ListItem","@id":"https:\/\/umoove.art#listItem","name":"Accueil"}},{"@type":"ListItem","@id":"https:\/\/umoove.art\/index.php\/2026\/08\/30\/les-immanquables-de-lautomne-danse-en-nouvelle-aquitaine\/#listItem","position":3,"name":"Les immanquables de l\u2019automne \u2014 Danse en Nouvelle-Aquitaine","previousItem":{"@type":"ListItem","@id":"https:\/\/umoove.art\/index.php\/category\/annonce\/#listItem","name":"ANNONCE"}}]},{"@type":"Person","@id":"https:\/\/umoove.art\/#person","name":"La r\u00e9daction","image":{"@type":"ImageObject","@id":"https:\/\/umoove.art\/index.php\/2026\/08\/30\/les-immanquables-de-lautomne-danse-en-nouvelle-aquitaine\/#personImage","url":"https:\/\/secure.gravatar.com\/avatar\/d82cad15eb1c4f047d24efd7d3820b017e66ad6b9d2abe352867ccbb07c33383?s=96&d=mm&r=g","width":96,"height":96,"caption":"La r\u00e9daction"}},{"@type":"Person","@id":"https:\/\/umoove.art\/index.php\/author\/admin9537\/#author","url":"https:\/\/umoove.art\/index.php\/author\/admin9537\/","name":"La r\u00e9daction","image":{"@type":"ImageObject","@id":"https:\/\/umoove.art\/index.php\/2026\/08\/30\/les-immanquables-de-lautomne-danse-en-nouvelle-aquitaine\/#authorImage","url":"https:\/\/secure.gravatar.com\/avatar\/d82cad15eb1c4f047d24efd7d3820b017e66ad6b9d2abe352867ccbb07c33383?s=96&d=mm&r=g","width":96,"height":96,"caption":"La r\u00e9daction"}},{"@type":"WebPage","@id":"https:\/\/umoove.art\/index.php\/2026\/08\/30\/les-immanquables-de-lautomne-danse-en-nouvelle-aquitaine\/#webpage","url":"https:\/\/umoove.art\/index.php\/2026\/08\/30\/les-immanquables-de-lautomne-danse-en-nouvelle-aquitaine\/","name":"Les immanquables de l\u2019automne \u2014 Danse en Nouvelle-Aquitaine -","description":"De Bordeaux au Pays basque, la danse investit les sc\u00e8nes de Nouvelle-Aquitaine cet automne avec des spectacles aussi singuliers qu\u2019engag\u00e9s. Du temps aux questions de genre, de la r\u00e9p\u00e9tition aux m\u00e9canismes de l\u2019uniformit\u00e9, chor\u00e9graphes confirm\u00e9s et artistes d\u2019aujourd\u2019hui explorent nos gestes, nos corps et notre \u00e9poque. Voici notre s\u00e9lection des rendez-vous \u00e0 ne pas manquer.","inLanguage":"fr-FR","isPartOf":{"@id":"https:\/\/umoove.art\/#website"},"breadcrumb":{"@id":"https:\/\/umoove.art\/index.php\/2026\/08\/30\/les-immanquables-de-lautomne-danse-en-nouvelle-aquitaine\/#breadcrumblist"},"author":{"@id":"https:\/\/umoove.art\/index.php\/author\/admin9537\/#author"},"creator":{"@id":"https:\/\/umoove.art\/index.php\/author\/admin9537\/#author"},"datePublished":"2026-08-30T15:44:35+02:00","dateModified":"2026-08-30T15:52:04+02:00"},{"@type":"WebSite","@id":"https:\/\/umoove.art\/#website","url":"https:\/\/umoove.art\/","name":"Umoove, le site de l'actu-danse","alternateName":"umoove, actualit\u00e9 de la danse","description":"Umoove, le site de l'actu-danse : interview, critique, reportage, annonce, agenda ...","inLanguage":"fr-FR","publisher":{"@id":"https:\/\/umoove.art\/#person"}}]},"og:locale":"fr_FR","og:site_name":"- Umoove, le site de l'actu-danse : interview, critique, reportage, annonce, agenda ...","og:type":"article","og:title":"Les immanquables de l\u2019automne \u2014 Danse en Nouvelle-Aquitaine -","og:description":"De Bordeaux au Pays basque, la danse investit les sc\u00e8nes de Nouvelle-Aquitaine cet automne avec des spectacles aussi singuliers qu\u2019engag\u00e9s. Du temps aux questions de genre, de la r\u00e9p\u00e9tition aux m\u00e9canismes de l\u2019uniformit\u00e9, chor\u00e9graphes confirm\u00e9s et artistes d\u2019aujourd\u2019hui explorent nos gestes, nos corps et notre \u00e9poque. Voici notre s\u00e9lection des rendez-vous \u00e0 ne pas manquer.","og:url":"https:\/\/umoove.art\/index.php\/2026\/08\/30\/les-immanquables-de-lautomne-danse-en-nouvelle-aquitaine\/","og:image":"https:\/\/umoove.art\/wp-content\/uploads\/2022\/12\/Logo-Umoove-1.png","og:image:secure_url":"https:\/\/umoove.art\/wp-content\/uploads\/2022\/12\/Logo-Umoove-1.png","og:image:width":500,"og:image:height":500,"article:published_time":"2026-08-30T13:44:35+00:00","article:modified_time":"2026-08-30T13:52:04+00:00","article:publisher":"https:\/\/www.facebook.com\/profile.php?id=100088454361007","twitter:card":"summary_large_image","twitter:title":"Les immanquables de l\u2019automne \u2014 Danse en Nouvelle-Aquitaine -","twitter:description":"De Bordeaux au Pays basque, la danse investit les sc\u00e8nes de Nouvelle-Aquitaine cet automne avec des spectacles aussi singuliers qu\u2019engag\u00e9s. Du temps aux questions de genre, de la r\u00e9p\u00e9tition aux m\u00e9canismes de l\u2019uniformit\u00e9, chor\u00e9graphes confirm\u00e9s et artistes d\u2019aujourd\u2019hui explorent nos gestes, nos corps et notre \u00e9poque. Voici notre s\u00e9lection des rendez-vous \u00e0 ne pas manquer.","twitter:image":"https:\/\/umoove.art\/wp-content\/uploads\/2022\/12\/Logo-Umoove-1.png"},"aioseo_meta_data":{"post_id":"11641","title":null,"description":null,"keywords":null,"keyphrases":{"focus":{"keyphrase":"","score":0,"analysis":{"keyphraseInTitle":{"score":0,"maxScore":9,"error":1}}},"additional":[]},"primary_term":null,"canonical_url":null,"og_title":null,"og_description":null,"og_object_type":"default","og_image_type":"default","og_image_url":null,"og_image_width":null,"og_image_height":null,"og_image_custom_url":null,"og_image_custom_fields":null,"og_video":"","og_custom_url":null,"og_article_section":null,"og_article_tags":null,"twitter_use_og":false,"twitter_card":"default","twitter_image_type":"default","twitter_image_url":null,"twitter_image_custom_url":null,"twitter_image_custom_fields":null,"twitter_title":null,"twitter_description":null,"schema":{"blockGraphs":[],"customGraphs":[],"default":{"data":{"Article":[],"Course":[],"Dataset":[],"FAQPage":[],"Movie":[],"Person":[],"Product":[],"ProductReview":[],"Car":[],"Recipe":[],"Service":[],"SoftwareApplication":[],"WebPage":[]},"graphName":"BlogPosting","isEnabled":true},"graphs":[]},"schema_type":"default","schema_type_options":null,"pillar_content":false,"robots_default":true,"robots_noindex":false,"robots_noarchive":false,"robots_nosnippet":false,"robots_nofollow":false,"robots_noimageindex":false,"robots_noodp":false,"robots_notranslate":false,"robots_max_snippet":"-1","robots_max_videopreview":"-1","robots_max_imagepreview":"large","priority":null,"frequency":"default","local_seo":null,"breadcrumb_settings":null,"limit_modified_date":false,"ai":{"faqs":[],"keyPoints":[],"schemas":[],"titles":[],"descriptions":[],"socialPosts":{"email":{"subject":"","preview":"","content":""},"linkedin":[],"twitter":[],"facebook":[],"instagram":[]}},"created":"2026-08-30 13:44:36","updated":"2026-08-30 15:47:12","seo_analyzer_scan_date":null,"focus_keyword":null,"additional_keywords":null,"truseo_locale":null},"aioseo_breadcrumb":"<div class=\"aioseo-breadcrumbs\"><span class=\"aioseo-breadcrumb\">\n\t\t\t<a href=\"https:\/\/umoove.art\" title=\"Accueil\">Accueil<\/a>\n\t\t<\/span><span class=\"aioseo-breadcrumb-separator\">&raquo;<\/span><span class=\"aioseo-breadcrumb\">\n\t\t\t<a href=\"https:\/\/umoove.art\/index.php\/category\/annonce\/\" title=\"ANNONCE\">ANNONCE<\/a>\n\t\t<\/span><span class=\"aioseo-breadcrumb-separator\">&raquo;<\/span><span class=\"aioseo-breadcrumb\">\n\t\t\tLes immanquables de l\u2019automne \u2014 Danse en Nouvelle-Aquitaine\n\t\t<\/span><\/div>","aioseo_breadcrumb_json":[{"label":"Accueil","link":"https:\/\/umoove.art"},{"label":"ANNONCE","link":"https:\/\/umoove.art\/index.php\/category\/annonce\/"},{"label":"Les immanquables de l\u2019automne \u2014 Danse en Nouvelle-Aquitaine","link":"https:\/\/umoove.art\/index.php\/2026\/08\/30\/les-immanquables-de-lautomne-danse-en-nouvelle-aquitaine\/"}],"_links":{"self":[{"href":"https:\/\/umoove.art\/index.php\/wp-json\/wp\/v2\/posts\/11641","targetHints":{"allow":["GET"]}}],"collection":[{"href":"https:\/\/umoove.art\/index.php\/wp-json\/wp\/v2\/posts"}],"about":[{"href":"https:\/\/umoove.art\/index.php\/wp-json\/wp\/v2\/types\/post"}],"author":[{"embeddable":true,"href":"https:\/\/umoove.art\/index.php\/wp-json\/wp\/v2\/users\/1"}],"replies":[{"embeddable":true,"href":"https:\/\/umoove.art\/index.php\/wp-json\/wp\/v2\/comments?post=11641"}],"version-history":[{"count":2,"href":"https:\/\/umoove.art\/index.php\/wp-json\/wp\/v2\/posts\/11641\/revisions"}],"predecessor-version":[{"id":11645,"href":"https:\/\/umoove.art\/index.php\/wp-json\/wp\/v2\/posts\/11641\/revisions\/11645"}],"wp:attachment":[{"href":"https:\/\/umoove.art\/index.php\/wp-json\/wp\/v2\/media?parent=11641"}],"wp:term":[{"taxonomy":"category","embeddable":true,"href":"https:\/\/umoove.art\/index.php\/wp-json\/wp\/v2\/categories?post=11641"},{"taxonomy":"post_tag","embeddable":true,"href":"https:\/\/umoove.art\/index.php\/wp-json\/wp\/v2\/tags?post=11641"}],"curies":[{"name":"wp","href":"https:\/\/api.w.org\/{rel}","templated":true}]}}