{"id":10575,"date":"2026-01-27T19:11:15","date_gmt":"2026-01-27T18:11:15","guid":{"rendered":"https:\/\/umoove.art\/?p=10575"},"modified":"2026-01-27T19:12:14","modified_gmt":"2026-01-27T18:12:14","slug":"les-hivernales-2026-un-festival-de-danses-plurielle-a-avignon","status":"publish","type":"post","link":"https:\/\/umoove.art\/index.php\/2026\/01\/27\/les-hivernales-2026-un-festival-de-danses-plurielle-a-avignon\/","title":{"rendered":"Les Hivernales 2026 : un festival de danses plurielle \u00e0 Avignon"},"content":{"rendered":"\n<figure class=\"wp-block-image size-large\"><img loading=\"lazy\" decoding=\"async\" width=\"1024\" height=\"819\" src=\"https:\/\/umoove.art\/wp-content\/uploads\/2026\/01\/Umoove-site-internet-5-1024x819.jpg\" alt=\"\" class=\"wp-image-10576\" srcset=\"https:\/\/umoove.art\/wp-content\/uploads\/2026\/01\/Umoove-site-internet-5-1024x819.jpg 1024w, https:\/\/umoove.art\/wp-content\/uploads\/2026\/01\/Umoove-site-internet-5-300x240.jpg 300w, https:\/\/umoove.art\/wp-content\/uploads\/2026\/01\/Umoove-site-internet-5-768x614.jpg 768w, https:\/\/umoove.art\/wp-content\/uploads\/2026\/01\/Umoove-site-internet-5-1536x1229.jpg 1536w, https:\/\/umoove.art\/wp-content\/uploads\/2026\/01\/Umoove-site-internet-5.jpg 2000w\" sizes=\"auto, (max-width: 1024px) 100vw, 1024px\" \/><\/figure>\n\n\n\n<p><\/p>\n\n\n\n<h2 class=\"wp-block-heading\"><strong>Du 3 au 21 f\u00e9vrier, Avignon et sa r\u00e9gion \u2014 Cavaillon, Ved\u00e8ne, Villeneuve-lez-Avignon \u2014 accueillent la 48\u1d49 \u00e9dition des Hivernales, dirig\u00e9e par <a href=\"https:\/\/umoove.art\/index.php\/2025\/07\/27\/isabelle-martin-bridot\/\" title=\"\">Isabelle Martin-Bridot<\/a>. Depuis pr\u00e8s de cinquante ans, le festival m\u00eale tradition et innovation, rigueur et audace. Cette \u00e9dition rassemble 21 compagnies pour 28 repr\u00e9sentations, dont neuf cr\u00e9ations 2026, trois premi\u00e8res et une premi\u00e8re r\u00e9gionale.<\/strong><\/h2>\n\n\n\n<h3 class=\"wp-block-heading\">Ouverture et diversit\u00e9 \u2026 pour les petits et les plus grands<\/h3>\n\n\n\n<p>Le programme se veut ouvert et divers. Solos contemplatifs, pi\u00e8ces immersives, formes intimistes ou collectives spectaculaires : le spectateur peut composer son propre parcours, passant de la d\u00e9licatesse \u00e0 des exp\u00e9riences plus physiques et bruyantes. Chaque pi\u00e8ce engage le corps et l\u2019esprit.<\/p>\n\n\n\n<p>Le festival d\u00e9marre avec <em>L\u2019Amoureux de Madame Muscle<\/em> de <strong>Michel Kelemenis<\/strong>, conte dans\u00e9 pour enfants, et poursuit avec la version charnelle du <em>Petit Chaperon rouge<\/em> par <strong>Sylvain Huc<\/strong>. Parmi les temps forts :<\/p>\n\n\n\n<ul class=\"wp-block-list\">\n<li><em>Kill me<\/em> de <strong>Marina Otero<\/strong>, une plong\u00e9e radicale dans la vuln\u00e9rabilit\u00e9 et la folie.<\/li>\n\n\n\n<li><em>Heliosfera<\/em> de <strong>V\u00e2nia Vaneau<\/strong>, o\u00f9 la lumi\u00e8re devient mati\u00e8re et transforme le plateau en sculpture mouvante.<\/li>\n\n\n\n<li><em>Notre derni\u00e8re nuit<\/em> de <strong>Nacim Battou<\/strong>, m\u00e9lange de danse contemporaine, hip-hop et cirque, sur la r\u00e9silience face \u00e0 l\u2019adversit\u00e9.<\/li>\n<\/ul>\n\n\n\n<h3 class=\"wp-block-heading\"><strong>Coups de coeur<\/strong><\/h3>\n\n\n\n<p><strong>Marco da Silva Ferreira \u2013 <em><a href=\"https:\/\/umoove.art\/index.php\/2024\/04\/28\/a-corps\/\" title=\"\">CARCA\u00c7A<\/a><\/em><\/strong><br>Issu de la lign\u00e9e Hofesh Schechter, Ferreira propose une danse violente et jubilatoire. L\u2019\u00e9nergie collective devient langage et \u00e9motion. La musique et les percussions structurent la pi\u00e8ce et interrogent le spectateur sur le lien entre corps et communaut\u00e9.<\/p>\n\n\n\n<p><strong>Madeleine Fournier \u2013 <em>Branle<\/em><\/strong><br>Fournier modernise la danse populaire de la Renaissance. Six danseurs et deux musiciens explorent les corps sans contact, avec une intensit\u00e9 \u00e9motionnelle inattendue. La pi\u00e8ce m\u00eale d\u00e9sir, tradition et modernit\u00e9, accessible et sensible.<\/p>\n\n\n\n<p><strong>Caroline Breton \u2013 <em>EUPHORIA<\/em><\/strong><br>Deux chouettes dialoguent sur sc\u00e8ne dans un univers lumineux et sonore. Fantaisie, acrobatie et pulsion vitale se combinent pour une pi\u00e8ce tout public, pleine d\u2019humour et d\u2019\u00e9merveillement.<\/p>\n\n\n\n<p>Le festival propose aussi <em>Les Hiver\u00d4momes<\/em>, neuf repr\u00e9sentations jeune public, ainsi que stages, projections et rencontres pour approfondir la compr\u00e9hension et la pratique de la danse contemporaine. Les Hivernales 2026 confirment la vision de sa direction : la richesse du festival tient \u00e0 sa diversit\u00e9 d\u2019\u00e9critures et de formes. Chaque pi\u00e8ce impose sa singularit\u00e9 et son exigence, explorant fragilit\u00e9, absence, amour ou r\u00e9sistance. Plus qu\u2019un \u00e9v\u00e9nement, le festival reste un lieu d\u2019exp\u00e9rience, de rencontre et de r\u00e9flexion sur le corps et le monde.<\/p>\n\n\n\n<p><strong>C\u00e9dric Chaory<\/strong><\/p>\n\n\n\n<p>\u00a9 Clelia Schaeffer-<em>EUPHORIA<\/em> de Caroline Breton<\/p>\n\n\n\n<p><a href=\"https:\/\/www.hivernales-avignon.com\/les-hivernales-2026\">Les Hivernales 2026 &#8211; CDCN &#8211; Les Hivernales<\/a><\/p>\n","protected":false},"excerpt":{"rendered":"<p>Du 3 au 21 f\u00e9vrier, Avignon et sa r\u00e9gion \u2014 Cavaillon, Ved\u00e8ne, Villeneuve-lez-Avignon \u2014 accueillent la 48\u1d49 \u00e9dition des Hivernales, dirig\u00e9e par Isabelle Martin-Bridot. Depuis pr\u00e8s de cinquante ans, le festival m\u00eale tradition et innovation, rigueur et audace. Cette \u00e9dition rassemble 21 compagnies pour 28 repr\u00e9sentations, dont neuf cr\u00e9ations 2026, trois premi\u00e8res et une premi\u00e8re &hellip;<\/p>\n<p class=\"read-more\"> <a class=\"\" href=\"https:\/\/umoove.art\/index.php\/2026\/01\/27\/les-hivernales-2026-un-festival-de-danses-plurielle-a-avignon\/\"> <span class=\"screen-reader-text\">Les Hivernales 2026 : un festival de danses plurielle \u00e0 Avignon<\/span> Lire la suite\u00a0\u00bb<\/a><\/p>\n","protected":false},"author":1,"featured_media":0,"comment_status":"closed","ping_status":"closed","sticky":false,"template":"","format":"standard","meta":{"site-sidebar-layout":"default","site-content-layout":"default","ast-global-header-display":"","ast-banner-title-visibility":"","ast-main-header-display":"","ast-hfb-above-header-display":"","ast-hfb-below-header-display":"","ast-hfb-mobile-header-display":"","site-post-title":"","ast-breadcrumbs-content":"","ast-featured-img":"","footer-sml-layout":"","theme-transparent-header-meta":"","adv-header-id-meta":"","stick-header-meta":"","header-above-stick-meta":"","header-main-stick-meta":"","header-below-stick-meta":"","footnotes":""},"categories":[52],"tags":[454,244,149,455,456],"class_list":["post-10575","post","type-post","status-publish","format-standard","hentry","category-annonce","tag-caroline-breton","tag-les-hivernales-cdcn-avignon","tag-marco-da-silva-ferreira","tag-michel-kelemenis","tag-sylvain-huc"],"aioseo_notices":[],"_links":{"self":[{"href":"https:\/\/umoove.art\/index.php\/wp-json\/wp\/v2\/posts\/10575","targetHints":{"allow":["GET"]}}],"collection":[{"href":"https:\/\/umoove.art\/index.php\/wp-json\/wp\/v2\/posts"}],"about":[{"href":"https:\/\/umoove.art\/index.php\/wp-json\/wp\/v2\/types\/post"}],"author":[{"embeddable":true,"href":"https:\/\/umoove.art\/index.php\/wp-json\/wp\/v2\/users\/1"}],"replies":[{"embeddable":true,"href":"https:\/\/umoove.art\/index.php\/wp-json\/wp\/v2\/comments?post=10575"}],"version-history":[{"count":1,"href":"https:\/\/umoove.art\/index.php\/wp-json\/wp\/v2\/posts\/10575\/revisions"}],"predecessor-version":[{"id":10577,"href":"https:\/\/umoove.art\/index.php\/wp-json\/wp\/v2\/posts\/10575\/revisions\/10577"}],"wp:attachment":[{"href":"https:\/\/umoove.art\/index.php\/wp-json\/wp\/v2\/media?parent=10575"}],"wp:term":[{"taxonomy":"category","embeddable":true,"href":"https:\/\/umoove.art\/index.php\/wp-json\/wp\/v2\/categories?post=10575"},{"taxonomy":"post_tag","embeddable":true,"href":"https:\/\/umoove.art\/index.php\/wp-json\/wp\/v2\/tags?post=10575"}],"curies":[{"name":"wp","href":"https:\/\/api.w.org\/{rel}","templated":true}]}}