{"id":8086,"date":"2025-03-06T16:11:13","date_gmt":"2025-03-06T15:11:13","guid":{"rendered":"https:\/\/umoove.art\/?p=8086"},"modified":"2025-08-20T16:09:33","modified_gmt":"2025-08-20T14:09:33","slug":"festival-a-corps-2","status":"publish","type":"post","link":"http:\/\/umoove.art\/index.php\/2025\/03\/06\/festival-a-corps-2\/","title":{"rendered":"Festival \u00c0 CORPS"},"content":{"rendered":"\t\t<div data-elementor-type=\"wp-post\" data-elementor-id=\"8086\" class=\"elementor elementor-8086\" data-elementor-post-type=\"post\">\n\t\t\t\t\t\t\t\t\t<section class=\"elementor-section elementor-top-section elementor-element elementor-element-ba93ba7 elementor-section-boxed elementor-section-height-default elementor-section-height-default\" data-id=\"ba93ba7\" data-element_type=\"section\">\n\t\t\t\t\t\t<div class=\"elementor-container elementor-column-gap-default\">\n\t\t\t\t\t<div class=\"elementor-column elementor-col-100 elementor-top-column elementor-element elementor-element-46def9e\" data-id=\"46def9e\" data-element_type=\"column\">\n\t\t\t<div class=\"elementor-widget-wrap elementor-element-populated\">\n\t\t\t\t\t\t\t\t<div class=\"elementor-element elementor-element-3a9bfe3 elementor-widget elementor-widget-image\" data-id=\"3a9bfe3\" data-element_type=\"widget\" data-widget_type=\"image.default\">\n\t\t\t\t<div class=\"elementor-widget-container\">\n\t\t\t<style>\/*! elementor - v3.14.0 - 26-06-2023 *\/\n.elementor-widget-image{text-align:center}.elementor-widget-image a{display:inline-block}.elementor-widget-image a img[src$=\".svg\"]{width:48px}.elementor-widget-image img{vertical-align:middle;display:inline-block}<\/style>\t\t\t\t\t\t\t\t\t\t\t\t<img decoding=\"async\" src=\"http:\/\/umoove.art\/wp-content\/uploads\/2025\/03\/D.A.N.S.E.R.jpg\" title=\"\" alt=\"\" loading=\"lazy\" \/>\t\t\t\t\t\t\t\t\t\t\t\t\t\t\t<\/div>\n\t\t\t\t<\/div>\n\t\t\t\t\t<\/div>\n\t\t<\/div>\n\t\t\t\t\t\t\t<\/div>\n\t\t<\/section>\n\t\t\t\t<section class=\"elementor-section elementor-top-section elementor-element elementor-element-1cb417c elementor-section-boxed elementor-section-height-default elementor-section-height-default\" data-id=\"1cb417c\" data-element_type=\"section\">\n\t\t\t\t\t\t<div class=\"elementor-container elementor-column-gap-default\">\n\t\t\t\t\t<div class=\"elementor-column elementor-col-100 elementor-top-column elementor-element elementor-element-5dcc2f4\" data-id=\"5dcc2f4\" data-element_type=\"column\">\n\t\t\t<div class=\"elementor-widget-wrap elementor-element-populated\">\n\t\t\t\t\t\t\t\t<div class=\"elementor-element elementor-element-e2ba35f elementor-widget elementor-widget-heading\" data-id=\"e2ba35f\" data-element_type=\"widget\" data-widget_type=\"heading.default\">\n\t\t\t\t<div class=\"elementor-widget-container\">\n\t\t\t<style>\/*! elementor - v3.14.0 - 26-06-2023 *\/\n.elementor-heading-title{padding:0;margin:0;line-height:1}.elementor-widget-heading .elementor-heading-title[class*=elementor-size-]>a{color:inherit;font-size:inherit;line-height:inherit}.elementor-widget-heading .elementor-heading-title.elementor-size-small{font-size:15px}.elementor-widget-heading .elementor-heading-title.elementor-size-medium{font-size:19px}.elementor-widget-heading .elementor-heading-title.elementor-size-large{font-size:29px}.elementor-widget-heading .elementor-heading-title.elementor-size-xl{font-size:39px}.elementor-widget-heading .elementor-heading-title.elementor-size-xxl{font-size:59px}<\/style><h2 class=\"elementor-heading-title elementor-size-default\">\u00c0 CORPS: de l\u2019audace, de la po\u00e9sie et du politique<\/h2>\t\t<\/div>\n\t\t\t\t<\/div>\n\t\t\t\t\t<\/div>\n\t\t<\/div>\n\t\t\t\t\t\t\t<\/div>\n\t\t<\/section>\n\t\t\t\t<section class=\"elementor-section elementor-top-section elementor-element elementor-element-46da8a0 elementor-section-boxed elementor-section-height-default elementor-section-height-default\" data-id=\"46da8a0\" data-element_type=\"section\">\n\t\t\t\t\t\t<div class=\"elementor-container elementor-column-gap-default\">\n\t\t\t\t\t<div class=\"elementor-column elementor-col-100 elementor-top-column elementor-element elementor-element-3b9e573\" data-id=\"3b9e573\" data-element_type=\"column\">\n\t\t\t<div class=\"elementor-widget-wrap elementor-element-populated\">\n\t\t\t\t\t\t\t\t<div class=\"elementor-element elementor-element-0cd9b0b elementor-widget elementor-widget-text-editor\" data-id=\"0cd9b0b\" data-element_type=\"widget\" data-widget_type=\"text-editor.default\">\n\t\t\t\t<div class=\"elementor-widget-container\">\n\t\t\t<style>\/*! elementor - v3.14.0 - 26-06-2023 *\/\n.elementor-widget-text-editor.elementor-drop-cap-view-stacked .elementor-drop-cap{background-color:#69727d;color:#fff}.elementor-widget-text-editor.elementor-drop-cap-view-framed .elementor-drop-cap{color:#69727d;border:3px solid;background-color:transparent}.elementor-widget-text-editor:not(.elementor-drop-cap-view-default) .elementor-drop-cap{margin-top:8px}.elementor-widget-text-editor:not(.elementor-drop-cap-view-default) .elementor-drop-cap-letter{width:1em;height:1em}.elementor-widget-text-editor .elementor-drop-cap{float:left;text-align:center;line-height:1;font-size:50px}.elementor-widget-text-editor .elementor-drop-cap-letter{display:inline-block}<\/style>\t\t\t\t<h3>Du 9 au 17 avril 2025, Poitiers accueille la 31\u00e8me \u00e9dition du festival&nbsp;<i style=\"color: var(--ast-global-color-2); font-size: 1.66667rem; background-color: var(--ast-global-color-5);\">\u00c0 CORPS,&nbsp;<\/i><span style=\"color: var(--ast-global-color-2); font-size: 1.66667rem; font-style: inherit; background-color: var(--ast-global-color-5);\">toujours prompt \u00e0 c\u00e9l\u00e9brer la danse sous toutes ses formes. Avec 27 spectacles amateurs et professionnels, des rencontres, des temps de r\u00e9flexion et des \u00e9chauffements collectifs, <\/span><i style=\"color: var(--ast-global-color-2); font-size: 1.66667rem; background-color: var(--ast-global-color-5);\">\u00c0 CORPS<\/i><span style=\"color: var(--ast-global-color-2); font-size: 1.66667rem; font-style: inherit; background-color: var(--ast-global-color-5);\"> bouscule nos repr\u00e9sentations du corps. Organis\u00e9 par les Universit\u00e9 de Poitiers, Centre d\u2019Animation de Beaulieu et TAP, Sc\u00e8ne nationale du Grand Poitiers, le festival mixe audace, po\u00e9sie et politique. S\u00e9lection (non exhaustive) de pi\u00e8ces qui claquent !<\/span><\/h3>\n<h4>Rebecca Journo : Une danse des m\u00e9tamorphoses f\u00e9minines<\/h4>\n<p><a href=\"https:\/\/umoove.art\/index.php\/2022\/12\/14\/rebecca-journo\/\" target=\"_blank\" rel=\"noopener\">Rebecca Journo<\/a>, artiste associ\u00e9e au TAP,<span style=\"font-style: inherit; font-weight: inherit; background-color: var(--ast-global-color-5);\">&nbsp;poursuit une qu\u00eate artistique fascinante o\u00f9 la danse, loin de se cantonner \u00e0 une simple expression esth\u00e9tique, devient un moyen de scruter les fondements du f\u00e9minin et ses d\u00e9rives. \u00c0 travers ses pi\u00e8ces, l\u2019artiste d\u00e9peint un univers o\u00f9 les arch\u00e9types f\u00e9minins se confrontent \u00e0 une d\u00e9construction radicale, au service d&rsquo;une vision poignante et parfois inqui\u00e9tante du corps.<\/span><span style=\"font-style: inherit; font-weight: inherit; background-color: var(--ast-global-color-5);\">&nbsp;<\/span><\/p>\n<p>Dans <i>L\u2019\u00c9pouse<\/i>, elle incarne cette figure spectrale, errant sans \u00e2me dans une marche nuptiale, tir\u00e9e par des fils invisibles, oscillant entre un sacre in\u00e9vitable et une totale d\u00e9personnalisation. <i>La M\u00e9nag\u00e8re<\/i> pousse plus loin l\u2019exploration, transformant la cuisine, ce sanctuaire quotidien, en un lieu d\u2019ali\u00e9nation o\u00f9 la danse devient une m\u00e9canique de la r\u00e9p\u00e9tition, une d\u00e9rive subtile entre routine et dysfonctionnement.<span style=\"font-style: inherit; font-weight: inherit; background-color: var(--ast-global-color-5);\">&nbsp;<\/span><\/p>\n<p>Enfin, dans <i>Les amours de la pieuvre<\/i>, la chor\u00e9graphe et ses complices ouvrent un espace organique, immersif, o\u00f9 la fluidit\u00e9 du d\u00e9sir et des imaginaires se fondent dans une recherche sensorielle troublante. Rebecca, avec une ma\u00eetrise inou\u00efe, pousse son corps et celui des spectateurs \u00e0 l\u2019extr\u00eame limite de la transformation, l\u00e0 o\u00f9 le sens du f\u00e9minin, dans ses contradictions et ses m\u00e9tamorphoses, se trouve \u00e0 la fois r\u00e9v\u00e9l\u00e9 et d\u00e9construit. Chaque geste, chaque mouvement, semble vou\u00e9 \u00e0 d\u00e9construire l\u2019id\u00e9e m\u00eame du f\u00e9minin traditionnel pour nous offrir un portrait brut, complexe et \u00e9trangement lib\u00e9r\u00e9 de ses contours fig\u00e9s. Coup de c\u0153ur.<\/p>\n<h4><b>La sc\u00e8ne comme espace de lutte et de r\u00e9volte<\/b><\/h4>\n<p><i>\u00c0 CORPS <\/i>a toujours \u00e9t\u00e9 ce lieu d&rsquo;exp\u00e9rimentation o\u00f9 la danse devient une forme de r\u00e9sistance. Avec <i>DEUX MILLE VINGT TROIS<\/i>, <b>Maguy Marin<\/b> r\u00e9unit th\u00e9\u00e2tre et danse dans un discours acerbe contre l&#8217;emprise des m\u00e9dias et la manipulation de l&rsquo;opinion. Sur sc\u00e8ne, les corps et les mots se confrontent, se heurtent \u00e0 la paroi invisible d\u2019une r\u00e9alit\u00e9 alt\u00e9r\u00e9e par des images et des discours impos\u00e9s. La r\u00e9volte traverse cette \u0153uvre comme une onde de choc, chaque mouvement et chaque parole devenant un instrument de critique et de dissidence.<span style=\"font-style: inherit; font-weight: inherit; background-color: var(--ast-global-color-5);\">&nbsp;<\/span><\/p>\n<p><b style=\"font-style: inherit; background-color: var(--ast-global-color-5);\">Samaa Wakim, <\/b><span style=\"font-style: inherit; font-weight: inherit; background-color: var(--ast-global-color-5);\">avec <\/span><i style=\"font-weight: inherit; background-color: var(--ast-global-color-5);\">Losing It !,<\/i><span style=\"font-style: inherit; font-weight: inherit; background-color: var(--ast-global-color-5);\"> tisse un solo o\u00f9 le corps devient l&rsquo;\u00e9cho d&rsquo;un h\u00e9ritage de souffrance, la guerre et la fronti\u00e8re marquant la chair, mais aussi l\u2019espoir d\u2019une autre mani\u00e8re d&rsquo;exister dans le chaos. Sa danse devient ainsi une tentative de r\u00e9silience face \u00e0 un monde de plus en plus fractur\u00e9. Ces \u0153uvres, radicales et n\u00e9cessaires, rappellent que la sc\u00e8ne n\u2019est pas seulement un lieu d\u2019expression, mais un espace de lutte o\u00f9 la parole et le corps peuvent encore se dresser contre les forces d<\/span><b style=\"font-style: inherit; background-color: var(--ast-global-color-5);\">\u2019oppression.<\/b><\/p>\n<h4><b>La Nouvelle-Aquitaine in da place !<\/b><\/h4>\n<p>Le festival rend hommage \u00e0 la sc\u00e8ne chor\u00e9graphique de Nouvelle-Aquitaine, qui se distingue par sa capacit\u00e9 \u00e0 repousser sans cesse les limites de la danse contemporaine. <b>Michel Schweizer<\/b>, dans <i>Vivant !<\/i>, cr\u00e9e un espace suspendu, un entre-deux o\u00f9 art et \u00e9thique se m\u00ealent pour interroger nos rapports au monde et aux autres, tandis que dans <i>DOGS<\/i>, il red\u00e9finit les fronti\u00e8res de l\u2019inclusion, inversant les r\u00f4les en faisant danser les figures qui l\u2019ont inspir\u00e9e, transcendant ainsi les notions de hi\u00e9rarchie dans la transmission.<span style=\"font-style: inherit; font-weight: inherit; background-color: var(--ast-global-color-5);\">&nbsp;<\/span><\/p>\n<p>Le duo rochelais <b>Sine Qua Non Art<\/b> offre, aux \u00e9l\u00e8ves de l\u2019Atlantique Ballet Contemporain, <i>Plus chaud <\/i>une \u0153uvre fi\u00e9vreuse et envo\u00fbtante, alors que la poitevine<b> Julie Coutant<\/b>, avec <i>Tout ou\u00efe,<\/i> plonge le spectateur dans un voyage sensoriel, o\u00f9 le corps devient r\u00e9ceptacle de toutes les vibrations qui l\u2019entourent.<span style=\"font-style: inherit; font-weight: inherit; background-color: var(--ast-global-color-5);\">&nbsp;<\/span><\/p>\n<p>Enfin, <b>Gilles Baron<\/b>, avec <i>Des c\u0153urs courrouc\u00e9s<\/i>, orchestre une fresque chor\u00e9graphique envo\u00fbtante, explorant la puissance de la masse et l&rsquo;improvisation, dans une qu\u00eate de libert\u00e9 au sein de la collectivit\u00e9. Ces \u0153uvres font partie d\u2019une sc\u00e8ne r\u00e9gionale en plein essor, un terreau fertile pour des propositions ambitieuses et audacieuses, o\u00f9 l\u2019\u00e9motion brute et l\u2019alterit\u00e9 se rencontrent.<\/p>\n<h4>La lambada, entre d\u00e9sir et g\u00e9opolitique<\/h4>\n<p>Le <b>Collectif \u00c8S<\/b> \u2013 tout nouveau directeur du centre chor\u00e9graphique national d\u2019Orl\u00e9ans &#8211; revisite la lambada dans une proposition o\u00f9 la danse devient le miroir d\u2019une \u00e9poque, tout en engageant un dialogue inattendu avec la g\u00e9opolitique. Le tube de 1989, ph\u00e9nom\u00e8ne plan\u00e9taire, est ici d\u00e9tourn\u00e9 de son contexte festif pour se transformer en une r\u00e9flexion sur les liens physiques et id\u00e9ologiques. <br>La lambada, loin d\u2019\u00eatre une simple danse sensuelle, se transforme en un espace d\u2019exploration du contact, du rapprochement des corps et de la dissolution des fronti\u00e8res. En revisitant ce mouvement collectif et fusionnel, la pi\u00e8ce questionne la signification m\u00eame du rapprochement des corps dans un monde o\u00f9 les fronti\u00e8res, qu\u2019elles soient physiques ou id\u00e9ologiques, n\u2019ont jamais \u00e9t\u00e9 aussi pr\u00e9sentes. R\u00e9flexion sur l\u2019hybridit\u00e9, la rencontre et l\u2019alt\u00e9rit\u00e9, on adore !<\/p>\n<h4>Au pays d&rsquo;Alice Davazoglou<\/h4>\n<p>Le festival met \u00e9galement \u00e0 l&rsquo;honneur <b>Alice Davazoglou<\/b>, une artiste qui red\u00e9finit les contours de la danse inclusive. Dans <i>Danser ensemble<\/i>, Alice, porteuse de trisomie 21, bouleverse les conventions en inversant les r\u00f4les : ce sont les chor\u00e9graphes qui, \u00e0 son initiative, dansent \u00e0 ses c\u00f4t\u00e9s, transformant l\u2019acte de transmission en un processus profond\u00e9ment \u00e9galitaire. Cette inversion des r\u00f4les n&rsquo;est pas seulement une r\u00e9affirmation de l\u2019inclusion, elle devient un acte politique en soi. Parall\u00e8lement, <i>Je regarde les \u00e9<\/i>toiles, son exposition de dessins et de vid\u00e9os, permet d\u2019appr\u00e9hender l\u2019artiste dans sa qu\u00eate personnelle, o\u00f9 son corps et son esprit fusionnent pour offrir une vision intime de son monde et de sa danse. Une \u0153uvre g\u00e9n\u00e9reuse et lib\u00e9ratrice qui brise les fronti\u00e8res invisibles entre art et handicap.<\/p>\n<h4><b>Une 31e \u00e9dition vibrante et in\u00e9dite<\/b><\/h4>\n<p>Incontestablement la 31\u00e8me \u00e9dition du Festival <i>\u00c0 CORPS<\/i> est une emballante c\u00e9l\u00e9bration du corps comme outil de r\u00e9sistance et d\u2019expression. \u00c0 travers les performances des 150 lyc\u00e9ens et \u00e9tudiants venus de divers horizons, la danse devient un langage vivant, un moyen d\u2019\u00e9mancipation, un acte de partage et de transformation. Cette \u00e9dition, qui juxtapose le grand jet\u00e9 d\u00e9brid\u00e9 de&nbsp; &nbsp; &nbsp; <b>Sylvia Gribaudi<\/b>, l\u2019\u00e9nergie du dancefloor et des performances audacieuses, s\u2019affirme comme un v\u00e9ritable espace de rencontre, de r\u00e9flexion et de f\u00eate. Comme le souligne <b>Rapha\u00eblle Girard<\/b>, directrice artistique, cette manifestation ce sont&nbsp;&nbsp;<i>\u00ab des corps qui parlent, performent, prennent des risques, v\u00e9hiculent des \u00e9motions, nous invitent \u00e0 penser \u00bb. <\/i>Une promesse vibrante d\u2019une danse en perp\u00e9tuel mouvement, r\u00e9solument en prise avec le monde.<\/p>\n<p><strong>C\u00e9dric Chaory<\/strong><\/p>\n<p><strong>\u00a9Remo Ubezio<\/strong><\/p>\n<p><a href=\"https:\/\/festivalacorps.com\/\">Festival \u00c0 Corps &#8211; le corps et ses repr\u00e9sentations contemporaines<\/a><\/p>\t\t\t\t\t\t<\/div>\n\t\t\t\t<\/div>\n\t\t\t\t\t<\/div>\n\t\t<\/div>\n\t\t\t\t\t\t\t<\/div>\n\t\t<\/section>\n\t\t\t\t\t\t\t<\/div>\n\t\t","protected":false},"excerpt":{"rendered":"<p>\u00c0 CORPS: de l\u2019audace, de la po\u00e9sie et du politique Du 9 au 17 avril 2025, Poitiers accueille la 31\u00e8me \u00e9dition du festival&nbsp;\u00c0 CORPS,&nbsp;toujours prompt \u00e0 c\u00e9l\u00e9brer la danse sous toutes ses formes. Avec 27 spectacles amateurs et professionnels, des rencontres, des temps de r\u00e9flexion et des \u00e9chauffements collectifs, \u00c0 CORPS bouscule nos repr\u00e9sentations du &hellip;<\/p>\n<p class=\"read-more\"> <a class=\"\" href=\"http:\/\/umoove.art\/index.php\/2025\/03\/06\/festival-a-corps-2\/\"> <span class=\"screen-reader-text\">Festival \u00c0 CORPS<\/span> Lire la suite\u00a0\u00bb<\/a><\/p>\n","protected":false},"author":1,"featured_media":0,"comment_status":"closed","ping_status":"closed","sticky":false,"template":"","format":"standard","meta":{"site-sidebar-layout":"default","site-content-layout":"default","ast-global-header-display":"","ast-banner-title-visibility":"","ast-main-header-display":"","ast-hfb-above-header-display":"","ast-hfb-below-header-display":"","ast-hfb-mobile-header-display":"","site-post-title":"","ast-breadcrumbs-content":"","ast-featured-img":"","footer-sml-layout":"","theme-transparent-header-meta":"","adv-header-id-meta":"","stick-header-meta":"","header-above-stick-meta":"","header-main-stick-meta":"","header-below-stick-meta":"","footnotes":""},"categories":[52],"tags":[175,176,173,174,177,96,18,31],"class_list":["post-8086","post","type-post","status-publish","format-standard","hentry","category-annonce","tag-collectif-es","tag-lambada","tag-maguy-marin","tag-michel-schweizer","tag-poitiers","tag-raphaelle-girard","tag-rebecca-journo","tag-tap-poitiers"],"aioseo_notices":[],"_links":{"self":[{"href":"http:\/\/umoove.art\/index.php\/wp-json\/wp\/v2\/posts\/8086","targetHints":{"allow":["GET"]}}],"collection":[{"href":"http:\/\/umoove.art\/index.php\/wp-json\/wp\/v2\/posts"}],"about":[{"href":"http:\/\/umoove.art\/index.php\/wp-json\/wp\/v2\/types\/post"}],"author":[{"embeddable":true,"href":"http:\/\/umoove.art\/index.php\/wp-json\/wp\/v2\/users\/1"}],"replies":[{"embeddable":true,"href":"http:\/\/umoove.art\/index.php\/wp-json\/wp\/v2\/comments?post=8086"}],"version-history":[{"count":31,"href":"http:\/\/umoove.art\/index.php\/wp-json\/wp\/v2\/posts\/8086\/revisions"}],"predecessor-version":[{"id":9147,"href":"http:\/\/umoove.art\/index.php\/wp-json\/wp\/v2\/posts\/8086\/revisions\/9147"}],"wp:attachment":[{"href":"http:\/\/umoove.art\/index.php\/wp-json\/wp\/v2\/media?parent=8086"}],"wp:term":[{"taxonomy":"category","embeddable":true,"href":"http:\/\/umoove.art\/index.php\/wp-json\/wp\/v2\/categories?post=8086"},{"taxonomy":"post_tag","embeddable":true,"href":"http:\/\/umoove.art\/index.php\/wp-json\/wp\/v2\/tags?post=8086"}],"curies":[{"name":"wp","href":"https:\/\/api.w.org\/{rel}","templated":true}]}}