{"id":2712,"date":"2022-12-13T13:09:45","date_gmt":"2022-12-13T12:09:45","guid":{"rendered":"http:\/\/umoove.art\/?p=2712"},"modified":"2022-12-13T13:13:22","modified_gmt":"2022-12-13T12:13:22","slug":"thomas-lebrun","status":"publish","type":"post","link":"http:\/\/umoove.art\/index.php\/2022\/12\/13\/thomas-lebrun\/","title":{"rendered":"Thomas Lebrun"},"content":{"rendered":"\t\t<div data-elementor-type=\"wp-post\" data-elementor-id=\"2712\" class=\"elementor elementor-2712\" data-elementor-post-type=\"post\">\n\t\t\t\t\t\t\t\t\t<section class=\"elementor-section elementor-top-section elementor-element elementor-element-c8822f2 elementor-section-boxed elementor-section-height-default elementor-section-height-default\" data-id=\"c8822f2\" data-element_type=\"section\">\n\t\t\t\t\t\t<div class=\"elementor-container elementor-column-gap-default\">\n\t\t\t\t\t<div class=\"elementor-column elementor-col-100 elementor-top-column elementor-element elementor-element-8e92fd6\" data-id=\"8e92fd6\" data-element_type=\"column\">\n\t\t\t<div class=\"elementor-widget-wrap elementor-element-populated\">\n\t\t\t\t\t\t\t\t<div class=\"elementor-element elementor-element-3f4c915 elementor-widget elementor-widget-image\" data-id=\"3f4c915\" data-element_type=\"widget\" data-widget_type=\"image.default\">\n\t\t\t\t<div class=\"elementor-widget-container\">\n\t\t\t<style>\/*! elementor - v3.14.0 - 26-06-2023 *\/\n.elementor-widget-image{text-align:center}.elementor-widget-image a{display:inline-block}.elementor-widget-image a img[src$=\".svg\"]{width:48px}.elementor-widget-image img{vertical-align:middle;display:inline-block}<\/style>\t\t\t\t\t\t\t\t\t\t\t\t<img loading=\"lazy\" decoding=\"async\" width=\"768\" height=\"614\" src=\"http:\/\/umoove.art\/wp-content\/uploads\/2022\/12\/Songook-Yaakaar-Germaine-Acogny-88-768x614.png\" class=\"attachment-medium_large size-medium_large wp-image-1238\" alt=\"\" srcset=\"http:\/\/umoove.art\/wp-content\/uploads\/2022\/12\/Songook-Yaakaar-Germaine-Acogny-88-768x614.png 768w, http:\/\/umoove.art\/wp-content\/uploads\/2022\/12\/Songook-Yaakaar-Germaine-Acogny-88-300x240.png 300w, http:\/\/umoove.art\/wp-content\/uploads\/2022\/12\/Songook-Yaakaar-Germaine-Acogny-88-1024x819.png 1024w, http:\/\/umoove.art\/wp-content\/uploads\/2022\/12\/Songook-Yaakaar-Germaine-Acogny-88-1536x1229.png 1536w, http:\/\/umoove.art\/wp-content\/uploads\/2022\/12\/Songook-Yaakaar-Germaine-Acogny-88.png 2000w\" sizes=\"auto, (max-width: 768px) 100vw, 768px\" \/>\t\t\t\t\t\t\t\t\t\t\t\t\t\t\t<\/div>\n\t\t\t\t<\/div>\n\t\t\t\t\t<\/div>\n\t\t<\/div>\n\t\t\t\t\t\t\t<\/div>\n\t\t<\/section>\n\t\t\t\t<section class=\"elementor-section elementor-top-section elementor-element elementor-element-3d37f87 elementor-section-boxed elementor-section-height-default elementor-section-height-default\" data-id=\"3d37f87\" data-element_type=\"section\">\n\t\t\t\t\t\t<div class=\"elementor-container elementor-column-gap-default\">\n\t\t\t\t\t<div class=\"elementor-column elementor-col-100 elementor-top-column elementor-element elementor-element-5414fd7\" data-id=\"5414fd7\" data-element_type=\"column\">\n\t\t\t<div class=\"elementor-widget-wrap elementor-element-populated\">\n\t\t\t\t\t\t\t\t<div class=\"elementor-element elementor-element-3eb7852 elementor-widget elementor-widget-heading\" data-id=\"3eb7852\" data-element_type=\"widget\" data-widget_type=\"heading.default\">\n\t\t\t\t<div class=\"elementor-widget-container\">\n\t\t\t<style>\/*! elementor - v3.14.0 - 26-06-2023 *\/\n.elementor-heading-title{padding:0;margin:0;line-height:1}.elementor-widget-heading .elementor-heading-title[class*=elementor-size-]>a{color:inherit;font-size:inherit;line-height:inherit}.elementor-widget-heading .elementor-heading-title.elementor-size-small{font-size:15px}.elementor-widget-heading .elementor-heading-title.elementor-size-medium{font-size:19px}.elementor-widget-heading .elementor-heading-title.elementor-size-large{font-size:29px}.elementor-widget-heading .elementor-heading-title.elementor-size-xl{font-size:39px}.elementor-widget-heading .elementor-heading-title.elementor-size-xxl{font-size:59px}<\/style><h2 class=\"elementor-heading-title elementor-size-default\">L\u2019amour pour horizon<\/h2>\t\t<\/div>\n\t\t\t\t<\/div>\n\t\t\t\t\t<\/div>\n\t\t<\/div>\n\t\t\t\t\t\t\t<\/div>\n\t\t<\/section>\n\t\t\t\t<section class=\"elementor-section elementor-top-section elementor-element elementor-element-decacda elementor-section-boxed elementor-section-height-default elementor-section-height-default\" data-id=\"decacda\" data-element_type=\"section\">\n\t\t\t\t\t\t<div class=\"elementor-container elementor-column-gap-default\">\n\t\t\t\t\t<div class=\"elementor-column elementor-col-100 elementor-top-column elementor-element elementor-element-d05848a\" data-id=\"d05848a\" data-element_type=\"column\">\n\t\t\t<div class=\"elementor-widget-wrap elementor-element-populated\">\n\t\t\t\t\t\t\t\t<div class=\"elementor-element elementor-element-8cb7be9 elementor-widget elementor-widget-text-editor\" data-id=\"8cb7be9\" data-element_type=\"widget\" data-widget_type=\"text-editor.default\">\n\t\t\t\t<div class=\"elementor-widget-container\">\n\t\t\t<style>\/*! elementor - v3.14.0 - 26-06-2023 *\/\n.elementor-widget-text-editor.elementor-drop-cap-view-stacked .elementor-drop-cap{background-color:#69727d;color:#fff}.elementor-widget-text-editor.elementor-drop-cap-view-framed .elementor-drop-cap{color:#69727d;border:3px solid;background-color:transparent}.elementor-widget-text-editor:not(.elementor-drop-cap-view-default) .elementor-drop-cap{margin-top:8px}.elementor-widget-text-editor:not(.elementor-drop-cap-view-default) .elementor-drop-cap-letter{width:1em;height:1em}.elementor-widget-text-editor .elementor-drop-cap{float:left;text-align:center;line-height:1;font-size:50px}.elementor-widget-text-editor .elementor-drop-cap-letter{display:inline-block}<\/style>\t\t\t\t<p><strong>Chaque ann\u00e9e au mois de juin, le Centre chor\u00e9graphique national de Tours propose un ambitieux Tours d&rsquo;Horizons. Apr\u00e8s \u00ab&nbsp;Danse &amp; Performance&nbsp;\u00bb, la deuxi\u00e8me \u00e9dition nous emm\u00e8ne \u00e0 la rencontre de \u00ab&nbsp;Danseurs &amp; cultures d&rsquo;ailleurs&nbsp;\u00bb. Au programme, 16 propositions artistiques \u00e0 d\u00e9couvrir dans 9 lieux de la ville. Thomas Lebrun, directeur du CCNT, nous en dit plus et pr\u00e9sente sa nouvelle cr\u00e9ation : \u00ab&nbsp;Trois d\u00e9cennies d\u2019amour cern\u00e9&nbsp;\u00bb.<\/strong><\/p><p><strong style=\"font-style: inherit; background-color: var(--ast-global-color-5);\">La deuxi\u00e8me \u00e9dition de Tours d\u2019Horizons traverse de nombreux continents et se pr\u00e9sente comme un voyage chor\u00e9graphique. Quel est le lien qui unit les \u0153uvres de cette ambitieuse programmation ?<\/strong><\/p>\n<p><\/p>\n<p>Justement, l\u2019id\u00e9e de cette deuxi\u00e8me \u00e9dition de Tours d\u2019Horizons est qu\u2019elle soit pens\u00e9e, tout comme le refl\u00e8te mon projet pour le Centre chor\u00e9graphique national de Tours, en termes de diversit\u00e9. Cette diversit\u00e9 est le lien inh\u00e9rent aux \u0153uvres programm\u00e9es. Sur les seize propositions artistiques, chacune poss\u00e8de sa singularit\u00e9 dans l\u2019\u00e9criture chor\u00e9graphique, dans les th\u00e9matiques abord\u00e9es, les formes propos\u00e9es. Aussi, il y a un fil conducteur dans ce Tours d\u2019Horizons, \u00e0 travers la th\u00e9matique de \u00ab Danseurs &amp; cultures d&rsquo;ailleurs \u00bb. Chor\u00e9graphes fran\u00e7ais partis travailler \u00e0 l\u2019\u00e9tranger et vice-versa ; regards fran\u00e7ais sur l\u2019\u00e9tranger et vice-versa\u2026 sont des th\u00e8mes largement explor\u00e9s, cr\u00e9ant un lien en filigrane, un m\u00eame questionnement dans cette diversit\u00e9.<\/p>\n<p><\/p>\n<p><strong>Sur l\u2019affiche du festival on devine le chor\u00e9graphe Radhouane El Meddeb. Deux de ses pi\u00e8ces seront pr\u00e9sent\u00e9es cette ann\u00e9e dans le festival ?<\/strong><\/p>\n<p><\/p>\n<p>Oui en effet, on pourra d\u00e9couvrir \u00ab\u00a0Sous leurs pieds, le paradis\u00a0\u00bb, commande du festival Montpellier Danse 2012. Il s\u2019agit d\u2019une pi\u00e8ce que j\u2019ai co-\u00e9crite avec Radhouane. Il fut \u00e9galement accueilli en r\u00e9sidence au CCNT. Tours d\u2019Horizons souhaite \u00eatre l\u2019occasion, pour certains artistes ayant b\u00e9n\u00e9fici\u00e9 de l\u2019accueil-studio, de montrer aux publics de Tours le fruit de leur travail. C\u2019est \u00e9galement le cas pour Afshin Ghaffarian. Radhouane El Meddeb cl\u00f4turera le festival avec une pi\u00e8ce de 2008 \u00ab\u00a0Je danse et vous en donne \u00e0 bouffer\u00a0\u00bb. Nous souhaitons cl\u00f4turer le festival sur une note festive, un moment de partage et de discussions. \u00c0 l\u2019issue de la repr\u00e9sentation, le public pourra ainsi d\u00e9guster un couscous pr\u00e9par\u00e9 lors de la performance, et rencontrer les \u00e9quipes d&rsquo;une fa\u00e7on plus informelle !<\/p>\n<p><\/p>\n<p><strong>Autre temps fort de cette \u00e9dition la cr\u00e9ation de \u00ab&nbsp;Une trop bruyante solitude&nbsp;\u00bb du chor\u00e9graphe iranien Afshin Ghaffarian.<\/strong><\/p>\n<p><\/p>\n<p>A l\u2019occasion de son accueil-studio \u00e0 Tours, Afshin va cr\u00e9er \u00ab\u00a0Une trop bruyante solitude\u00a0\u00bb. Je l\u2019ai d\u00e9couvert comme tout le monde il y 2-3 ans au CND lors de son arriv\u00e9e en France. A cette \u00e9poque, j&rsquo;\u00e9tais en r\u00e9sidence In Situ en Seine-Saint-Denis. A cette occasion, je lui ai propos\u00e9 un solo. Aujourd\u2019hui, pour le festival, il pr\u00e9sentera son propre travail. Nous avons mis en place un comit\u00e9 de s\u00e9lection des&nbsp;demandes d\u2019accueil-studio. Ce qui pr\u00e9vaut dans ce comit\u00e9 est la diversit\u00e9 des esth\u00e9tiques et des pens\u00e9es de la danse. Nos choix artistiques se portent vers des chor\u00e9graphes qui nous meuvent ou dont les travaux nous paraissent coh\u00e9rents ou en lien avec le projet que je d\u00e9veloppe au CCNT. C&rsquo;est ainsi que de nombreuses compagnies sont ici accueillies, offrant au public tourangeau une grande diversit\u00e9 de rencontres, abordant la danse et le langage chor\u00e9graphiques par diff\u00e9rents chemins.&nbsp;<\/p>\n<p><strong>\u00ab\u00a0And so we dance\u00a0\u00bb, projet de cr\u00e9ation dirig\u00e9 cette ann\u00e9e par Christian Ubl au CCNT, ouvre le festival. Comment s\u2019est d\u00e9roul\u00e9e cette aventure ?<\/strong><\/p>\n<p><\/p>\n<p>Tout au long de l\u2019ann\u00e9e, des amateurs qui suivent des cours depuis pas mal d\u2019ann\u00e9es maintenant au CCNT (parfois depuis Daniel Larrieu) ont pris part \u00e0 cet atelier dirig\u00e9 par Christian. En effet, l&rsquo;id\u00e9e est d&rsquo;accueillir un chor\u00e9graphe chaque saison, qui est accompagn\u00e9 pour cette aventure par Emmanuelle Gorda qui est artiste chor\u00e9graphique permanente en charge de la p\u00e9dagogie au sein du CCNT. Les participants ont entre 30 et 65 ans et une envie irr\u00e9pressible de danser. Cette ann\u00e9e, ils vont exp\u00e9rimenter la sc\u00e8ne, mais avant ce grand frisson, ils ont d\u00e9couvert tout le processus de cr\u00e9ation d\u2019une \u0153uvre chor\u00e9graphique. Les impressions des participants furent au d\u00e9part diverses : certains ont plong\u00e9 \u00e0 pieds joints dans l\u2019aventure, d\u2019autres avec plus de retenue, mais tous ont reconnu l\u2019exigence et l\u2019investissement que demande un projet autour de la danse de salon (th\u00e9matique de cette cr\u00e9ation). A l\u2019heure qu\u2019il est, ils ont la pression car ils ouvrent le festival devant une salle comble, remplie d\u2019amis, de familles et d\u2019amoureux de la danse.<\/p>\n<p><strong>\u00ab\u00a0La jeune fille et la mort\u00a0\u00bb a \u00e9t\u00e9 unanimement salu\u00e9e. Comment vit-on un tel succ\u00e8s&nbsp;?<\/strong><\/p><strong>\n<\/strong><p><strong><\/strong><\/p>\n<p>Je ne l\u2019ai pas v\u00e9cu comme un succ\u00e8s, mais comme un soulagement&#8230; A l\u2019\u00e9poque j\u2019investissais tout juste le CCNT, j\u2019\u00e9tais pris dans une spirale d\u2019activit\u00e9s. Je reconnais aujourd\u2019hui que \u00ab\u00a0La jeune fille et la mort\u00a0\u00bb a \u00e9t\u00e9 tr\u00e8s bien re\u00e7ue et que, pour une pi\u00e8ce de groupe, elle tourne \u00e9norm\u00e9ment (35 repr\u00e9sentations en un an !). Je suis content mais au final je me rends compte que je n\u2019aime pas tant que cela l\u2019id\u00e9e du \u00ab succ\u00e8s \u00bb car s\u2019il vous aide \u00e0 continuer, \u00e0 poursuivre votre activit\u00e9, il vous ajoute aussi toujours un peu plus de pression pour la pi\u00e8ce \u00e0 venir\u2026 et on sait tous que le succ\u00e8s n&rsquo;a qu&rsquo;un temps&#8230; J&rsquo;ai \u00e9t\u00e9 habitu\u00e9 \u00e0 ce qu&rsquo;il ne vienne pas trop vite&#8230; Et je pr\u00e9f\u00e8re \u00e7a, cela me laisse plus de temps pour savourer mon m\u00e9tier ! <\/p>\n<p><strong>Justement en 2011, vous cr\u00e9iez \u00ab\u00a0Six order pieces\u00a0\u00bb pour les Rencontres chor\u00e9graphiques internationales de Seine-Saint-Denis. Cette ann\u00e9e, vous y pr\u00e9sentez \u00ab\u00a0Trois d\u00e9cennies d\u2019amour cern\u00e9\u00a0\u00bb qui revient sur &nbsp;les 30 ans du Sida.<br><\/strong>&nbsp;<br>Cette pi\u00e8ce n\u2019est pas sur le SIDA mais sur l\u2019amour aux c\u00f4t\u00e9s&nbsp;du SIDA, ce qui est bien diff\u00e9rent. C\u2019est une r\u00e9flexion que je m\u00e8ne depuis un certain moment. J&rsquo;appartiens \u00e0 cette g\u00e9n\u00e9ration qui a grandi avec cette menace, cette crainte. <br>J\u2019ai pu suivre l\u2019\u00e9volution de la r\u00e9ception de la maladie dans la soci\u00e9t\u00e9 en fonction des progr\u00e8s de la m\u00e9decine, de son impact politique&#8230; de ce qu\u2019on veut bien en dire&#8230; Ce fut d\u2019abord \u00ab\u00a0un cancer gay\u00a0\u00bb, puis une maladie que tous peuvent attraper, pour aujourd&rsquo;hui &nbsp;\u00eatre per\u00e7ue comme une maladie chronique dont on ne \u00ab\u00a0meurt plus\u00a0\u00bb mais qui reste lourde \u00e0 soigner. J\u2019ai con\u00e7u \u00ab&nbsp;Trois d\u00e9cennies d\u2019amours cern\u00e9&nbsp;\u00bb comme une succession de soli et un duo qui revisitent les sentiments et les \u00e9tats de corps face \u00e0 l&rsquo;apparition et \u00e0 l&rsquo;\u00e9volution de la maladie : le risque, la peur, le doute, la solitude. La chercheuse Lucille Toth, qui a r\u00e9dig\u00e9 une th\u00e8se sur le SIDA et le post-SIDA, m\u2019a beaucoup aid\u00e9 en m\u2019\u00e9clairant sur les comportements face \u00e0 ce virus.<\/p>\n<p><\/p>\n<p><strong>A l\u2019instar de votre \u00ab&nbsp;Jeune fille et la mort&nbsp;\u00bb, o\u00f9 l\u2019on voyait la danseuse vaincre la mort et insuffler une lueur d\u2019espoir \u00e0 la pi\u00e8ce, Trois d\u00e9cennies\u2026, \u0153uvre \u00e0 la th\u00e9matique \u00e0 priori sombre, offrira t\u2019elle, elle aussi, un peu d\u2019espoir ?<\/strong><\/p>\n<p>Trois d\u00e9cennies n\u2019est pas forc\u00e9ment triste. Elle est loin d\u2019\u00eatre \u00ab\u00a0gaie\u00a0\u00bb aussi, je vous l\u2019accorde. Je la ressens comme une pi\u00e8ce \u00ab\u00a0de combat\u00a0\u00bb, &nbsp;une pi\u00e8ce puissante, et aucunement comme une proposition pr\u00e9sentant quelconque jugement. Plut\u00f4t un constat, des travers\u00e9es de solitudes, de r\u00e9sistance, de face a face ou d\u2019amours contrari\u00e9s\u2026 O\u00f9 chacun doit composer, doit choisir aussi. Donc je peux dire que c\u2019est une \u00ab pi\u00e8ce de choix \u00bb\u2026 Le choix de notre sexualit\u00e9 et notre id\u00e9e de l&rsquo;amour, face au sida. C&rsquo;est la force des interpr\u00e8tes et leur engagement qui me permettent d&rsquo;aller si loin dans ce travail.<\/p>\n<p><\/p>\n<p><strong>Cette pi\u00e8ce a \u00e9t\u00e9 cr\u00e9\u00e9e dans un climat homophobe extr\u00eame. Ces tensions ont-elles influenc\u00e9 votre travail ?<\/strong><\/p>\n<p><\/p>\n<p>Le premier solo \u00e9tait termin\u00e9 en octobre 2012 donc bien avant le ramdam de Frigide Barjot. Je ne suis pas un militant gay&#8230; ou alors \u00e0 ma fa\u00e7on, a travers mon travail&#8230; Chacun est libre de ses choix, de ses opinions, et il est vrai que je prends position. Cette nouvelle pi\u00e8ce est bien \u00e9videmment politique car elle d\u00e9boule dans une France quelque peu archa\u00efque sur les sujets approchant de pr\u00e8s ou de loin l\u2019homosexualit\u00e9. J&rsquo;ai conscience que Trois d\u00e9cennies est une pi\u00e8ce de danse qui touche de pr\u00e8s ce sujet, mais il y est d\u00e9velopp\u00e9 en rapport \u00e0 l&rsquo;histoire et \u00e0 l&rsquo;\u00e9volution des regards pos\u00e9s par la soci\u00e9t\u00e9.<\/p>\n<p><\/p>\n<p><strong>Cette pi\u00e8ce est programm\u00e9e au festival Queer de New-York. Tout un symbole.<\/strong><\/p>\n<p><\/p>\n<p>Rien n\u2019est encore s\u00fbr. Il s\u2019agit d\u2019un tout jeune festival. Nous sommes en tourn\u00e9e en Am\u00e9rique du Sud \u00e0 cette p\u00e9riode donc pas tr\u00e8s loin&#8230; A suivre&#8230; Je serai \u00e9videment ravi de pr\u00e9senter cette pi\u00e8ce aux \u00c9tats-Unis, qui plus est dans un jeune festival. Ici ou ailleurs, il faut toujours se battre pour que la danse soit vue sous toutes ses esth\u00e9tiques et ses pens\u00e9es. Mais les tourn\u00e9es \u00e0 l&rsquo;\u00e9tranger sont actuellement plus compliqu\u00e9es \u00e0 organiser, surtout du point de vue financier. On croise les doigts !<\/p>\n<p><\/p>\n<p><strong>Propos recueillis par C\u00e9dric Chaory (juin 2013)<\/strong><\/p>\n<p><strong>&nbsp;<\/strong><\/p>\n<p><strong>\u00a9C. Vootz<\/strong><\/p>\n<p><em>&nbsp;<\/em><\/p>\t\t\t\t\t\t<\/div>\n\t\t\t\t<\/div>\n\t\t\t\t\t<\/div>\n\t\t<\/div>\n\t\t\t\t\t\t\t<\/div>\n\t\t<\/section>\n\t\t\t\t\t\t\t<\/div>\n\t\t","protected":false},"excerpt":{"rendered":"<p>L\u2019amour pour horizon Chaque ann\u00e9e au mois de juin, le Centre chor\u00e9graphique national de Tours propose un ambitieux Tours d&rsquo;Horizons. Apr\u00e8s \u00ab&nbsp;Danse &amp; Performance&nbsp;\u00bb, la deuxi\u00e8me \u00e9dition nous emm\u00e8ne \u00e0 la rencontre de \u00ab&nbsp;Danseurs &amp; cultures d&rsquo;ailleurs&nbsp;\u00bb. Au programme, 16 propositions artistiques \u00e0 d\u00e9couvrir dans 9 lieux de la ville. Thomas Lebrun, directeur du CCNT, &hellip;<\/p>\n<p class=\"read-more\"> <a class=\"\" href=\"http:\/\/umoove.art\/index.php\/2022\/12\/13\/thomas-lebrun\/\"> <span class=\"screen-reader-text\">Thomas Lebrun<\/span> Lire la suite\u00a0\u00bb<\/a><\/p>\n","protected":false},"author":1,"featured_media":0,"comment_status":"closed","ping_status":"closed","sticky":false,"template":"","format":"standard","meta":{"site-sidebar-layout":"default","site-content-layout":"default","ast-global-header-display":"","ast-banner-title-visibility":"","ast-main-header-display":"","ast-hfb-above-header-display":"","ast-hfb-below-header-display":"","ast-hfb-mobile-header-display":"","site-post-title":"","ast-breadcrumbs-content":"","ast-featured-img":"","footer-sml-layout":"","theme-transparent-header-meta":"","adv-header-id-meta":"","stick-header-meta":"","header-above-stick-meta":"","header-main-stick-meta":"","header-below-stick-meta":"","footnotes":""},"categories":[8,9],"tags":[],"class_list":["post-2712","post","type-post","status-publish","format-standard","hentry","category-critique-critique","category-interview-interview"],"aioseo_notices":[],"_links":{"self":[{"href":"http:\/\/umoove.art\/index.php\/wp-json\/wp\/v2\/posts\/2712","targetHints":{"allow":["GET"]}}],"collection":[{"href":"http:\/\/umoove.art\/index.php\/wp-json\/wp\/v2\/posts"}],"about":[{"href":"http:\/\/umoove.art\/index.php\/wp-json\/wp\/v2\/types\/post"}],"author":[{"embeddable":true,"href":"http:\/\/umoove.art\/index.php\/wp-json\/wp\/v2\/users\/1"}],"replies":[{"embeddable":true,"href":"http:\/\/umoove.art\/index.php\/wp-json\/wp\/v2\/comments?post=2712"}],"version-history":[{"count":7,"href":"http:\/\/umoove.art\/index.php\/wp-json\/wp\/v2\/posts\/2712\/revisions"}],"predecessor-version":[{"id":2719,"href":"http:\/\/umoove.art\/index.php\/wp-json\/wp\/v2\/posts\/2712\/revisions\/2719"}],"wp:attachment":[{"href":"http:\/\/umoove.art\/index.php\/wp-json\/wp\/v2\/media?parent=2712"}],"wp:term":[{"taxonomy":"category","embeddable":true,"href":"http:\/\/umoove.art\/index.php\/wp-json\/wp\/v2\/categories?post=2712"},{"taxonomy":"post_tag","embeddable":true,"href":"http:\/\/umoove.art\/index.php\/wp-json\/wp\/v2\/tags?post=2712"}],"curies":[{"name":"wp","href":"https:\/\/api.w.org\/{rel}","templated":true}]}}