{"id":2483,"date":"2022-12-12T14:47:54","date_gmt":"2022-12-12T13:47:54","guid":{"rendered":"http:\/\/umoove.art\/?p=2483"},"modified":"2023-01-05T15:30:10","modified_gmt":"2023-01-05T14:30:10","slug":"carmen-compania-nacional-de-danza-de-espana","status":"publish","type":"post","link":"http:\/\/umoove.art\/index.php\/2022\/12\/12\/carmen-compania-nacional-de-danza-de-espana\/","title":{"rendered":"Carmen &#8211; Compania nacional de danza de Espana"},"content":{"rendered":"\t\t<div data-elementor-type=\"wp-post\" data-elementor-id=\"2483\" class=\"elementor elementor-2483\" data-elementor-post-type=\"post\">\n\t\t\t\t\t\t\t\t\t<section class=\"elementor-section elementor-top-section elementor-element elementor-element-f27a5fe elementor-section-boxed elementor-section-height-default elementor-section-height-default\" data-id=\"f27a5fe\" data-element_type=\"section\">\n\t\t\t\t\t\t<div class=\"elementor-container elementor-column-gap-default\">\n\t\t\t\t\t<div class=\"elementor-column elementor-col-100 elementor-top-column elementor-element elementor-element-c1796f3\" data-id=\"c1796f3\" data-element_type=\"column\">\n\t\t\t<div class=\"elementor-widget-wrap elementor-element-populated\">\n\t\t\t\t\t\t\t\t<div class=\"elementor-element elementor-element-43cdc8e elementor-widget elementor-widget-image\" data-id=\"43cdc8e\" data-element_type=\"widget\" data-widget_type=\"image.default\">\n\t\t\t\t<div class=\"elementor-widget-container\">\n\t\t\t<style>\/*! elementor - v3.14.0 - 26-06-2023 *\/\n.elementor-widget-image{text-align:center}.elementor-widget-image a{display:inline-block}.elementor-widget-image a img[src$=\".svg\"]{width:48px}.elementor-widget-image img{vertical-align:middle;display:inline-block}<\/style>\t\t\t\t\t\t\t\t\t\t\t\t<img loading=\"lazy\" decoding=\"async\" width=\"768\" height=\"768\" src=\"http:\/\/umoove.art\/wp-content\/uploads\/2023\/01\/Peter-Nkoghe-3-5-768x768.jpg\" class=\"attachment-medium_large size-medium_large wp-image-3978\" alt=\"\" srcset=\"http:\/\/umoove.art\/wp-content\/uploads\/2023\/01\/Peter-Nkoghe-3-5-768x768.jpg 768w, http:\/\/umoove.art\/wp-content\/uploads\/2023\/01\/Peter-Nkoghe-3-5-300x300.jpg 300w, http:\/\/umoove.art\/wp-content\/uploads\/2023\/01\/Peter-Nkoghe-3-5-1024x1024.jpg 1024w, http:\/\/umoove.art\/wp-content\/uploads\/2023\/01\/Peter-Nkoghe-3-5-150x150.jpg 150w, http:\/\/umoove.art\/wp-content\/uploads\/2023\/01\/Peter-Nkoghe-3-5.jpg 1080w\" sizes=\"auto, (max-width: 768px) 100vw, 768px\" \/>\t\t\t\t\t\t\t\t\t\t\t\t\t\t\t<\/div>\n\t\t\t\t<\/div>\n\t\t\t\t\t<\/div>\n\t\t<\/div>\n\t\t\t\t\t\t\t<\/div>\n\t\t<\/section>\n\t\t\t\t<section class=\"elementor-section elementor-top-section elementor-element elementor-element-4d0a044 elementor-section-boxed elementor-section-height-default elementor-section-height-default\" data-id=\"4d0a044\" data-element_type=\"section\">\n\t\t\t\t\t\t<div class=\"elementor-container elementor-column-gap-default\">\n\t\t\t\t\t<div class=\"elementor-column elementor-col-100 elementor-top-column elementor-element elementor-element-bbfc0a0\" data-id=\"bbfc0a0\" data-element_type=\"column\">\n\t\t\t<div class=\"elementor-widget-wrap elementor-element-populated\">\n\t\t\t\t\t\t\t\t<div class=\"elementor-element elementor-element-234618d elementor-widget elementor-widget-heading\" data-id=\"234618d\" data-element_type=\"widget\" data-widget_type=\"heading.default\">\n\t\t\t\t<div class=\"elementor-widget-container\">\n\t\t\t<style>\/*! elementor - v3.14.0 - 26-06-2023 *\/\n.elementor-heading-title{padding:0;margin:0;line-height:1}.elementor-widget-heading .elementor-heading-title[class*=elementor-size-]>a{color:inherit;font-size:inherit;line-height:inherit}.elementor-widget-heading .elementor-heading-title.elementor-size-small{font-size:15px}.elementor-widget-heading .elementor-heading-title.elementor-size-medium{font-size:19px}.elementor-widget-heading .elementor-heading-title.elementor-size-large{font-size:29px}.elementor-widget-heading .elementor-heading-title.elementor-size-xl{font-size:39px}.elementor-widget-heading .elementor-heading-title.elementor-size-xxl{font-size:59px}<\/style><h2 class=\"elementor-heading-title elementor-size-default\">Etre une femme lib\u00e9r\u00e9e \u2026 pas si facile<\/h2>\t\t<\/div>\n\t\t\t\t<\/div>\n\t\t\t\t\t<\/div>\n\t\t<\/div>\n\t\t\t\t\t\t\t<\/div>\n\t\t<\/section>\n\t\t\t\t<section class=\"elementor-section elementor-top-section elementor-element elementor-element-e375405 elementor-section-boxed elementor-section-height-default elementor-section-height-default\" data-id=\"e375405\" data-element_type=\"section\">\n\t\t\t\t\t\t<div class=\"elementor-container elementor-column-gap-default\">\n\t\t\t\t\t<div class=\"elementor-column elementor-col-100 elementor-top-column elementor-element elementor-element-d029662\" data-id=\"d029662\" data-element_type=\"column\">\n\t\t\t<div class=\"elementor-widget-wrap elementor-element-populated\">\n\t\t\t\t\t\t\t\t<div class=\"elementor-element elementor-element-552aef8 elementor-widget elementor-widget-text-editor\" data-id=\"552aef8\" data-element_type=\"widget\" data-widget_type=\"text-editor.default\">\n\t\t\t\t<div class=\"elementor-widget-container\">\n\t\t\t<style>\/*! elementor - v3.14.0 - 26-06-2023 *\/\n.elementor-widget-text-editor.elementor-drop-cap-view-stacked .elementor-drop-cap{background-color:#69727d;color:#fff}.elementor-widget-text-editor.elementor-drop-cap-view-framed .elementor-drop-cap{color:#69727d;border:3px solid;background-color:transparent}.elementor-widget-text-editor:not(.elementor-drop-cap-view-default) .elementor-drop-cap{margin-top:8px}.elementor-widget-text-editor:not(.elementor-drop-cap-view-default) .elementor-drop-cap-letter{width:1em;height:1em}.elementor-widget-text-editor .elementor-drop-cap{float:left;text-align:center;line-height:1;font-size:50px}.elementor-widget-text-editor .elementor-drop-cap-letter{display:inline-block}<\/style>\t\t\t\t<h4 class=\"western\" align=\"justify\"><strong>Il y avait la<i>\u00a0Carmen<\/i>\u00a0de Roland Petit, chef d\u2019\u0153uvre de 1949 qui fit son effet avec ses variations cisel\u00e9es et ses en-dedans r\u00e9volutionnaires puis celles d\u2019Alberto Alonso, exemple type du ballet sovieto-cubain, de John Cranko, d\u2019Antonio Gad\u00e8s baroque, flamenca et puissamment th\u00e9\u00e2trale ou plus r\u00e9cemment de Mats Ek, sublime. Il faudra d\u00e9sormais compter sur la version du su\u00e9dois Johan Inger \u2013 ancien soliste du Ballet royal de Su\u00e8de et actuel collaborateur du Nederlands Dans Theater \u2013 pour la Compa\u00f1\u00eda Nacional de Danza de Espa\u00f1a.<\/strong><\/h4><p class=\"western\" align=\"justify\">Depuis 2011 et la nomination \u00e0 sa direction artistique de Jose Martinez, ancien danseur \u00e9toile de l\u2019Op\u00e9ra de Paris, la compagnie madril\u00e8ne revient aux grands classiques du r\u00e9pertoire tout en invitant des chor\u00e9graphes contemporains \u00e0 cr\u00e9er pour le ballet. Et quoi de plus \u00e9vident que de produire une Carmen, ce symbole espagnol sulfureux, image d\u2019une libert\u00e9 f\u00e9minine qui trouble l\u2019ordre public\u00a0? De son propre aveu, Johan Inger a d\u00e9clar\u00e9, au moment de la cr\u00e9ation en 2015, que revisiter M\u00e9rim\u00e9e et Bizet \u00e9tait un v\u00e9ritable d\u00e9fi. Dans ce projet aux si nombreux ingr\u00e9dients espagnols (l\u2019histoire, le personnage central, la compagnie qui le danserait, etc.), il dit avoir trouv\u00e9 stimulant d\u2019explorer de multiples voies \u00e0 travers une vision moins pittoresque et plus personnelle sur le sujet.<\/p><p class=\"western\" align=\"justify\">Et force est de reconna\u00eetre que le d\u00e9fi est largement relev\u00e9 avec cette version o\u00f9 l\u2019h\u00e9ro\u00efne revendique sa libert\u00e9 au c\u0153ur d\u2019une soci\u00e9t\u00e9 contemporaine avide de pouvoir et de violence. D\u00e9finitivement contemporaine et loin des espagnolades qui collent au mythe : aussi, S\u00e9ville est un endroit quelconque, l\u2019usine n\u2019importe quelle usine et les montagnes de Ronda ressemblent \u00e0 de glauques quartiers d\u00e9favoris\u00e9s. Les militaires, eux, s\u2019apparenteraient \u00e0 une autre forme de pouvoir, celle de cadres sup\u00e9rieurs, et le torero serait plus proche d\u2019une star de cin\u00e9ma ou de rock. Seuls quelques \u00e9l\u00e9ments vestimentaires nous ram\u00e8nent aux clich\u00e9s de la p\u00e9ninsule ib\u00e9rique\u00a0: des mini-robes froufroutantes pour les femmes et des chemises \u00e0 pois pour certains des personnages masculins.<\/p><p class=\"western\" align=\"justify\"><span style=\"font-style: inherit; font-weight: inherit; background-color: var(--ast-global-color-5);\">Autre trouvaille (d\u00e9routante et difficilement explicable), celle consistant \u00e0 d\u00e9voiler son h\u00e9ro\u00efne \u00e0 travers les yeux d\u2019un enfant, aur\u00e9olant de myst\u00e8re les obscures volutes de la s\u00e9duction et de la violence. Enfant qui pourrait \u00eatre aussi bien \u00ab\u00a0Don Jos\u00e9 enfant, la jeune Micae\u00ebla, ou le fils n\u00e9 de Carmen et Jos\u00e9\u00a0\u00bb pr\u00e9cise le chor\u00e9graphe dans sa note d\u2019intention. Plut\u00f4t que de l\u2019amour et de la passion, Inger met l\u2019accent sur la violence, la mort apparaissant en grande partie dans la production permettant notamment au CND de d\u00e9montrer sa p\u00e9tulante technique et sa belle force dramatique. Les parades sexuelles sont intenses, les chicaneries entre filles ne font pas dans la dentelle, quant \u00e0 l\u2019acte 2 il est on ne peut plus dark avec son flot de corps enti\u00e8rement noirs roulant au sol ad libitum, incarnation d\u2019une mort rampante et de plus en plus pr\u00e9gnante.<\/span><\/p><p class=\"western\" align=\"justify\">Gentiment politique et furieusement dans\u00e9e, bien accueillie lors de sa premi\u00e8re \u00e0 Madrid en 2015,\u00a0<i>Carmen<\/i>\u00a0a valu \u00e0 Inger le prix Benois de la Danse en 2016, sorte d\u2019Oscar de la danse. Bien s\u00fbr on pourrait d\u00e9plorer la forte influence du chor\u00e9graphe su\u00e9dois Mats Ek (pire\u00a0: m\u00e9dire en pr\u00e9f\u00e9rant revoir la version sign\u00e9e du ma\u00eetre en 1992) mais l\u2019impression d\u2019une grande fra\u00eecheur, d\u2019un renouveau vraiment divertissant conquiert illico notamment gr\u00e2ce \u00e0 une musique additionnelle, tr\u00e8s cin\u00e9matographique sign\u00e9e Marc Alvarez qui lifte avec bonheur ce ballet n\u00e9o-classique mi-trag\u00e9die musicale, mi-op\u00e9ra rock.<\/p><p align=\"justify\"><strong>C\u00e9dric Chaory\u00a0<\/strong>(Octobre 2017)<\/p><p align=\"justify\">Cr\u00e9dit photo : <strong>Jesus Vallinas<\/strong><\/p>\t\t\t\t\t\t<\/div>\n\t\t\t\t<\/div>\n\t\t\t\t\t<\/div>\n\t\t<\/div>\n\t\t\t\t\t\t\t<\/div>\n\t\t<\/section>\n\t\t\t\t\t\t\t<\/div>\n\t\t","protected":false},"excerpt":{"rendered":"<p>Etre une femme lib\u00e9r\u00e9e \u2026 pas si facile Il y avait la\u00a0Carmen\u00a0de Roland Petit, chef d\u2019\u0153uvre de 1949 qui fit son effet avec ses variations cisel\u00e9es et ses en-dedans r\u00e9volutionnaires puis celles d\u2019Alberto Alonso, exemple type du ballet sovieto-cubain, de John Cranko, d\u2019Antonio Gad\u00e8s baroque, flamenca et puissamment th\u00e9\u00e2trale ou plus r\u00e9cemment de Mats Ek, &hellip;<\/p>\n<p class=\"read-more\"> <a class=\"\" href=\"http:\/\/umoove.art\/index.php\/2022\/12\/12\/carmen-compania-nacional-de-danza-de-espana\/\"> <span class=\"screen-reader-text\">Carmen &#8211; Compania nacional de danza de Espana<\/span> Lire la suite\u00a0\u00bb<\/a><\/p>\n","protected":false},"author":1,"featured_media":0,"comment_status":"closed","ping_status":"closed","sticky":false,"template":"","format":"standard","meta":{"site-sidebar-layout":"default","site-content-layout":"default","ast-global-header-display":"","ast-banner-title-visibility":"","ast-main-header-display":"","ast-hfb-above-header-display":"","ast-hfb-below-header-display":"","ast-hfb-mobile-header-display":"","site-post-title":"","ast-breadcrumbs-content":"","ast-featured-img":"","footer-sml-layout":"","theme-transparent-header-meta":"","adv-header-id-meta":"","stick-header-meta":"","header-above-stick-meta":"","header-main-stick-meta":"","header-below-stick-meta":"","footnotes":""},"categories":[8],"tags":[],"class_list":["post-2483","post","type-post","status-publish","format-standard","hentry","category-critique-critique"],"aioseo_notices":[],"_links":{"self":[{"href":"http:\/\/umoove.art\/index.php\/wp-json\/wp\/v2\/posts\/2483","targetHints":{"allow":["GET"]}}],"collection":[{"href":"http:\/\/umoove.art\/index.php\/wp-json\/wp\/v2\/posts"}],"about":[{"href":"http:\/\/umoove.art\/index.php\/wp-json\/wp\/v2\/types\/post"}],"author":[{"embeddable":true,"href":"http:\/\/umoove.art\/index.php\/wp-json\/wp\/v2\/users\/1"}],"replies":[{"embeddable":true,"href":"http:\/\/umoove.art\/index.php\/wp-json\/wp\/v2\/comments?post=2483"}],"version-history":[{"count":7,"href":"http:\/\/umoove.art\/index.php\/wp-json\/wp\/v2\/posts\/2483\/revisions"}],"predecessor-version":[{"id":4005,"href":"http:\/\/umoove.art\/index.php\/wp-json\/wp\/v2\/posts\/2483\/revisions\/4005"}],"wp:attachment":[{"href":"http:\/\/umoove.art\/index.php\/wp-json\/wp\/v2\/media?parent=2483"}],"wp:term":[{"taxonomy":"category","embeddable":true,"href":"http:\/\/umoove.art\/index.php\/wp-json\/wp\/v2\/categories?post=2483"},{"taxonomy":"post_tag","embeddable":true,"href":"http:\/\/umoove.art\/index.php\/wp-json\/wp\/v2\/tags?post=2483"}],"curies":[{"name":"wp","href":"https:\/\/api.w.org\/{rel}","templated":true}]}}