{"id":10584,"date":"2026-01-28T15:46:06","date_gmt":"2026-01-28T14:46:06","guid":{"rendered":"https:\/\/umoove.art\/?p=10584"},"modified":"2026-01-28T15:48:13","modified_gmt":"2026-01-28T14:48:13","slug":"une-poetique-des-ailleurs-au-quai-branly","status":"publish","type":"post","link":"http:\/\/umoove.art\/index.php\/2026\/01\/28\/une-poetique-des-ailleurs-au-quai-branly\/","title":{"rendered":"Une Po\u00e9tique des Ailleurs au quai Branly"},"content":{"rendered":"\n<figure class=\"wp-block-image size-large\"><img loading=\"lazy\" decoding=\"async\" width=\"1024\" height=\"819\" src=\"https:\/\/umoove.art\/wp-content\/uploads\/2026\/01\/Umoove-site-internet-1-3-1024x819.jpg\" alt=\"\" class=\"wp-image-10585\" srcset=\"http:\/\/umoove.art\/wp-content\/uploads\/2026\/01\/Umoove-site-internet-1-3-1024x819.jpg 1024w, http:\/\/umoove.art\/wp-content\/uploads\/2026\/01\/Umoove-site-internet-1-3-300x240.jpg 300w, http:\/\/umoove.art\/wp-content\/uploads\/2026\/01\/Umoove-site-internet-1-3-768x614.jpg 768w, http:\/\/umoove.art\/wp-content\/uploads\/2026\/01\/Umoove-site-internet-1-3-1536x1229.jpg 1536w, http:\/\/umoove.art\/wp-content\/uploads\/2026\/01\/Umoove-site-internet-1-3.jpg 2000w\" sizes=\"auto, (max-width: 1024px) 100vw, 1024px\" \/><\/figure>\n\n\n\n<p><\/p>\n\n\n\n<h2 class=\"wp-block-heading\">En f\u00e9vrier 2026, le mus\u00e9e du quai Branly \u2013 Jacques Chirac poursuit son cycle de \u00ab Cartes blanches \u00bb d\u00e9di\u00e9es \u00e0 de grandes figures de la danse contemporaine en invitant H\u00e9la Fattoumi et \u00c9ric Lamoureux pour deux week-ends exceptionnels plac\u00e9s sous le signe du m\u00e9tissage, de la relation et de la rencontre des imaginaires. Apr\u00e8s Bintou Demb\u00e9l\u00e9 et Fouad Boussouf, le mus\u00e9e confie son plateau des collections et le th\u00e9\u00e2tre Claude L\u00e9vi-Strauss \u00e0 ces chor\u00e9graphes dont la d\u00e9marche artistique explore, depuis plus de vingt ans, les notions d\u2019alt\u00e9rit\u00e9, de brassage culturel et d\u2019\u00ab identit\u00e9-relation \u00bb.<\/h2>\n\n\n\n<p>Directeurs de VIADANSE \u2013 Centre chor\u00e9graphique national de Bourgogne\u2013Franche-Comt\u00e9 \u00e0 Belfort, H\u00e9la Fattoumi et \u00c9ric Lamoureux d\u00e9veloppent une \u0153uvre profond\u00e9ment nourrie par la pens\u00e9e du po\u00e8te et philosophe \u00c9douard Glissant. \u00c0 la diversit\u00e9, ils pr\u00e9f\u00e8rent la \u00ab puissance de la dissemblance \u00bb, envisag\u00e9e comme moteur de transformation et d\u2019\u00e9largissement de l\u2019imaginaire. Cette vision irrigue l\u2019ensemble de la programmation propos\u00e9e au mus\u00e9e du quai Branly \u2013 Jacques Chirac, lieu embl\u00e9matique d\u00e9di\u00e9 \u00e0 la pr\u00e9servation et \u00e0 la valorisation des cultures du monde, o\u00f9 cette Po\u00e9tique des Ailleurs trouve une r\u00e9sonance toute particuli\u00e8re.<\/p>\n\n\n\n<h3 class=\"wp-block-heading\">Deux week-ends de danse et de musique live<\/h3>\n\n\n\n<p>Pens\u00e9e comme un parcours artistique immersif, cette Carte blanche se d\u00e9ploie sur deux week-ends, les <strong>7\u20138 f\u00e9vrier et 14\u201315 f\u00e9vrier<\/strong> 2026, m\u00ealant pi\u00e8ces embl\u00e9matiques du r\u00e9pertoire, cr\u00e9ation in\u00e9dite in situ et performances de compagnies invit\u00e9es, notamment issues des cultures cara\u00efb\u00e9ennes.<\/p>\n\n\n\n<p>Le premier week-end s\u2019ouvre avec <em>Parades<\/em>, solo chor\u00e9graphique de <strong>Cl\u00e9mence Baubant<\/strong> (Cie Empreintes), v\u00e9ritable constellation de figures f\u00e9minines mythiques des Cara\u00efbes. Dans une danse libre et contemporaine, l\u2019interpr\u00e8te revisite les traditions guadeloup\u00e9ennes et convoque des guerri\u00e8res imaginaires, puissantes et insoumises. Cette performance est suivie de <em>Gounouj in situ<\/em> de <strong>L\u00e9o L\u00e9rus (Cie Zimar\u00e8l)<\/strong>, une pi\u00e8ce inspir\u00e9e du site naturel de Gros Morne en Guadeloupe, explorant l\u2019\u00e9quilibre fragile entre l\u2019humain et son environnement, port\u00e9e par les rythmes du gwoka.<\/p>\n\n\n\n<p>\u00c0 17h, place \u00e0 <em>TOUT-MOUN<\/em>, pi\u00e8ce chor\u00e9graphique majeure de <a href=\"https:\/\/umoove.art\/index.php\/2022\/12\/02\/manta-fattoumi-lam\/\" title=\"\">H\u00e9la Fattoumi<\/a> et \u00c9ric Lamoureux. Le titre, qui signifie \u00ab tout le monde \u00bb en cr\u00e9ole, fait \u00e9cho \u00e0 l\u2019ouvrage <em>Tout-Monde<\/em> d\u2019\u00c9douard Glissant. Sur sc\u00e8ne, dix danseurs aux cultures chor\u00e9graphiques multiples composent un espace de circulation des corps, des voix et des langues. La musique live du saxophoniste Rapha\u00ebl Imbert insuffle un jazz inventif et puissant, tandis qu\u2019une sc\u00e9nographie hybride m\u00ealant projections et \u00e9pure visuelle \u00e9voque des paysages luxuriants et myst\u00e9rieux. <em><a href=\"https:\/\/umoove.art\/index.php\/2023\/09\/01\/tout-moun-hela-fattoumi-eric-lamoureux\/\" title=\"\">TOUT-MOUN<\/a><\/em> se d\u00e9ploie comme une ode vibrante \u00e0 la relation, port\u00e9e par l\u2019\u00e9nergie et la g\u00e9n\u00e9rosit\u00e9 d\u2019une jeunesse en mouvement.<\/p>\n\n\n\n<h3 class=\"wp-block-heading\">Cr\u00e9ation in\u00e9dite et jeunesse reli\u00e9e<\/h3>\n\n\n\n<p>Le second week-end est marqu\u00e9 par la pr\u00e9sentation de <em>Les Aura<\/em>s, cr\u00e9ation in\u00e9dite con\u00e7ue sp\u00e9cialement pour le mus\u00e9e et pr\u00e9sent\u00e9e au c\u0153ur du plateau des collections. Inspir\u00e9e par l\u2019architecture de Jean Nouvel et par les enveloppes translucides des vitrines \u2014 ces \u00ab auras \u00bb qui magnifient les \u0153uvres \u2014 la pi\u00e8ce convoque cinq danseurs et la voix singuli\u00e8re du contre-t\u00e9nor <strong>Serge Kakudji<\/strong>. Entre chant lyrique, chants swahili et gestes chor\u00e9graphiques impr\u00e9gn\u00e9s des pr\u00e9sences sculpturales des masques et statuettes, <em>Les Auras<\/em> instaure un dialogue sensible entre corps vivants et \u0153uvres patrimoniales.<\/p>\n\n\n\n<p>\u00c0 17h, <em>AKZAK \u2013 L\u2019impatience d\u2019une jeunesse reli\u00e9e<\/em> prolonge cette dynamique collective. N\u00e9e d\u2019une aventure humaine entre l\u2019Afrique et l\u2019Europe, la pi\u00e8ce rassemble neuf danseurs et un percussionniste issus de multiples horizons (Maroc, Tunisie, \u00c9gypte, Burkina Faso, Madagascar, France). Le terme \u00ab aksak \u00bb, qui d\u00e9signe un rythme \u00e0 contretemps, devient ici m\u00e9taphore d\u2019une jeunesse en qu\u00eate d\u2019\u00e9lan commun. La musique percussive de Xavier Desandre Navarre, les corps dansants et chantants, ainsi que les jeux de lumi\u00e8re cr\u00e9ent un voyage intense, o\u00f9 la vitalit\u00e9 collective se confronte \u00e0 des r\u00e9alit\u00e9s plus \u00e2pres, sans jamais perdre sa force d\u2019esp\u00e9rance.<\/p>\n\n\n\n<h3 class=\"wp-block-heading\">Un espace de r\u00e9flexion et de partage<\/h3>\n\n\n\n<p>La Carte blanche s\u2019enrichit \u00e9galement de temps de rencontre et de r\u00e9flexion. \u00c0 l\u2019issue des repr\u00e9sentations de <em>TOUT-MOUN<\/em> et <em>AKZAK<strong>, <\/strong><\/em>des bords plateau anim\u00e9s par le sociologue et sp\u00e9cialiste de la danse <strong>Patrick Germain-Thomas<\/strong> invitent le public \u00e0 prolonger l\u2019exp\u00e9rience artistique. Ces \u00e9changes seront suivis d\u2019une signature de son ouvrage <em>Po\u00e9tique des Ailleurs<\/em>. Enfin, la projection du documentaire <em>Danser sur les fronti\u00e8res<\/em> d\u2019\u00c9lise Darblay et Antoine Depeyre viendra \u00e9clairer les enjeux contemporains de la danse comme espace de circulation et de dialogue.<\/p>\n\n\n\n<p>\u00c0 travers cette Carte blanche, <strong>H\u00e9la Fattoumi et \u00c9ric Lamoureux<\/strong> offrent bien plus qu\u2019une programmation chor\u00e9graphique : une invitation \u00e0 penser le monde comme un espace de relations, de cr\u00e9olisation et de possibles partag\u00e9s.<\/p>\n\n\n\n<p><strong>C\u00e9dric Chaory<\/strong><\/p>\n\n\n\n<p><strong>\u00a9 Laurent Philippe &#8211; <em>TOUT MOUN <\/em>d&rsquo;H\u00e9la Fattoumi et Eric Lamoureux<\/strong><\/p>\n\n\n\n<p><a href=\"https:\/\/m.quaibranly.fr\/fr\/expositions-evenements\/au-musee\/spectacles-fetes-et-evenements\/spectacles\/details-de-levenement\/e\/invitation-a-hela-fattoumi-et-eric-lamoureux\">m.quaibranly.fr\/fr\/expositions-evenements\/au-musee\/spectacles-fetes-et-evenements\/spectacles\/details-de-levenement\/e\/invitation-a-hela-fattoumi-et-eric-lamoureux<\/a><\/p>\n\n\n\n<p><\/p>\n","protected":false},"excerpt":{"rendered":"<p>En f\u00e9vrier 2026, le mus\u00e9e du quai Branly \u2013 Jacques Chirac poursuit son cycle de \u00ab Cartes blanches \u00bb d\u00e9di\u00e9es \u00e0 de grandes figures de la danse contemporaine en invitant H\u00e9la Fattoumi et \u00c9ric Lamoureux pour deux week-ends exceptionnels plac\u00e9s sous le signe du m\u00e9tissage, de la relation et de la rencontre des imaginaires. Apr\u00e8s &hellip;<\/p>\n<p class=\"read-more\"> <a class=\"\" href=\"http:\/\/umoove.art\/index.php\/2026\/01\/28\/une-poetique-des-ailleurs-au-quai-branly\/\"> <span class=\"screen-reader-text\">Une Po\u00e9tique des Ailleurs au quai Branly<\/span> Lire la suite\u00a0\u00bb<\/a><\/p>\n","protected":false},"author":1,"featured_media":0,"comment_status":"closed","ping_status":"closed","sticky":false,"template":"","format":"standard","meta":{"site-sidebar-layout":"default","site-content-layout":"default","ast-global-header-display":"","ast-banner-title-visibility":"","ast-main-header-display":"","ast-hfb-above-header-display":"","ast-hfb-below-header-display":"","ast-hfb-mobile-header-display":"","site-post-title":"","ast-breadcrumbs-content":"","ast-featured-img":"","footer-sml-layout":"","theme-transparent-header-meta":"","adv-header-id-meta":"","stick-header-meta":"","header-above-stick-meta":"","header-main-stick-meta":"","header-below-stick-meta":"","footnotes":""},"categories":[52],"tags":[248,458,32,457,170,459],"class_list":["post-10584","post","type-post","status-publish","format-standard","hentry","category-annonce","tag-bintou-dembele","tag-eric-lamoureux","tag-fouad-boussouf","tag-hela-fattoumi","tag-leo-lerus","tag-musee-du-quai-branly"],"aioseo_notices":[],"_links":{"self":[{"href":"http:\/\/umoove.art\/index.php\/wp-json\/wp\/v2\/posts\/10584","targetHints":{"allow":["GET"]}}],"collection":[{"href":"http:\/\/umoove.art\/index.php\/wp-json\/wp\/v2\/posts"}],"about":[{"href":"http:\/\/umoove.art\/index.php\/wp-json\/wp\/v2\/types\/post"}],"author":[{"embeddable":true,"href":"http:\/\/umoove.art\/index.php\/wp-json\/wp\/v2\/users\/1"}],"replies":[{"embeddable":true,"href":"http:\/\/umoove.art\/index.php\/wp-json\/wp\/v2\/comments?post=10584"}],"version-history":[{"count":2,"href":"http:\/\/umoove.art\/index.php\/wp-json\/wp\/v2\/posts\/10584\/revisions"}],"predecessor-version":[{"id":10587,"href":"http:\/\/umoove.art\/index.php\/wp-json\/wp\/v2\/posts\/10584\/revisions\/10587"}],"wp:attachment":[{"href":"http:\/\/umoove.art\/index.php\/wp-json\/wp\/v2\/media?parent=10584"}],"wp:term":[{"taxonomy":"category","embeddable":true,"href":"http:\/\/umoove.art\/index.php\/wp-json\/wp\/v2\/categories?post=10584"},{"taxonomy":"post_tag","embeddable":true,"href":"http:\/\/umoove.art\/index.php\/wp-json\/wp\/v2\/tags?post=10584"}],"curies":[{"name":"wp","href":"https:\/\/api.w.org\/{rel}","templated":true}]}}